{"id":3632,"date":"2009-10-19T11:15:09","date_gmt":"2009-10-19T08:15:09","guid":{"rendered":"http:\/\/www.ced.org.tr\/?p=3632"},"modified":"2009-10-19T11:15:09","modified_gmt":"2009-10-19T08:15:09","slug":"saglikta-donusumun-magdurlari-kadikoy-meydanina-sigmadi","status":"publish","type":"post","link":"http:\/\/www.ced.org.tr\/?p=3632","title":{"rendered":"SA\u011eLIKTA D\u00d6N\u00dc\u015e\u00dcM\u00dcN MA\u011eDURLARI KADIK\u00d6Y MEYDANINA SI\u011eMADI!"},"content":{"rendered":"<p class=\"MsoNormal\" style=\"text-align: left; margin: 0cm 0cm 0pt;\"><span style=\"font-family: Times New Roman; color: #000000; font-size: small;\"><img loading=\"lazy\" decoding=\"async\" src=\"http:\/\/ced.org.tr\/v2\/images\/stories\/dernek\/masalbitti\/ana_resim.jpg\" border=\"0\" alt=\"miting\" width=\"556\" height=\"341\" \/><\/p>\n<p>AKP iktidar\u0131 eliyle uygulamaya konulan sa\u011fl\u0131kta d\u00f6n\u00fc\u015f\u00fcm politikalar\u0131n\u0131n ma\u011fdurlar\u0131 olan binlerce eczac\u0131, hekim, di\u015f hekimi, veteriner, hem\u015fire, sa\u011fl\u0131k \u00e7al\u0131\u015fan\u0131, teknisyen ve yurtta\u015flar Kad\u0131k\u00f6y meydan\u0131n\u0131 doldurdu.<\/span><\/p>\n<p class=\"MsoNormal\" style=\"margin: 0cm 0cm 0pt;\"><span style=\"font-family: Times New Roman; color: #000000; font-size: small;\">\u00a0<\/span><\/p>\n<p class=\"MsoNormal\" style=\"margin: 0cm 0cm 0pt;\"><span style=\"font-family: Times New Roman; color: #000000; font-size: small;\">Sa\u011fl\u0131k meslek odalar\u0131 bile\u015fenlerinin (\u0130stanbul Eczac\u0131 Odas\u0131, \u0130stanbul Tabip Odas\u0131, \u0130stanbul Di\u015f Hekimleri Odas\u0131, \u0130stanbul Veterinerler Odas\u0131) birlikte d\u00fczenledi\u011fi ve <strong style=\"mso-bidi-font-weight: normal;\">\u201cHerkese Sa\u011fl\u0131k ve G\u00fcvenli Gelecek\u201d<\/strong> platformuna \u00fcye sivil toplum \u00f6rg\u00fctleri ile siyasi partilerin yan\u0131nda, TEB merkez heyeti Ba\u015fkan ve \u00fcyeleri,\u00a0Tekirda\u011f, Edirne, K\u0131rklareli, Mardin,\u00a0Batman, Malatya,\u00a0Konya, K\u00fctahya, Eski\u015fehir, Osmaniye, Isparta, Samsun\u00a0Eczac\u0131 Oda Ba\u015fkan ve y\u00f6neticilerinin kat\u0131ld\u0131\u011f\u0131, Bursa, Kocaeli ve Diyarbak\u0131r Eczac\u0131 Odalar\u0131\u2019n\u0131n kitlesel destek verdi\u011fi <strong style=\"mso-bidi-font-weight: normal;\">\u201cSa\u011fl\u0131k Hakk\u0131\u201d<\/strong> mitingi; kitlesel kat\u0131l\u0131m\u0131, d\u00f6vizleri, pankartlar\u0131 ve mesajlar\u0131 ile olduk\u00e7a renkli ve co\u015fkulu bir miting oldu.<\/span><\/p>\n<p class=\"MsoNormal\" style=\"margin: 0cm 0cm 0pt;\"><span style=\"font-family: Times New Roman; color: #000000; font-size: small;\">\u00a0<\/span><\/p>\n<p class=\"MsoNormal\" style=\"margin: 0cm 0cm 0pt;\">\u00a0<\/p>\n<p class=\"MsoNormal\" style=\"margin: 0cm 0cm 0pt;\"><span style=\"font-family: Times New Roman; color: #000000; font-size: small;\">Sa\u011fl\u0131k alan\u0131nda hizmet \u00fcreten farkl\u0131 meslek gruplar\u0131n\u0131n ve sa\u011fl\u0131k \u00e7al\u0131\u015fanlar\u0131n\u0131n \u201cSa\u011fl\u0131k Hakk\u0131\u201d mitinginde bir araya gelmesi sa\u011fl\u0131kta d\u00f6n\u00fc\u015f\u00fcm\u00fcn yol a\u00e7t\u0131\u011f\u0131 ma\u011fduriyeti tek kelimeyle ifade etmeye yetiyordu.<\/span><\/p>\n<p class=\"MsoNormal\" style=\"margin: 0cm 0cm 0pt;\"><span style=\"font-family: Times New Roman; color: #000000; font-size: small;\">\u00a0<\/span><\/p>\n<p class=\"MsoNormal\" style=\"margin: 0cm 0cm 0pt;\"><span style=\"font-family: Times New Roman; color: #000000; font-size: small;\">Saat 13:00\u2019da Haydarpa\u015fa Gata ve Nautilus\u2019dan Kad\u0131k\u00f6y meydan\u0131na do\u011fru hareket eden binlerce sa\u011fl\u0131k \u00e7al\u0131\u015fan\u0131 h\u00fck\u00fcmetin sa\u011fl\u0131k politikas\u0131n\u0131 protesto ettiler. G\u00fczerg\u00e2h boyunca s\u0131k s\u0131k \u201cSa\u011fl\u0131k Hakt\u0131r Sat\u0131lamaz\u201d, \u201cIMF Sa\u011fl\u0131ktan Elini \u00c7ek\u201d, \u201cMuayene \u00dccretleri Kald\u0131r\u0131ls\u0131n\u201d, \u201cSGK Bizi Susturamazs\u0131n\u201d, \u201cHerkese E\u015fit Paras\u0131z Sa\u011fl\u0131k\u201d, \u201cMeslek Hakk\u0131m\u0131 \u0130stiyorum\u201d, \u201cSa\u011fl\u0131kta D\u00f6n\u00fc\u015f\u00fcm Bahane Parayla Sa\u011fl\u0131k \u015eahane\u201d, \u201cSa\u011fl\u0131k Deyip Geldiler Sa\u011fl\u0131kla Gidecekler\u201d sloganlar\u0131 at\u0131ld\u0131.<\/span><\/p>\n<p class=\"MsoNormal\" style=\"margin: 0cm 0cm 0pt;\"><span style=\"font-family: Times New Roman; color: #000000; font-size: small;\">\u00a0<\/span><\/p>\n<p class=\"MsoNormal\" style=\"margin: 0cm 0cm 0pt;\"><span style=\"font-family: Times New Roman; color: #000000; font-size: small;\">Saatler 13:30\u2019u g\u00f6sterdi\u011finde Kad\u0131k\u00f6y meydan\u0131 h\u0131nca h\u0131n\u00e7 doluydu. Mitinge kat\u0131lan sivil toplum \u00f6rg\u00fct\u00fc temsilcilerinin tan\u0131t\u0131m\u0131ndan sonra \u0130stanbul Eczac\u0131 Odas\u0131 Genel Sekreteri Dr. H\u00fcseyin Demirdizen\u2019e s\u00f6z verildi. Demirdizen sa\u011fl\u0131k meslek odalar\u0131 ve di\u011fer sa\u011fl\u0131k bile\u015fenlerinin haz\u0131rlad\u0131\u011f\u0131 ortak bildiriyi okudu.<\/span><\/p>\n<p class=\"MsoNormal\" style=\"margin: 0cm 0cm 0pt;\"><span style=\"font-family: Times New Roman; color: #000000; font-size: small;\">\u00a0<\/span><\/p>\n<p class=\"MsoNormal\" style=\"margin: 0cm 0cm 0pt;\"><span style=\"font-family: Times New Roman; color: #000000; font-size: small;\">Dr. H\u00fcseyin Demirdizen konu\u015fma metninde \u00f6zetle \u015funlar\u0131 dile getirdi;<\/span><\/p>\n<p class=\"MsoNormal\" style=\"margin: 0cm 0cm 0pt;\"><span style=\"font-family: Times New Roman; color: #000000; font-size: small;\">\u00a0<\/span><\/p>\n<p class=\"MsoNormal\" style=\"margin: 0cm 0cm 0pt;\"><span style=\"font-family: Times New Roman; color: #000000; font-size: small;\">\u201cVatanda\u015f\u0131m\u0131z\u0131n ve T\u00fcrkiye\u2019nin sa\u011fl\u0131\u011f\u0131 k\u00f6t\u00fcye gidiyor. Susmayaca\u011f\u0131z. Bu nedenle vatanda\u015f\u0131n cebine\/sa\u011fl\u0131\u011f\u0131na, sa\u011fl\u0131k \u00e7al\u0131\u015fanlar\u0131n\u0131n eme\u011fine g\u00f6z dikenlere dur demek i\u00e7in buraday\u0131z.<\/span><\/p>\n<p class=\"MsoNormal\" style=\"margin: 0cm 0cm 0pt;\"><span style=\"font-family: Times New Roman; color: #000000; font-size: small;\">\u00a0<\/span><\/p>\n<p class=\"MsoNormal\" style=\"margin: 0cm 0cm 0pt;\"><span style=\"font-family: Times New Roman; color: #000000; font-size: small;\">GSS\u2019nin mumu yats\u0131ya kadar bile yanamad\u0131. Bir y\u0131lda s\u00f6nd\u00fc. Soruyoruz: Hani herkes sigortal\u0131 olacak, sa\u011fl\u0131k g\u00fcvencesine kavu\u015facak; t\u00fcm sa\u011fl\u0131k hizmetleri GSS kapsam\u0131nda olacak; vatanda\u015flara hi\u00e7bir ek y\u00fck getirilmeyecek, sa\u011fl\u0131k i\u00e7in n\u00fcfus c\u00fczdan\u0131 yeterli olacakt\u0131.<\/span><\/p>\n<p class=\"MsoNormal\" style=\"margin: 0cm 0cm 0pt;\"><span style=\"font-family: Times New Roman; color: #000000; font-size: small;\">\u00a0<\/span><\/p>\n<p class=\"MsoNormal\" style=\"margin: 0cm 0cm 0pt;\"><span style=\"font-family: Times New Roman; color: #000000; font-size: small;\">SGK Ferman\u0131; \u015fimdilik; \u201csa\u011fl\u0131k ocaklar\u0131 ve aile hekimlerine 2 lira, devlet hastanelerine 8 lira, \u00f6zel hastanelere gidenden 15 lira ayak bast\u0131 paras\u0131 al\u0131n\u201d<\/span><\/p>\n<p class=\"MsoNormal\" style=\"margin: 0cm 0cm 0pt;\"><span style=\"font-family: Times New Roman; color: #000000; font-size: small;\">\u00a0<\/span><\/p>\n<p class=\"MsoNormal\" style=\"margin: 0cm 0cm 0pt;\"><span style=\"font-family: Times New Roman; color: #000000; font-size: small;\">\u201cFakir fukara, garip gureba\u201d edebiyat\u0131 ile iktidara gelenler kimsenin g\u00f6z\u00fcn\u00fcn ya\u015f\u0131na bakmad\u0131. Ayl\u0131k geliri asgari \u00fccretin \u00fc\u00e7te birinden az olan; b\u0131rak\u0131n yoksulluk s\u0131n\u0131r\u0131n\u0131, a\u00e7l\u0131k s\u0131n\u0131r\u0131n\u0131n bile alt\u0131nda ya\u015fayanlar da dahil herkes bu paralar\u0131 \u00f6demek zorunda.<\/span><\/p>\n<p class=\"MsoNormal\" style=\"margin: 0cm 0cm 0pt;\"><span style=\"font-family: Times New Roman; color: #000000; font-size: small;\">\u00a0<\/span><\/p>\n<p class=\"MsoNormal\" style=\"margin: 0cm 0cm 0pt;\"><span style=\"font-family: Times New Roman; color: #000000; font-size: small;\">T\u00fcrkiye\u2019nin sa\u011fl\u0131k sistemi \u00f6zelle\u015ftiriliyor, piyasaya a\u00e7\u0131l\u0131yor. Hastalar m\u00fc\u015fteriye d\u00f6n\u00fc\u015ft\u00fcr\u00fcl\u00fcyor.<\/span><\/p>\n<p class=\"MsoNormal\" style=\"margin: 0cm 0cm 0pt;\"><span style=\"font-family: Times New Roman; color: #000000; font-size: small;\">Hekimi, eczac\u0131s\u0131, di\u015f hekimi, veterineri, hem\u015firesi, teknisyeni b\u00fct\u00fcn sa\u011fl\u0131k \u00e7al\u0131\u015fanlar\u0131 gelece\u011finden endi\u015fe duyuyor.<\/span><\/p>\n<p class=\"MsoNormal\" style=\"margin: 0cm 0cm 0pt;\"><span style=\"font-family: Times New Roman; color: #000000; font-size: small;\">\u00a0<\/span><\/p>\n<p class=\"MsoNormal\" style=\"margin: 0cm 0cm 0pt;\"><span style=\"font-family: Times New Roman; color: #000000; font-size: small;\">Sa\u011fl\u0131\u011f\u0131n yolunun bar\u0131\u015f ve demokrasiden ge\u00e7ti\u011fini bilenler olarak, sosyal ve toplumsal hayatta g\u00fcven, dostluk ve karde\u015fli\u011fin hakim k\u0131l\u0131nmad\u0131\u011f\u0131 bir \u00fclkede sa\u011fl\u0131k hakk\u0131ndan da s\u00f6z edilemeyece\u011fini\u201d s\u00f6yledi.<\/span><\/p>\n<p class=\"MsoNormal\" style=\"margin: 0cm 0cm 0pt;\"><span style=\"font-family: Times New Roman; color: #000000; font-size: small;\">\u00a0<\/span><\/p>\n<p class=\"MsoNormal\" style=\"margin: 0cm 0cm 0pt;\"><span style=\"font-family: Times New Roman; color: #000000; font-size: small;\">Dr. H\u00fcseyin Demirdizen\u2019den sonra \u0130stanbul Eczac\u0131 Odas\u0131 Ba\u015fkan\u0131 Semih G\u00fcng\u00f6r\u2019e s\u00f6z verildi.<\/span><\/p>\n<p class=\"MsoNormal\" style=\"margin: 0cm 0cm 0pt;\"><span style=\"font-family: Times New Roman; color: #000000; font-size: small;\">\u00a0<\/span><\/p>\n<p class=\"MsoNormal\" style=\"margin: 0cm 0cm 0pt;\"><span style=\"font-family: Times New Roman; color: #000000; font-size: small;\">G\u00fcng\u00f6r konu\u015fmas\u0131nda; \u201csa\u011fl\u0131kta d\u00f6n\u00fc\u015f\u00fcm\u00fcn sa\u011fl\u0131kta y\u0131k\u0131ma yol a\u00e7t\u0131\u011f\u0131n\u0131 s\u00f6yledi. Son d\u00f6nemde ila\u00e7 ve eczac\u0131l\u0131k alan\u0131nda ya\u015fanan geli\u015fmelere dikkat \u00e7eken G\u00fcng\u00f6r; \u0130la\u00e7 Fiyat Kararnamesi ve Sa\u011fl\u0131k Uygulama Tebli\u011fi\u2019nde yap\u0131lan de\u011fi\u015fikliklerin gerek hastalar\u0131 gerekse eczac\u0131lar\u0131 ciddi bir \u015fekilde ma\u011fdur etti\u011fini eczac\u0131lar\u0131n sistemin veznedarlar\u0131 haline getirildi\u011fini, eczanelerin a\u011f\u0131rl\u0131kl\u0131 bir b\u00f6l\u00fcm\u00fcn\u00fcn iflas\u0131n e\u015f\u011fine geldi\u011finin alt\u0131n\u0131 \u00e7izerek h\u00fck\u00fcmeti uyar\u0131yoruz; bu \u0130la\u00e7 Fiyat Kararnamesi ve bu SUT\u2019la sa\u011fl\u0131k hizmeti verilemez\u201d dedi.<\/span><\/p>\n<p class=\"MsoNormal\" style=\"margin: 0cm 0cm 0pt;\"><span style=\"font-family: Times New Roman; color: #000000; font-size: small;\">\u00a0<\/span><\/p>\n<p class=\"MsoNormal\" style=\"margin: 0cm 0cm 0pt;\"><span style=\"font-family: Times New Roman; color: #000000; font-size: small;\">Di\u011fer sa\u011fl\u0131k meslek \u00f6rg\u00fctlerinin temsilcilerinin konu\u015fmalar\u0131ndan sonra miting Bandista konseriyle sona erdi.<\/span><\/p>\n<p class=\"MsoNormal\" style=\"margin: 0cm 0cm 0pt;\"><span style=\"font-family: Times New Roman; color: #000000; font-size: small;\">\u00a0<\/span><\/p>\n<p class=\"MsoNormal\" style=\"margin: 0cm 0cm 0pt;\"><span style=\"font-family: Times New Roman; color: #000000; font-size: small;\">Dr. H\u00fcseyin Demirdizen\u2019in tam konu\u015fma metni i\u00e7in <a href=\"images\/stories\/dernek\/drhuseyindemirdizen_18102009.doc\" target=\"_blank\" title=\"metin\">t\u0131klay\u0131n\u0131z<\/a>.<\/span><\/p>\n<p class=\"MsoNormal\" style=\"margin: 0cm 0cm 0pt;\"><span style=\"font-family: Times New Roman; color: #000000; font-size: small;\">\u0130EO Ba\u015fkan\u0131 Semih G\u00fcng\u00f6r\u2019\u00fcn tam konu\u015fma metni i\u00e7in <a href=\"images\/stories\/dernek\/semihgungor_181009.doc\" target=\"_blank\" title=\"metin\">t\u0131klay\u0131n\u0131z<\/a>.<\/p>\n<p>{yoogallery src=[\/images\/stories\/dernek\/masalbitti\/]\u00a0title=[Sa\u011fl\u0131kta Masal Bitti]} <\/span><\/p>\n","protected":false},"excerpt":{"rendered":"<p>AKP iktidar\u0131 eliyle uygulamaya konulan sa\u011fl\u0131kta d\u00f6n\u00fc\u015f\u00fcm politikalar\u0131n\u0131n ma\u011fdurlar\u0131 olan binlerce eczac\u0131, hekim, di\u015f hekimi, veteriner, hem\u015fire, sa\u011fl\u0131k \u00e7al\u0131\u015fan\u0131, teknisyen&#46;&#46;&#46;<\/p>\n","protected":false},"author":1,"featured_media":0,"comment_status":"closed","ping_status":"closed","sticky":false,"template":"","format":"standard","meta":{"_jetpack_memberships_contains_paid_content":false,"footnotes":""},"categories":[1],"tags":[],"class_list":["post-3632","post","type-post","status-publish","format-standard","hentry","category-ced"],"aioseo_notices":[],"jetpack_featured_media_url":"","jetpack_sharing_enabled":true,"jetpack-related-posts":[],"_links":{"self":[{"href":"http:\/\/www.ced.org.tr\/index.php?rest_route=\/wp\/v2\/posts\/3632","targetHints":{"allow":["GET"]}}],"collection":[{"href":"http:\/\/www.ced.org.tr\/index.php?rest_route=\/wp\/v2\/posts"}],"about":[{"href":"http:\/\/www.ced.org.tr\/index.php?rest_route=\/wp\/v2\/types\/post"}],"author":[{"embeddable":true,"href":"http:\/\/www.ced.org.tr\/index.php?rest_route=\/wp\/v2\/users\/1"}],"replies":[{"embeddable":true,"href":"http:\/\/www.ced.org.tr\/index.php?rest_route=%2Fwp%2Fv2%2Fcomments&post=3632"}],"version-history":[{"count":0,"href":"http:\/\/www.ced.org.tr\/index.php?rest_route=\/wp\/v2\/posts\/3632\/revisions"}],"wp:attachment":[{"href":"http:\/\/www.ced.org.tr\/index.php?rest_route=%2Fwp%2Fv2%2Fmedia&parent=3632"}],"wp:term":[{"taxonomy":"category","embeddable":true,"href":"http:\/\/www.ced.org.tr\/index.php?rest_route=%2Fwp%2Fv2%2Fcategories&post=3632"},{"taxonomy":"post_tag","embeddable":true,"href":"http:\/\/www.ced.org.tr\/index.php?rest_route=%2Fwp%2Fv2%2Ftags&post=3632"}],"curies":[{"name":"wp","href":"https:\/\/api.w.org\/{rel}","templated":true}]}}