{"id":3633,"date":"2009-10-21T10:50:52","date_gmt":"2009-10-21T07:50:52","guid":{"rendered":"http:\/\/www.ced.org.tr\/?p=3633"},"modified":"2009-10-21T10:50:52","modified_gmt":"2009-10-21T07:50:52","slug":"eczaci-odalarindan-ilac-fiyat-karari-ve-sutda-yapilan-degisikliklerle-ilgili-ortak-degerlendirme","status":"publish","type":"post","link":"http:\/\/www.ced.org.tr\/?p=3633","title":{"rendered":"ECZACI ODALARINDAN &#8220;\u0130LA\u00c7 F\u0130YAT KARARI VE SUT\u2019DA&#8221; YAPILAN DE\u011e\u0130\u015e\u0130KL\u0130KLERLE \u0130LG\u0130L\u0130 ORTAK DE\u011eERLEND\u0130RME"},"content":{"rendered":"<p class=\"MsoNormal\" style=\"margin: 0cm 0cm 0pt;\"><span style=\"font-family: Times New Roman; color: #000000; font-size: small;\">18 Eyl\u00fcl 2009 tarihinde yay\u0131nlanan ve 2 Kas\u0131m\u2019da y\u00fcr\u00fcrl\u00fc\u011fe girecek olan \u0130la\u00e7 Fiyat Kararnamesi ve Sa\u011fl\u0131k Uygulama Tebli\u011fi&#8217;nde yap\u0131lan de\u011fi\u015fiklikler ve olas\u0131 sonu\u00e7lar\u0131 hakk\u0131nda; \u0130stanbul Eczac\u0131 Odas\u0131, \u0130zmir Eczac\u0131 Odas\u0131, Bursa Eczac\u0131 Odas\u0131, Gaziantep Eczac\u0131 Odas\u0131, Zonguldak Eczac\u0131 Odas\u0131, Mersin Eczac\u0131 Odas\u0131, Kocaeli Eczac\u0131 Odas\u0131\u2019n\u0131n \u201c18 EYL\u00dcL 2009 F\u0130YAT KARARNAMES\u0130 ve SA\u011eLIK UYGULAMA TEBL\u0130\u011e\u0130\u2019NDE YAPILAN DE\u011e\u0130\u015e\u0130KL\u0130KLER ve OLASI SONU\u00c7LARI\u201d ba\u015fl\u0131kl\u0131 ortak \u00e7al\u0131\u015fmas\u0131 de\u011ferlendirilmek \u00fczere TEB\u2019e\u00a0 ve eczac\u0131 odalar\u0131na g\u00f6nderildi.<\/span><\/p>\n<p class=\"MsoNormal\" style=\"margin: 0cm 0cm 0pt;\"><span style=\"font-family: Times New Roman; color: #000000; font-size: small;\">\u00a0<\/span><\/p>\n<p class=\"MsoNormal\" style=\"margin: 0cm 0cm 0pt;\"><span style=\"font-family: Times New Roman; color: #000000; font-size: small;\">\u00c7al\u0131\u015fma metni i\u00e7in <a href=\"images\/stories\/dernek\/20091020_kararnamevecalisma.pps\" target=\"_blank\" title=\"sunum\">t\u0131klay\u0131n\u0131z<\/a>.\u00a0<\/span><\/p>\n","protected":false},"excerpt":{"rendered":"<p>18 Eyl\u00fcl 2009 tarihinde yay\u0131nlanan ve 2 Kas\u0131m\u2019da y\u00fcr\u00fcrl\u00fc\u011fe girecek olan \u0130la\u00e7 Fiyat Kararnamesi ve Sa\u011fl\u0131k Uygulama Tebli\u011fi&#8217;nde yap\u0131lan de\u011fi\u015fiklikler&#46;&#46;&#46;<\/p>\n","protected":false},"author":1,"featured_media":0,"comment_status":"closed","ping_status":"closed","sticky":false,"template":"","format":"standard","meta":{"_jetpack_memberships_contains_paid_content":false,"footnotes":""},"categories":[1],"tags":[],"class_list":["post-3633","post","type-post","status-publish","format-standard","hentry","category-ced"],"aioseo_notices":[],"jetpack_featured_media_url":"","jetpack_sharing_enabled":true,"jetpack-related-posts":[],"_links":{"self":[{"href":"http:\/\/www.ced.org.tr\/index.php?rest_route=\/wp\/v2\/posts\/3633","targetHints":{"allow":["GET"]}}],"collection":[{"href":"http:\/\/www.ced.org.tr\/index.php?rest_route=\/wp\/v2\/posts"}],"about":[{"href":"http:\/\/www.ced.org.tr\/index.php?rest_route=\/wp\/v2\/types\/post"}],"author":[{"embeddable":true,"href":"http:\/\/www.ced.org.tr\/index.php?rest_route=\/wp\/v2\/users\/1"}],"replies":[{"embeddable":true,"href":"http:\/\/www.ced.org.tr\/index.php?rest_route=%2Fwp%2Fv2%2Fcomments&post=3633"}],"version-history":[{"count":0,"href":"http:\/\/www.ced.org.tr\/index.php?rest_route=\/wp\/v2\/posts\/3633\/revisions"}],"wp:attachment":[{"href":"http:\/\/www.ced.org.tr\/index.php?rest_route=%2Fwp%2Fv2%2Fmedia&parent=3633"}],"wp:term":[{"taxonomy":"category","embeddable":true,"href":"http:\/\/www.ced.org.tr\/index.php?rest_route=%2Fwp%2Fv2%2Fcategories&post=3633"},{"taxonomy":"post_tag","embeddable":true,"href":"http:\/\/www.ced.org.tr\/index.php?rest_route=%2Fwp%2Fv2%2Ftags&post=3633"}],"curies":[{"name":"wp","href":"https:\/\/api.w.org\/{rel}","templated":true}]}}