{"id":3635,"date":"2009-10-22T11:22:18","date_gmt":"2009-10-22T08:22:18","guid":{"rendered":"http:\/\/www.ced.org.tr\/?p=3635"},"modified":"2009-10-22T11:22:18","modified_gmt":"2009-10-22T08:22:18","slug":"yeni-kararnamenin-yururluk-tarihi-4-aralik-2009a-uzatildi","status":"publish","type":"post","link":"http:\/\/www.ced.org.tr\/?p=3635","title":{"rendered":"YEN\u0130 KARARNAMEN\u0130N Y\u00dcR\u00dcRL\u00dcK TAR\u0130H\u0130 4 ARALIK 2009\u2019a UZATILDI"},"content":{"rendered":"<p class=\"MsoNormal\" style=\"margin: 0cm 0cm 0pt;\"><span style=\"font-family: Times New Roman; color: #000000; font-size: small;\">\u0130la\u00e7 ve Eczac\u0131l\u0131k Genel M\u00fcd\u00fcrl\u00fc\u011f\u00fc; 18 Eyl\u00fcl 2009 tarihli ve 27353 say\u0131l\u0131 Resmi Gazete\u2019de yay\u0131mlanan ve 2 Kas\u0131m 2009 tarihinde y\u00fcr\u00fcrl\u00fc\u011fe girece\u011fi ilan edilen \u201dBe\u015feri \u0130la\u00e7lar\u0131n Fiyatland\u0131r\u0131lmas\u0131na dair kararda de\u011fi\u015fiklik yap\u0131lmas\u0131 hakk\u0131nda karar\u0131n\u201d y\u00fcr\u00fcrl\u00fck tarihini 4 Aral\u0131k 2009\u2019a erteledi\u011fini a\u00e7\u0131klad\u0131. Bu karara istinaden %60 referans fiyat oran\u0131na g\u00f6re yeniden d\u00fczenlenen ila\u00e7 fiyat listesi de yay\u0131nlad\u0131.<\/span><\/p>\n<p class=\"MsoNormal\" style=\"margin: 0cm 0cm 0pt;\"><span style=\"font-family: Times New Roman; color: #000000; font-size: small;\">\u00a0<\/span><\/p>\n<p class=\"MsoNormal\" style=\"margin: 0cm 0cm 0pt;\"><span style=\"font-family: Times New Roman; color: #000000; font-size: small;\">Fiyat d\u00fc\u015f\u00fc\u015flerinden etkilenmeyecek ancak sa\u011fl\u0131k uygulama tebli\u011finde yap\u0131lan de\u011fi\u015fiklikle kamu kurum iskontosu %11\u2019den %24\u2019de \u00e7\u0131kar\u0131lacak ila\u00e7lar ile ilgili belirsizlik ise s\u00fcr\u00fcyor.<\/p>\n<p>Bilindi\u011fi gibi de\u011fi\u015ftirilen ila\u00e7 fiyat kararnamesine paralel olarak SUT\u2019da yap\u0131lan de\u011fi\u015fikliklerle \u201c20 y\u0131ll\u0131k olarak belirlenmi\u015f ila\u00e7lardan e\u015fde\u011fer grubu olup PSF\u2019si 10.00 TL\u2019nin \u00fczerinde olan ila\u00e7larla, sa\u011fl\u0131k bakanl\u0131\u011f\u0131nca belirlenen jeneri\u011fi olmayan orijinal ila\u00e7lar i\u00e7in\u00a0%24 iskonto (baz iskonto %11 + %13 ilave iskonto) oran\u0131 belirlenmi\u015f ve SGK yay\u0131nlad\u0131\u011f\u0131 bir tebli\u011f ile uygulaman\u0131n 2 Kas\u0131m 2009 tarihinde y\u00fcr\u00fcl\u00fc\u011fe girece\u011fini ilan etmi\u015fti. Bu konu ile ilgili hen\u00fcz bir netlik yok. Belirsizlik durumu s\u00fcr\u00fcyor.\u00a0Yakla\u015f\u0131k 900 kalem orijinal ilac\u0131 ilgilendiren bu uygulama ile ilgili sekt\u00f6r ile SGK aras\u0131nda bir uzla\u015fman\u0131n olmad\u0131\u011f\u0131 anla\u015f\u0131l\u0131yor.<\/span><\/p>\n<p class=\"MsoNormal\" style=\"margin: 0cm 0cm 0pt;\"><span style=\"font-family: Times New Roman; color: #000000; font-size: small;\">\u00a0<\/span><\/p>\n<p class=\"MsoNormal\" style=\"margin: 0cm 0cm 0pt;\"><span style=\"font-family: Times New Roman; color: #000000; font-size: small;\">Yeni kararnamenin 4 Aral\u0131k 2009 tarihine uzat\u0131lmas\u0131na ra\u011fmen eczac\u0131lar bak\u0131m\u0131ndan de\u011fi\u015fen bir \u015fey yok. Kararnamenin yol a\u00e7aca\u011f\u0131 maliyetin y\u00fck\u00fc t\u00fcm a\u011f\u0131rl\u0131\u011f\u0131 ile ortada duruyor.<\/p>\n<p><\/span><\/p>\n<h5 class=\"MsoNormal\" style=\"margin: 0cm 0cm 0pt;\">\u0130la\u00e7 ve Eczac\u0131l\u0131k Genel M\u00fcd\u00fcrl\u00fc\u011f\u00fc taraf\u0131ndan 21 Ekim 2009 tarihinde yay\u0131nlanan 2304 kalem ilac\u0131n fiyat\u0131n\u0131n d\u00fc\u015fece\u011fi a\u00e7\u0131klanm\u0131\u015ft\u0131r. Ancak bu listedeki 613 kalem ilac\u0131n fiyat\u0131n\u0131n de\u011fi\u015fmedi\u011fi,1691 kalem ilac\u0131n fiyat\u0131n\u0131n ise d\u00fc\u015ft\u00fc\u011f\u00fc g\u00f6r\u00fclmektedir. Bu ila\u00e7lar\u0131n jenerik ve orijinal olarak ayr\u0131lm\u0131\u015f listesini a\u015fa\u011f\u0131da yay\u0131nl\u0131yoruz.<\/h5>\n<p class=\"MsoNormal\" style=\"margin: 0cm 0cm 0pt;\">\u00a0<\/p>\n<p class=\"MsoNormal\" style=\"margin: 0cm 0cm 0pt;\">Liste i\u00e7in <a href=\"images\/stories\/dernek\/21ekim2009.xls\" target=\"_blank\" title=\"liste\">t\u0131klay\u0131n\u0131z<\/a>.<\/p>\n","protected":false},"excerpt":{"rendered":"<p>\u0130la\u00e7 ve Eczac\u0131l\u0131k Genel M\u00fcd\u00fcrl\u00fc\u011f\u00fc; 18 Eyl\u00fcl 2009 tarihli ve 27353 say\u0131l\u0131 Resmi Gazete\u2019de yay\u0131mlanan ve 2 Kas\u0131m 2009 tarihinde&#46;&#46;&#46;<\/p>\n","protected":false},"author":1,"featured_media":0,"comment_status":"closed","ping_status":"closed","sticky":false,"template":"","format":"standard","meta":{"_jetpack_memberships_contains_paid_content":false,"footnotes":""},"categories":[1],"tags":[],"class_list":["post-3635","post","type-post","status-publish","format-standard","hentry","category-ced"],"aioseo_notices":[],"jetpack_featured_media_url":"","jetpack_sharing_enabled":true,"jetpack-related-posts":[],"_links":{"self":[{"href":"http:\/\/www.ced.org.tr\/index.php?rest_route=\/wp\/v2\/posts\/3635","targetHints":{"allow":["GET"]}}],"collection":[{"href":"http:\/\/www.ced.org.tr\/index.php?rest_route=\/wp\/v2\/posts"}],"about":[{"href":"http:\/\/www.ced.org.tr\/index.php?rest_route=\/wp\/v2\/types\/post"}],"author":[{"embeddable":true,"href":"http:\/\/www.ced.org.tr\/index.php?rest_route=\/wp\/v2\/users\/1"}],"replies":[{"embeddable":true,"href":"http:\/\/www.ced.org.tr\/index.php?rest_route=%2Fwp%2Fv2%2Fcomments&post=3635"}],"version-history":[{"count":0,"href":"http:\/\/www.ced.org.tr\/index.php?rest_route=\/wp\/v2\/posts\/3635\/revisions"}],"wp:attachment":[{"href":"http:\/\/www.ced.org.tr\/index.php?rest_route=%2Fwp%2Fv2%2Fmedia&parent=3635"}],"wp:term":[{"taxonomy":"category","embeddable":true,"href":"http:\/\/www.ced.org.tr\/index.php?rest_route=%2Fwp%2Fv2%2Fcategories&post=3635"},{"taxonomy":"post_tag","embeddable":true,"href":"http:\/\/www.ced.org.tr\/index.php?rest_route=%2Fwp%2Fv2%2Ftags&post=3635"}],"curies":[{"name":"wp","href":"https:\/\/api.w.org\/{rel}","templated":true}]}}