{"id":3636,"date":"2009-10-31T13:57:34","date_gmt":"2009-10-31T11:57:34","guid":{"rendered":"http:\/\/www.ced.org.tr\/?p=3636"},"modified":"2009-10-31T13:57:34","modified_gmt":"2009-10-31T11:57:34","slug":"kasim-ayi-sgk-koli-teslimat-programi","status":"publish","type":"post","link":"http:\/\/www.ced.org.tr\/?p=3636","title":{"rendered":"Kas\u0131m Ay\u0131 SGK Koli Teslimat Program\u0131"},"content":{"rendered":"<p><strong>HAZ\u0130RAN AYINDA DUYURUSU YAPILARAK S\u00d6ZLE\u015eMEL\u0130 ECZANELERDEN HER FATURA EK\u0130NDE \u0130STENMES\u0130 PLANLANAN PR\u0130M BORCU YOKTUR YAZILARI; MERKEZ M\u00dcD\u00dcRL\u00dc\u011e\u00dcM\u00dcZ TARAFINDAN GEREKL\u0130 D\u00dcZENLEMELER\u0130N TAMAMLANMASI SEBEB\u0130YLE KOL\u0130 TESL\u0130MATI SIRASINDA ARANMAYACAKTIR.<\/strong><\/p>\n<p>T\u00fcm \u0130stanbul \u0130li s\u00f6zle\u015fmeli eczaneleri ile Trakya illeri s\u00f6zle\u015fmeli eczaneleri kolilerini Bayrampa\u015fa re\u00e7ete inceleme ve depomuzda a\u015fa\u011f\u0131daki programa g\u00f6re, t\u00fcm kurumlar i\u00e7in birle\u015ftirilmi\u015f \u015fekilde teslim edeceklerdir. Gereksiz y\u0131\u011f\u0131lman\u0131n olu\u015fmamas\u0131 i\u00e7in eczac\u0131lar\u0131m\u0131z\u0131n programa uymalar\u0131n\u0131 rica ederiz. Koliler S\u00f6zle\u015fmeli Eczac\u0131 haricindeki ki\u015filerce de teslim edilebilir. Serbest g\u00fcnlerde koli al\u0131m\u0131 saat 09.00 &#8216;da ba\u015flayacak 15.30&#8217;a kadar gelenlerin kolileri al\u0131nacak, 16.00 itibari ile koli al\u0131m i\u015flemi sonland\u0131r\u0131lacakt\u0131r.<\/p>\n<p>Numaral\u0131 g\u00fcnlerde koli al\u0131m\u0131 saat 09.00 &#8216;da ba\u015flayacak 16.00&#8217;a kadar gelenlerin kolileri al\u0131nacak, 16.30 itibari ile koli al\u0131m i\u015flemi sonland\u0131r\u0131lacakt\u0131r.<\/p>\n<p>T\u00fcm duyurular\u0131m\u0131za ra\u011fmen kolilerini taraf\u0131m\u0131zca duyurulan kriterlere uygun haz\u0131rlamayan S\u00f6zle\u015fmeli Eczanelerimiz nedeniyle istenmeyen gecikmeler olu\u015fabilmektedir. <\/p>\n<p>Bu nedenlerle ge\u00e7mi\u015f d\u00f6nemlerde oldu\u011fu gibi bu d\u00f6nemde de teslim g\u00fcnlerine azami \u00f6zen g\u00f6stermeniz, kolilerinizi dikkatli ve eksiksiz haz\u0131rlaman\u0131z, Bayrampa\u015fa depomuzda sizlere hizmet veren personelimize yard\u0131mc\u0131 olman\u0131z\u0131 rica ederiz.<\/p>\n<p>2-3-4 Kas\u0131m (Pazartesi-Sal\u0131-\u00c7ar\u015famba)<br \/>Bu tarihe kadar sadece zorunlu durumlarda s\u00f6zle\u015fme numaras\u0131 d\u00fczenine ba\u011fl\u0131 olmaks\u0131z\u0131n t\u00fcm s\u00f6zle\u015fmeli eczanelerimiz koli teslim edebileceklerdir.<\/p>\n<p>Koli teslim d\u00f6nemi gelen eczaneler 1 g\u00fcn \u00f6ncesinde ve ayn\u0131 g\u00fcn sistemden rezervasyon numaras\u0131 alabileceklerdir.<br \/>Koli teslim d\u00f6nemi gelmeyen eczaneler rezervasyon numaras\u0131 alamayacaklard\u0131r.<br \/>Koli teslim d\u00f6nemi ge\u00e7en eczaneler i\u00e7in bir s\u0131n\u0131rlama bulunmamaktad\u0131r.<\/p>\n<p>5-6-9-10-11-12-13 Kas\u0131m (Per\u015fembe-Cuma-Pazartesi-Sal\u0131-\u00c7ar\u015famba-Per\u015fembe-Cuma)<br \/>\u0130STANBUL ili s\u00f6zle\u015fmeli eczanelerimiz, bu tarihler aras\u0131nda 1834. ile ba\u015flayan Emekli Sand\u0131\u011f\u0131 sicil numaras\u0131n\u0131n son rakam\u0131na g\u00f6re kolilerini teslim edeceklerdir. <\/p>\n<p>11 Kas\u0131m \u00c7ar\u015famba g\u00fcn\u00fc K\u0131rklareli eczaneleri<br \/>12 Kas\u0131m Per\u015fembe g\u00fcn\u00fc Tekirda\u011f eczaneleri<br \/>13 Kas\u0131m Cuma g\u00fcn\u00fc Edirne eczaneleri kolilerini teslim edeceklerdir.<\/p>\n<p>Kas\u0131m ay\u0131 Koli Teslimat \u0130\u015flemi G\u00f6ztepe Depomuzda yap\u0131lmayacakt\u0131r.\u00a0<\/p>\n<p align=\"center\"><strong><\/strong><\/p>\n<table style=\"border-collapse: collapse; border: #000000 1px solid;\" border=\"0\" cellspacing=\"0\" cellpadding=\"0\" width=\"100%\" align=\"center\">\n<tbody>\n<tr>\n<td width=\"103\">\n<p align=\"center\"><strong>Teslimat G\u00fcn\u00fc<\/strong><\/p>\n<\/td>\n<td colspan=\"2\" width=\"195\">\n<p align=\"center\"><strong>Teslimat D\u00fczeni<\/strong><\/p>\n<\/td>\n<td width=\"160\">\n<p align=\"center\"><strong>Bayrampa\u015fa Depo<\/strong><\/p>\n<\/td>\n<td width=\"145\">\n<p align=\"center\"><strong>G\u00f6ztepe Depo<\/strong><\/p>\n<\/td>\n<\/tr>\n<tr>\n<td width=\"103\">\n<p align=\"center\">02.11.2009<\/p>\n<\/td>\n<td colspan=\"2\" rowspan=\"3\" width=\"195\">\n<p align=\"center\">Sadece zorunlu durumlarda s\u00f6zle\u015fme numaras\u0131 d\u00fczenine ba\u011fl\u0131 olmaks\u0131z\u0131n teslimat<\/p>\n<\/td>\n<td rowspan=\"7\" width=\"160\">\n<p align=\"center\">\u0130stanbul \u0130li Eczaneleri<\/p>\n<\/td>\n<td rowspan=\"10\" width=\"145\">\n<p align=\"center\">Koli Teslimat \u0130\u015flemi Yap\u0131lmayacakt\u0131r<\/p>\n<\/td>\n<\/tr>\n<tr>\n<td width=\"103\">\n<p align=\"center\">03.11.2009<\/p>\n<\/td>\n<\/tr>\n<tr>\n<td width=\"103\">\n<p align=\"center\">04.11.2009<\/p>\n<\/td>\n<\/tr>\n<tr>\n<td width=\"103\">\n<p align=\"center\">05.11.2009<\/p>\n<\/td>\n<td width=\"81\">\n<p align=\"center\">0-9<\/p>\n<\/td>\n<td rowspan=\"7\" width=\"113\">\n<p align=\"center\">\u0130stanbul \u0130li Kurum Sicil numaras\u0131n\u0131n son rakam\u0131na g\u00f6re<\/p>\n<\/td>\n<\/tr>\n<tr>\n<td width=\"103\">\n<p align=\"center\">06.11.2009<\/p>\n<\/td>\n<td width=\"81\">\n<p align=\"center\">8-7<\/p>\n<\/td>\n<\/tr>\n<tr>\n<td width=\"103\">\n<p align=\"center\">09.11.2009<\/p>\n<\/td>\n<td>\n<p align=\"center\">6-5<\/p>\n<\/td>\n<\/tr>\n<tr>\n<td width=\"103\">\n<p align=\"center\">10.11.2009<\/p>\n<\/td>\n<td width=\"81\">\n<p align=\"center\">4<\/p>\n<\/td>\n<\/tr>\n<tr>\n<td width=\"103\">\n<p align=\"center\">11.11.2009<\/p>\n<\/td>\n<td width=\"81\">\n<p align=\"center\">3<\/p>\n<\/td>\n<td width=\"160\">\n<p align=\"center\">ile K\u0131rklareli Eczaneleri<\/p>\n<\/td>\n<\/tr>\n<tr>\n<td width=\"103\">\n<p align=\"center\">12.11.2009<\/p>\n<\/td>\n<td>\n<p align=\"center\">2<\/p>\n<\/td>\n<td width=\"160\">\n<p align=\"center\">ile Tekirda\u011f Eczaneleri<\/p>\n<\/td>\n<\/tr>\n<tr>\n<td width=\"103\">\n<p align=\"center\">13.11.2009<\/p>\n<\/td>\n<td>\n<p align=\"center\">1<\/p>\n<\/td>\n<td width=\"160\">\n<p align=\"center\">ile Edirne Eczaneleri<\/p>\n<\/td>\n<\/tr>\n<\/tbody>\n<\/table>\n","protected":false},"excerpt":{"rendered":"<p>HAZ\u0130RAN AYINDA DUYURUSU YAPILARAK S\u00d6ZLE\u015eMEL\u0130 ECZANELERDEN HER FATURA EK\u0130NDE \u0130STENMES\u0130 PLANLANAN PR\u0130M BORCU YOKTUR YAZILARI; MERKEZ M\u00dcD\u00dcRL\u00dc\u011e\u00dcM\u00dcZ TARAFINDAN GEREKL\u0130 D\u00dcZENLEMELER\u0130N&#46;&#46;&#46;<\/p>\n","protected":false},"author":1,"featured_media":0,"comment_status":"closed","ping_status":"closed","sticky":false,"template":"","format":"standard","meta":{"_jetpack_memberships_contains_paid_content":false,"footnotes":""},"categories":[1],"tags":[],"class_list":["post-3636","post","type-post","status-publish","format-standard","hentry","category-ced"],"aioseo_notices":[],"jetpack_featured_media_url":"","jetpack_sharing_enabled":true,"jetpack-related-posts":[],"_links":{"self":[{"href":"http:\/\/www.ced.org.tr\/index.php?rest_route=\/wp\/v2\/posts\/3636","targetHints":{"allow":["GET"]}}],"collection":[{"href":"http:\/\/www.ced.org.tr\/index.php?rest_route=\/wp\/v2\/posts"}],"about":[{"href":"http:\/\/www.ced.org.tr\/index.php?rest_route=\/wp\/v2\/types\/post"}],"author":[{"embeddable":true,"href":"http:\/\/www.ced.org.tr\/index.php?rest_route=\/wp\/v2\/users\/1"}],"replies":[{"embeddable":true,"href":"http:\/\/www.ced.org.tr\/index.php?rest_route=%2Fwp%2Fv2%2Fcomments&post=3636"}],"version-history":[{"count":0,"href":"http:\/\/www.ced.org.tr\/index.php?rest_route=\/wp\/v2\/posts\/3636\/revisions"}],"wp:attachment":[{"href":"http:\/\/www.ced.org.tr\/index.php?rest_route=%2Fwp%2Fv2%2Fmedia&parent=3636"}],"wp:term":[{"taxonomy":"category","embeddable":true,"href":"http:\/\/www.ced.org.tr\/index.php?rest_route=%2Fwp%2Fv2%2Fcategories&post=3636"},{"taxonomy":"post_tag","embeddable":true,"href":"http:\/\/www.ced.org.tr\/index.php?rest_route=%2Fwp%2Fv2%2Ftags&post=3636"}],"curies":[{"name":"wp","href":"https:\/\/api.w.org\/{rel}","templated":true}]}}