{"id":3639,"date":"2009-10-31T14:33:45","date_gmt":"2009-10-31T12:33:45","guid":{"rendered":"http:\/\/www.ced.org.tr\/?p=3639"},"modified":"2009-10-31T14:33:45","modified_gmt":"2009-10-31T12:33:45","slug":"ilac-iade-surecinde-ikinci-adim","status":"publish","type":"post","link":"http:\/\/www.ced.org.tr\/?p=3639","title":{"rendered":"\u0130LA\u00c7 \u0130ADE S\u00dcREC\u0130NDE \u0130K\u0130NC\u0130 ADIM"},"content":{"rendered":"<p>\u0130stanbul Eczac\u0131 Odas, ila\u00e7 iade s\u00fcreci ile ilgili ikinci ad\u0131m eylem plan\u0131n\u0131 a\u00e7\u0131klad\u0131. Bu konu ile ilgili a\u00e7\u0131klamay\u0131 a\u015fa\u011f\u0131da yay\u0131nl\u0131yoruz.<\/p>\n<p>&#8212;&#8212;&#8212;&#8212;&#8212;&#8212;&#8212;&#8212;&#8212;&#8212;&#8212;<\/p>\n<p>Sevgili meslekta\u015flar\u0131m\u0131z;<\/p>\n<p>\u00a0<br \/>2 Kas\u0131m 2009 tarihinde Kamu Kurum \u0130skontolar\u0131 %24\u2019e \u00e7\u0131kacak ila\u00e7lardan do\u011facak zarar\u0131m\u0131z\u0131n \u00f6nlenmesi i\u00e7in 27 Ekim 2009 tarihinde eczane stoklar\u0131m\u0131zda yer alan bu gruba ait ila\u00e7lar\u0131 iade edece\u011fimizi a\u00e7\u0131klam\u0131\u015f ve ila\u00e7 iadelerinde uygulanacak y\u00f6ntemi sizlerle payla\u015fm\u0131\u015ft\u0131k. <br \/>\u00a0<br \/>Kamu Kurum \u0130skontolar\u0131 %24\u2019e \u00e7\u0131kacak ila\u00e7lar\u0131n iadesine belirtti\u011fimiz gibi 31 Ekim 2009 (Bug\u00fcn) tarihinde ba\u015flanm\u0131\u015ft\u0131r. \u0130ade edece\u011fimiz ila\u00e7lara ait koliler \u015fu anda da\u011f\u0131t\u0131m kanallar\u0131 taraf\u0131ndan toplanmaktad\u0131r. Kolilerin toplanma i\u015fleminin bu ak\u015fama kadar tamamlanmas\u0131n\u0131 bekliyoruz.<br \/>\u00a0<br \/>Siz de\u011ferli meslekta\u015flar\u0131m\u0131z\u0131n ila\u00e7 iadelerinin da\u011f\u0131t\u0131m kanallar\u0131na yap\u0131lmas\u0131n\u0131n ard\u0131ndan dikkat etmesi gereken hususlar a\u015fa\u011f\u0131da bilgilerinize sunulmaktad\u0131r. <br \/>\u00a0<br \/>Bu s\u00fcrecin ba\u015far\u0131s\u0131, sizlerin katk\u0131lar\u0131 ve birlikteli\u011fi ile ger\u00e7ekle\u015fecektir.<\/p>\n<p>\u00a0<\/p>\n<div style=\"margin-top: 20px; width: 100%;\">\n<p style=\"font-weight: bold; float: right; width: 40%; text-align: center;\">\u0130stanbul Eczac\u0131 Odas\u0131<br \/>Y\u00f6netim Kurulu<\/p>\n<\/div>\n<p>\u00a0<span style=\"color: #ffff00;\"><strong><span style=\"color: #ff0000;\">2 Kas\u0131m 2009 pazartesi g\u00fcn\u00fc itibari ile dikkat edilecek hususlar;<\/span><\/strong><\/span><br \/>\u00a0<\/p>\n<ol>\n<li>Kamu kurum iskontosu %11\u2019den % 24\u2019e \u00e7\u0131kan ancak ilgili firmalar taraf\u0131ndan +%13 ilave iskonto verilmeyen ila\u00e7lar ile da\u011f\u0131t\u0131m kanallar\u0131 taraf\u0131ndan %24 iskontolu olarak faturaland\u0131r\u0131lmayan ila\u00e7lar al\u0131nmayacakt\u0131r.<br \/>\u00a0 <\/li>\n<li>Kamu kurum iskontosu %24\u2019e \u00e7\u0131kan \u00fcr\u00fcnler i\u00e7in ilave %13 iskontoyu kar\u015f\u0131layan \u0130la\u00e7 Firmalar\u0131n\u0131n \u00fcr\u00fcnleri ise tevzi olarak al\u0131nacakt\u0131r. Bu uygulama, stok zararlar\u0131m\u0131z kar\u015f\u0131lan\u0131ncaya kadar devam edecektir.<br \/>\u00a0 <\/li>\n<li>Da\u011f\u0131t\u0131m kanalar\u0131ndan gelen faturalar mutlaka detayl\u0131 olarak incelenip, iade kapsam\u0131nda yer alan 700 kalem ila\u00e7 aras\u0131nda\u00a0 %11+%13 ilave iskontolu olmayan ila\u00e7lar\u0131n tamam\u0131 depolara iade edilecektir.<br \/>\u00a0 <\/li>\n<li>Da\u011f\u0131t\u0131m kanallar\u0131na iade edilen ila\u00e7larla ilgili \u201ciade fatura \u00f6rne\u011fi\u201d en k\u0131sa zamanda sizlere depolar taraf\u0131ndan ula\u015ft\u0131r\u0131lacakt\u0131r. Bu fatura \u00f6rne\u011fine g\u00f6re kesilecek iade faturalar\u0131 da\u011f\u0131t\u0131m kanallar\u0131na g\u00f6nderilecektir.<br \/>\u00a0 <\/li>\n<li>Da\u011f\u0131t\u0131m kanallar\u0131nda iade fatura \u00f6rne\u011fi d\u00fczenleme s\u00fcreci taraf\u0131m\u0131zdan yak\u0131ndan takip edilmektedir. Konu ile ilgili detayl\u0131 bilgilendirme da\u011f\u0131t\u0131m kanallar\u0131 ile yap\u0131lacak g\u00f6r\u00fc\u015fmelerin ard\u0131ndan en k\u0131sa zamanda sizlere yap\u0131lacakt\u0131r.<br \/>\u00a0 <\/li>\n<li>4 Aral\u0131k 2009 fiyat d\u00fc\u015f\u00fc\u015f s\u00fcreci dikkate al\u0131narak ila\u00e7 al\u0131mlar\u0131n\u0131n minimize edilmesine devam edilecektir. <\/li>\n<\/ol>\n<p>NOT: Da\u011f\u0131t\u0131m kanallar\u0131 ile yapt\u0131\u011f\u0131m\u0131z g\u00f6r\u00fc\u015fmelerden edinilen bilgiye g\u00f6re t\u00fcm da\u011f\u0131t\u0131m kanallar\u0131 iade ila\u00e7 kolilerini toplamaya ba\u015flam\u0131\u015ft\u0131r. \u0130la\u00e7lar\u0131n\u0131z\u0131 iade edece\u011finiz da\u011f\u0131t\u0131m kanallar\u0131ndan \u015fu ana kadar size ula\u015fmayanlar\u0131 uyararak biran \u00f6nce iade ila\u00e7 kolilerinin al\u0131nmas\u0131n\u0131 sa\u011flaman\u0131z gerekmektedir.<\/p>\n","protected":false},"excerpt":{"rendered":"<p>\u0130stanbul Eczac\u0131 Odas, ila\u00e7 iade s\u00fcreci ile ilgili ikinci ad\u0131m eylem plan\u0131n\u0131 a\u00e7\u0131klad\u0131. Bu konu ile ilgili a\u00e7\u0131klamay\u0131 a\u015fa\u011f\u0131da yay\u0131nl\u0131yoruz.&#46;&#46;&#46;<\/p>\n","protected":false},"author":1,"featured_media":0,"comment_status":"closed","ping_status":"closed","sticky":false,"template":"","format":"standard","meta":{"_jetpack_memberships_contains_paid_content":false,"footnotes":""},"categories":[1],"tags":[],"class_list":["post-3639","post","type-post","status-publish","format-standard","hentry","category-ced"],"aioseo_notices":[],"jetpack_featured_media_url":"","jetpack_sharing_enabled":true,"jetpack-related-posts":[],"_links":{"self":[{"href":"http:\/\/www.ced.org.tr\/index.php?rest_route=\/wp\/v2\/posts\/3639","targetHints":{"allow":["GET"]}}],"collection":[{"href":"http:\/\/www.ced.org.tr\/index.php?rest_route=\/wp\/v2\/posts"}],"about":[{"href":"http:\/\/www.ced.org.tr\/index.php?rest_route=\/wp\/v2\/types\/post"}],"author":[{"embeddable":true,"href":"http:\/\/www.ced.org.tr\/index.php?rest_route=\/wp\/v2\/users\/1"}],"replies":[{"embeddable":true,"href":"http:\/\/www.ced.org.tr\/index.php?rest_route=%2Fwp%2Fv2%2Fcomments&post=3639"}],"version-history":[{"count":0,"href":"http:\/\/www.ced.org.tr\/index.php?rest_route=\/wp\/v2\/posts\/3639\/revisions"}],"wp:attachment":[{"href":"http:\/\/www.ced.org.tr\/index.php?rest_route=%2Fwp%2Fv2%2Fmedia&parent=3639"}],"wp:term":[{"taxonomy":"category","embeddable":true,"href":"http:\/\/www.ced.org.tr\/index.php?rest_route=%2Fwp%2Fv2%2Fcategories&post=3639"},{"taxonomy":"post_tag","embeddable":true,"href":"http:\/\/www.ced.org.tr\/index.php?rest_route=%2Fwp%2Fv2%2Ftags&post=3639"}],"curies":[{"name":"wp","href":"https:\/\/api.w.org\/{rel}","templated":true}]}}