{"id":3641,"date":"2009-11-12T12:36:24","date_gmt":"2009-11-12T10:36:24","guid":{"rendered":"http:\/\/www.ced.org.tr\/?p=3641"},"modified":"2009-11-12T12:36:24","modified_gmt":"2009-11-12T10:36:24","slug":"ttb-olumlerin-nedeni-gripten-cok-saglik-sistemi","status":"publish","type":"post","link":"http:\/\/www.ced.org.tr\/?p=3641","title":{"rendered":"TTB: \u00d6l\u00fcmlerin nedeni gripten \u00e7ok sa\u011fl\u0131k sistemi"},"content":{"rendered":"<p class=\"MsoNormal\" style=\"margin: 0cm 0cm 0pt;\"><span style=\"font-family: Times New Roman; color: #000000; font-size: small;\">T\u00fcrk Tabipleri Birli\u011fi (TTB) 2. Ba\u015fkan\u0131 Feride Aksu Tan\u0131k, domuz gribiyle ya\u015fanan \u00f6l\u00fcmlerin \u00f6nemli bir k\u0131sm\u0131n\u0131n sa\u011fl\u0131k sisteminin i\u015fleyi\u015finden kaynakland\u0131\u011f\u0131n\u0131 vurgulad\u0131. TTB Genel Merkezi\u2019nde d\u00fcn yap\u0131lan a\u00e7\u0131klamada domuz gribi nedeniyle acil servislerde ya\u015fanan y\u0131\u011f\u0131lmalar\u0131 de\u011ferlendirildi. TTB 2. Ba\u015fkan\u0131 Tan\u0131k, vatanda\u015fa \u00fccretsiz ve eri\u015filebilir bir birinci basamak sa\u011fl\u0131k hizmeti verilmi\u015f olsayd\u0131 acil servislerdeki yo\u011funlu\u011fun ya\u015fanmayaca\u011f\u0131n\u0131 s\u00f6yledi.<\/span><\/p>\n<p class=\"MsoNormal\" style=\"margin: 0cm 0cm 0pt;\"><span style=\"font-family: Times New Roman; color: #000000; font-size: small;\">Domuz gribiyle ilgili ciddi bir bilgi kirlili\u011fi ve panik havas\u0131 yarat\u0131ld\u0131\u011f\u0131n\u0131 kaydeden Tan\u0131k, \u201c\u0130yi basamakland\u0131r\u0131lm\u0131\u015f, kamu taraf\u0131ndan vatanda\u015fa \u00fccretsiz sunulan bir sa\u011fl\u0131k hizmeti olsa, bu kayg\u0131lar giderilecekti\u201d dedi. \u00d6l\u00fcmlerin \u00f6nemli bir k\u0131sm\u0131n\u0131n sa\u011fl\u0131k sisteminin i\u015fleyi\u015fi nedeniyle oldu\u011funu vurgulayan Tan\u0131k, \u00f6l\u00fcmlerin hastanelerde yer olmamas\u0131 nedeniyle hastane hastane dola\u015ft\u0131r\u0131lanlar ya da ta\u015feron temizlik i\u015f\u00e7ileri aras\u0131nda g\u00f6r\u00fcld\u00fc\u011f\u00fcne dikkat \u00e7ekti. Tan\u0131k, \u201cHizmete eri\u015fimin \u00f6n\u00fcndeki engel olarak da biz bu piyasala\u015fm\u0131\u015f sa\u011fl\u0131k hizmetlerini g\u00f6r\u00fcyoruz. Nitelikli bir 1. basamak sa\u011fl\u0131k hizmeti sunuluyor olsayd\u0131, herkesin co\u011frafi ve ekonomik olarak eri\u015febilece\u011fi bir sistem kurgulanm\u0131\u015f olsayd\u0131 acil hizmetlere de bu kadar yo\u011fun bir ba\u015fvuru s\u00f6z konusu olmazd\u0131\u201d diye konu\u015ftu. <br style=\"mso-special-character: line-break;\" \/><br style=\"mso-special-character: line-break;\" \/><\/span><\/p>\n<p class=\"MsoNormal\" style=\"margin: 0cm 0cm 0pt;\"><strong style=\"mso-bidi-font-weight: normal;\"><span style=\"font-size: small;\"><span style=\"color: #000000;\"><span style=\"font-family: Times New Roman;\">B\u0130R\u0130NC\u0130 BASAMAK \u00c7\u00d6KT\u00dc<\/span><\/span><\/span><\/strong><\/p>\n<p class=\"MsoNormal\" style=\"margin: 0cm 0cm 0pt;\"><span style=\"font-family: Times New Roman; color: #000000; font-size: small;\">TTB Genel Sekreteri Eri\u015f Bilalo\u011flu da, birinci basamak sa\u011fl\u0131k hizmetlerinin uzun y\u0131llar uygulanan politikalarla \u00e7\u00f6kertildi\u011fini belirterek, bu nedenle \u00fccretsiz verilen acil sa\u011fl\u0131k hizmetlerinin sosyal g\u00fcvencesi olmayanlar a\u00e7\u0131s\u0131ndan bir s\u0131\u011f\u0131nak haline geldi\u011fini, bunun da y\u0131\u011f\u0131lmalara yol a\u00e7t\u0131\u011f\u0131n\u0131 vurgulad\u0131. <br \/>H1N1 vir\u00fcs\u00fcnde, di\u011fer gribal enfeksiyonlarda al\u0131nan \u00f6nlemlerin al\u0131nmas\u0131 gerekti\u011fini belirten Bilalo\u011flu, y\u00fcksek ate\u015f ve \u00e7ok a\u011f\u0131r seyreden bir rahats\u0131zl\u0131k s\u00f6z konusu olmad\u0131k\u00e7a acil servise ba\u015fvurulmas\u0131na gerek olmad\u0131\u011f\u0131n\u0131 s\u00f6yledi. Bilalo\u011flu, iyi bir beslenme, bol sulu g\u0131dalar alma ve istirahat ile hastal\u0131\u011f\u0131n atlat\u0131labilece\u011fini ifade etti.<\/span><\/p>\n","protected":false},"excerpt":{"rendered":"<p>T\u00fcrk Tabipleri Birli\u011fi (TTB) 2. Ba\u015fkan\u0131 Feride Aksu Tan\u0131k, domuz gribiyle ya\u015fanan \u00f6l\u00fcmlerin \u00f6nemli bir k\u0131sm\u0131n\u0131n sa\u011fl\u0131k sisteminin i\u015fleyi\u015finden kaynakland\u0131\u011f\u0131n\u0131&#46;&#46;&#46;<\/p>\n","protected":false},"author":1,"featured_media":0,"comment_status":"closed","ping_status":"closed","sticky":false,"template":"","format":"standard","meta":{"_jetpack_memberships_contains_paid_content":false,"footnotes":""},"categories":[1],"tags":[],"class_list":["post-3641","post","type-post","status-publish","format-standard","hentry","category-ced"],"aioseo_notices":[],"jetpack_featured_media_url":"","jetpack_sharing_enabled":true,"jetpack-related-posts":[],"_links":{"self":[{"href":"http:\/\/www.ced.org.tr\/index.php?rest_route=\/wp\/v2\/posts\/3641","targetHints":{"allow":["GET"]}}],"collection":[{"href":"http:\/\/www.ced.org.tr\/index.php?rest_route=\/wp\/v2\/posts"}],"about":[{"href":"http:\/\/www.ced.org.tr\/index.php?rest_route=\/wp\/v2\/types\/post"}],"author":[{"embeddable":true,"href":"http:\/\/www.ced.org.tr\/index.php?rest_route=\/wp\/v2\/users\/1"}],"replies":[{"embeddable":true,"href":"http:\/\/www.ced.org.tr\/index.php?rest_route=%2Fwp%2Fv2%2Fcomments&post=3641"}],"version-history":[{"count":0,"href":"http:\/\/www.ced.org.tr\/index.php?rest_route=\/wp\/v2\/posts\/3641\/revisions"}],"wp:attachment":[{"href":"http:\/\/www.ced.org.tr\/index.php?rest_route=%2Fwp%2Fv2%2Fmedia&parent=3641"}],"wp:term":[{"taxonomy":"category","embeddable":true,"href":"http:\/\/www.ced.org.tr\/index.php?rest_route=%2Fwp%2Fv2%2Fcategories&post=3641"},{"taxonomy":"post_tag","embeddable":true,"href":"http:\/\/www.ced.org.tr\/index.php?rest_route=%2Fwp%2Fv2%2Ftags&post=3641"}],"curies":[{"name":"wp","href":"https:\/\/api.w.org\/{rel}","templated":true}]}}