{"id":3643,"date":"2009-11-18T12:06:42","date_gmt":"2009-11-18T10:06:42","guid":{"rendered":"http:\/\/www.ced.org.tr\/?p=3643"},"modified":"2009-11-18T12:06:42","modified_gmt":"2009-11-18T10:06:42","slug":"antiseptik-jellerin-yanlis-tanitimi-halk-sagligini-tehdit-ediyor","status":"publish","type":"post","link":"http:\/\/www.ced.org.tr\/?p=3643","title":{"rendered":"Antiseptik jellerin yanl\u0131\u015f tan\u0131t\u0131m\u0131 halk sa\u011fl\u0131\u011f\u0131n\u0131 tehdit ediyor"},"content":{"rendered":"<p class=\"MsoNormal\" style=\"margin: 0cm 0cm 0pt;\"><span style=\"font-family: Times New Roman; font-size: small;\">HN pandemisi ile son d\u00f6nemde yayg\u0131n olarak kullan\u0131lmaya ba\u015flanan anti-bakteriyal temizlik \u00fcr\u00fcnlerinin yanl\u0131\u015f tan\u0131t\u0131m\u0131 halk sa\u011fl\u0131\u011f\u0131n\u0131 tehdit ediyor. Sa\u011fl\u0131k Bakanl\u0131\u011f\u0131 18.11.2009 tarihinde bu konu ile ilgili bir duyuru yay\u0131nlad\u0131.<\/span><\/p>\n<p class=\"MsoNormal\" style=\"margin: 0cm 0cm 0pt;\"><span style=\"font-family: Times New Roman; font-size: small;\">\u00a0<\/span><\/p>\n<p class=\"MsoNormal\" style=\"margin: 0cm 0cm 0pt;\"><span style=\"font-family: Times New Roman; font-size: small;\">\u201cH1N1 pandemisi dolay\u0131s\u0131yla piyasada kullan\u0131m\u0131 artan antibakteriyel el temizleme jeli, s\u0131v\u0131s\u0131, k\u00f6p\u00fc\u011f\u00fc vb. \u00fcr\u00fcnler hakk\u0131ndaki duyuru\u201d a\u015fa\u011f\u0131da yay\u0131nl\u0131yoruz.<\/span><\/p>\n<p><span style=\"font-family: Times New Roman; font-size: small;\"><\/p>\n<p><font face=\"Times New Roman\" size=\"3\"><\/p>\n<p class=\"MsoNormal\" style=\"margin: 0cm 0cm 0pt;\">\u00a0<\/p>\n<p><\/font><\/span><\/p>\n<p class=\"MsoNormal\" style=\"margin: 0cm 0cm 0pt;\">\u00a0<\/p>\n<p><strong style=\"mso-bidi-font-weight: normal;\"><span style=\"font-size: small;\"><span style=\"font-family: Times New Roman;\">KAMUOYUNA\u00a0VE KOZMET\u0130K F\u0130RMALARINA DUYURULUR<\/span><\/span><\/strong><span style=\"font-family: Times New Roman; font-size: small;\">\u00a0<\/span><\/p>\n<p class=\"MsoNormal\" style=\"margin: 0cm 0cm 0pt;\"><span style=\"font-family: Times New Roman; font-size: small;\">Y\u00fcr\u00fcrl\u00fckteki Kozmetik Kanunu\u2019nun yay\u0131m tarihi olan 30 Mart 2005 tarihinden bu yana, \u00fcretici (imalat\u00e7\u0131\/ ithalat\u00e7\u0131) beyan ve y\u00fck\u00fcml\u00fcl\u00fc\u011f\u00fc ile Bakanl\u0131\u011f\u0131m\u0131z denetim ve piyasa kontrol\u00fc sistemine dayanan 5324 say\u0131l\u0131 Kozmetik Kanunu do\u011frultusunda Bakanl\u0131\u011f\u0131m\u0131za yap\u0131lan bildirimler, \u00fcr\u00fcn\u00fcn\u00fcn, piyasada kontrol edilmek \u00fczere Bakanl\u0131\u011f\u0131m\u0131z kay\u0131tlar\u0131na ge\u00e7ti\u011fi anlam\u0131na gelen \u201cBildirim Kabul Belgesi\u201d d\u00fczenlenerek kay\u0131t alt\u0131na al\u0131nmaktad\u0131r. S\u00f6z konusu belgenin d\u00fczenlenmi\u015f olmas\u0131 ile birlikte \u00fcretici mevzuata uygun \u00f6zellik ve kalitede \u00fcretti\u011fi \u00fcr\u00fcnleri piyasaya arz etme konusunda sorumluluk alm\u0131\u015f olmaktad\u0131r. Mevzuata uygun olmayan durumlardan Bakanl\u0131\u011f\u0131m\u0131z m\u00fcdahil olmaktad\u0131r.<\/span><\/p>\n<p class=\"MsoNormal\" style=\"margin: 0cm 0cm 0pt;\"><span style=\"font-family: Times New Roman; font-size: small;\">\u00a0<\/span><\/p>\n<p class=\"MsoNormal\" style=\"margin: 0cm 0cm 0pt;\"><span style=\"font-family: Times New Roman; font-size: small;\">5324 say\u0131l\u0131 Kozmetik Kanunu\u2019nda yer alan kozmetik \u00fcr\u00fcn tan\u0131m\u0131: \u201c\u0130nsan v\u00fccudunun epiderma, t\u0131rnaklar, k\u0131llar, sa\u00e7lar, dudaklar ve d\u0131\u015f genital organlar gibi de\u011fi\u015fik d\u0131\u015f k\u0131s\u0131mlar\u0131na, di\u015flere ve a\u011f\u0131z mukozas\u0131na uygulanmak \u00fczere haz\u0131rlanm\u0131\u015f, tek veya temel amac\u0131 bu k\u0131s\u0131mlar\u0131 temizlemek, koku vermek, g\u00f6r\u00fcn\u00fcm\u00fcn\u00fc de\u011fi\u015ftirmek ve\/veya v\u00fccut kokular\u0131n\u0131 d\u00fczeltmek ve\/veya korumak veya iyi bir durumda tutmak olan b\u00fct\u00fcn preparatlar veya maddeler\u201d \u015feklindedir.<\/span><\/p>\n<p class=\"MsoNormal\" style=\"margin: 0cm 0cm 0pt;\"><span style=\"font-family: Times New Roman; font-size: small;\">\u00a0<\/span><\/p>\n<p class=\"MsoNormal\" style=\"margin: 0cm 0cm 0pt;\"><span style=\"font-family: Times New Roman; font-size: small;\">Ya\u015fanmakta olan H1N1 pandemisi dolay\u0131s\u0131yla piyasada kullan\u0131m\u0131 artan antibakteriyel el temizleme jeli, s\u0131v\u0131s\u0131, k\u00f6p\u00fc\u011f\u00fc vb. \u00fcr\u00fcnlerin Bakanl\u0131\u011f\u0131m\u0131za 5324 say\u0131l\u0131 Kozmetik Kanunu do\u011frultusunda bildirimlerinin yap\u0131lmas\u0131na ra\u011fmen ambalaj ve tan\u0131t\u0131m materyallerinde:<\/span><\/p>\n<p class=\"MsoNormal\" style=\"margin: 0cm 0cm 0pt;\"><span style=\"font-family: Times New Roman; font-size: small;\">\u00a0<\/span><\/p>\n<ul style=\"margin-top: 0cm;\" type=\"disc\">\n<li class=\"MsoNormal\" style=\"margin: 0cm 0cm 0pt; tab-stops: list 36.0pt; mso-list: l0 level1 lfo1;\"><span style=\"font-family: Times New Roman; font-size: small;\">H1N1, Hepatit, H1N5, AIDS vb. t\u00fcr\u00fcnden enfeksiyon hastal\u0131klar\u0131na kar\u015f\u0131 etkili,<\/span><\/li>\n<li class=\"MsoNormal\" style=\"margin: 0cm 0cm 0pt; tab-stops: list 36.0pt; mso-list: l0 level1 lfo1;\"><span style=\"font-family: Times New Roman; font-size: small;\">Antimikotik,<\/span><\/li>\n<li class=\"MsoNormal\" style=\"margin: 0cm 0cm 0pt; tab-stops: list 36.0pt; mso-list: l0 level1 lfo1;\"><span style=\"font-family: Times New Roman; font-size: small;\">Vir\u00fcs, k\u00fcf, mantar vb. mikroorganizmalara kar\u015f\u0131 etkili<\/span><\/li>\n<li class=\"MsoNormal\" style=\"margin: 0cm 0cm 0pt; tab-stops: list 36.0pt; mso-list: l0 level1 lfo1;\"><span style=\"font-family: Times New Roman; font-size: small;\">Bakterisid, antiviral, domuz gribine kar\u015f\u0131 vb. t\u00fcr\u00fcnden kozmetik \u00fcr\u00fcnlerin, ilgili mevzuatta yer ald\u0131\u011f\u0131 \u015fekliyle s\u0131n\u0131rl\u0131 tan\u0131m\u0131 ve kapsam\u0131 d\u0131\u015f\u0131ndaki ibarelerin kullan\u0131lmas\u0131 yoluyla t\u00fcketicinin yan\u0131lt\u0131ld\u0131\u011f\u0131 ve halk sa\u011fl\u0131\u011f\u0131n\u0131 tehdit edici durumlar\u0131n olu\u015ftu\u011fu tespit edilmi\u015ftir.<\/span><\/li>\n<\/ul>\n<p class=\"MsoNormal\" style=\"margin: 0cm 0cm 0pt;\"><span style=\"font-family: Times New Roman; font-size: small;\">\u00a0<\/span><\/p>\n<p class=\"MsoNormal\" style=\"margin: 0cm 0cm 0pt;\"><span style=\"font-family: Times New Roman; font-size: small;\">5324 say\u0131l\u0131 Kanun do\u011frultusunda yap\u0131lan piyasa kontrollerinde Mevzuata ayk\u0131r\u0131l\u0131\u011f\u0131 tespit edilen kozmetik firmalar\u0131 hakk\u0131nda idari i\u015flem ba\u015flat\u0131lmaktad\u0131r.<\/span><\/p>\n<p class=\"MsoNormal\" style=\"margin: 0cm 0cm 0pt;\"><span style=\"font-family: Times New Roman; font-size: small;\">\u00a0<\/span><\/p>\n<p class=\"MsoNormal\" style=\"margin: 0cm 0cm 0pt;\"><span style=\"font-family: Times New Roman; font-size: small;\">Yukar\u0131daki tan\u0131t\u0131m bilgilerini i\u00e7eren ve dezenfektan veya antiseptik ama\u00e7l\u0131 olarak piyasaya arz edilmek istenen \u00fcr\u00fcnler i\u00e7in Genel M\u00fcd\u00fcrl\u00fc\u011f\u00fcm\u00fcz \u0130la\u00e7 Ruhsatland\u0131rma Daire Ba\u015fkanl\u0131\u011f\u0131\u2019na \u201cAra \u00dcr\u00fcn \u0130zin Belgesi\u201d almak \u00fczere ba\u015fvuruda bulunulmas\u0131 gerekmektedir.<\/span><\/p>\n<p class=\"MsoNormal\" style=\"margin: 0cm 0cm 0pt;\"><span style=\"font-family: Times New Roman; font-size: small;\">\u00a0<\/span><\/p>\n<p class=\"MsoNormal\" style=\"margin: 0cm 0cm 0pt;\"><span style=\"font-family: Times New Roman; font-size: small;\">Anti-bakteriyel ama\u00e7l\u0131 olarak piyasaya arz edilen kozmetik tan\u0131m\u0131na uygun \u00fcr\u00fcnlerin,<\/span><\/p>\n<p class=\"MsoNormal\" style=\"margin: 0cm 0cm 0pt;\"><span style=\"font-family: Times New Roman; font-size: small;\">&#8211;\u00a0\u00a0\u00a0\u00a0\u00a0\u00a0\u00a0\u00a0\u00a0 \u00e7ocuklardan uzak tutulmas\u0131, kullan\u0131lmas\u0131 gerekiyor ise ebeveyn kontrol\u00fcnde kullan\u0131lmas\u0131na,<\/span><\/p>\n<p class=\"MsoNormal\" style=\"margin: 0cm 0cm 0pt;\"><span style=\"font-family: Times New Roman; font-size: small;\">&#8211;\u00a0\u00a0\u00a0\u00a0\u00a0\u00a0\u00a0\u00a0\u00a0 g\u00f6zle temas ettirilmemesi,<\/span><\/p>\n<p class=\"MsoNormal\" style=\"margin: 0cm 0cm 0pt;\"><span style=\"font-family: Times New Roman; font-size: small;\">&#8211;\u00a0\u00a0\u00a0\u00a0\u00a0\u00a0\u00a0\u00a0\u00a0 yan\u0131c\u0131\/ parlay\u0131c\u0131 oldu\u011funa ili\u015fkin uyar\u0131lar\u0131n ambalaj \u00fczerinde bildirilmesi gerekmektedir.<\/span><\/p>\n<p class=\"MsoNormal\" style=\"margin: 0cm 0cm 0pt;\"><span style=\"font-family: Times New Roman; font-size: small;\">\u00a0<\/span><\/p>\n<p class=\"MsoNormal\" style=\"margin: 0cm 0cm 0pt;\"><span style=\"font-family: Times New Roman; font-size: small;\">Ki\u015fisel temizlik i\u00e7in ellerin \u00f6ncelikle su ve sabun ile y\u0131kanmas\u0131, susuz kullan\u0131lan \u00fcr\u00fcnlerin ise su bulunmayan ortamlarda tercih edilmesi \u00f6nemlidir.<\/span><\/p>\n<p class=\"MsoNormal\" style=\"margin: 0cm 0cm 0pt;\"><span style=\"font-family: Times New Roman; font-size: small;\">\u00a0<\/span><\/p>\n<p class=\"MsoNormal\" style=\"margin: 0cm 0cm 0pt;\"><span style=\"font-family: Times New Roman; font-size: small;\">Anti-bakteriyel \u00fcr\u00fcnlerin gereksiz yere kullan\u0131m\u0131nda diren\u00e7 geli\u015febilece\u011finin ve bakteri kaynakl\u0131 hastal\u0131klar\u0131n yayg\u0131nla\u015fabilece\u011finin de g\u00f6z \u00f6n\u00fcnde bulundurulmas\u0131 gerekmektedir.<\/span><\/p>\n","protected":false},"excerpt":{"rendered":"<p>HN pandemisi ile son d\u00f6nemde yayg\u0131n olarak kullan\u0131lmaya ba\u015flanan anti-bakteriyal temizlik \u00fcr\u00fcnlerinin yanl\u0131\u015f tan\u0131t\u0131m\u0131 halk sa\u011fl\u0131\u011f\u0131n\u0131 tehdit ediyor. Sa\u011fl\u0131k Bakanl\u0131\u011f\u0131&#46;&#46;&#46;<\/p>\n","protected":false},"author":1,"featured_media":0,"comment_status":"closed","ping_status":"closed","sticky":false,"template":"","format":"standard","meta":{"_jetpack_memberships_contains_paid_content":false,"footnotes":""},"categories":[1],"tags":[],"class_list":["post-3643","post","type-post","status-publish","format-standard","hentry","category-ced"],"aioseo_notices":[],"jetpack_featured_media_url":"","jetpack_sharing_enabled":true,"jetpack-related-posts":[],"_links":{"self":[{"href":"http:\/\/www.ced.org.tr\/index.php?rest_route=\/wp\/v2\/posts\/3643","targetHints":{"allow":["GET"]}}],"collection":[{"href":"http:\/\/www.ced.org.tr\/index.php?rest_route=\/wp\/v2\/posts"}],"about":[{"href":"http:\/\/www.ced.org.tr\/index.php?rest_route=\/wp\/v2\/types\/post"}],"author":[{"embeddable":true,"href":"http:\/\/www.ced.org.tr\/index.php?rest_route=\/wp\/v2\/users\/1"}],"replies":[{"embeddable":true,"href":"http:\/\/www.ced.org.tr\/index.php?rest_route=%2Fwp%2Fv2%2Fcomments&post=3643"}],"version-history":[{"count":0,"href":"http:\/\/www.ced.org.tr\/index.php?rest_route=\/wp\/v2\/posts\/3643\/revisions"}],"wp:attachment":[{"href":"http:\/\/www.ced.org.tr\/index.php?rest_route=%2Fwp%2Fv2%2Fmedia&parent=3643"}],"wp:term":[{"taxonomy":"category","embeddable":true,"href":"http:\/\/www.ced.org.tr\/index.php?rest_route=%2Fwp%2Fv2%2Fcategories&post=3643"},{"taxonomy":"post_tag","embeddable":true,"href":"http:\/\/www.ced.org.tr\/index.php?rest_route=%2Fwp%2Fv2%2Ftags&post=3643"}],"curies":[{"name":"wp","href":"https:\/\/api.w.org\/{rel}","templated":true}]}}