{"id":3644,"date":"2009-11-20T14:46:50","date_gmt":"2009-11-20T12:46:50","guid":{"rendered":"http:\/\/www.ced.org.tr\/?p=3644"},"modified":"2009-11-20T14:46:50","modified_gmt":"2009-11-20T12:46:50","slug":"meslek-orgutlerine-yonelen-baskici-ve-anti-demokratik-yaklasimi-reddediyoruz","status":"publish","type":"post","link":"http:\/\/www.ced.org.tr\/?p=3644","title":{"rendered":"Meslek \u00f6rg\u00fctlerine y\u00f6nelen bask\u0131c\u0131 ve anti demokratik yakla\u015f\u0131m\u0131 reddediyoruz!"},"content":{"rendered":"<p><span style=\"font-size: small;\"><span style=\"font-family: Times New Roman;\"><\/p>\n<p class=\"MsoNormal\" style=\"margin: 0cm 0cm 0pt;\"><img loading=\"lazy\" decoding=\"async\" src=\"images\/stories\/dernek\/20091120_meslek_orgutleri.jpg\" border=\"0\" alt=\"bas\u0131n a\u00e7\u0131klamas\u0131\" width=\"356\" height=\"207\" style=\"border: 0; margin-top: 0px; margin-bottom: 0px; margin-left: 4px; margin-right: 4px; float: left;\" \/>20.11.2009(bug\u00fcn) \u0130stanbul Tabip Odas\u0131\u2019nda devlet denetleme kurulunun meslek \u00f6rg\u00fctlerine y\u00f6nelik bask\u0131c\u0131 ve anti demokratik yakla\u015f\u0131m\u0131n\u0131 a\u00e7\u0131\u011fa vuran raporu ile ilgili 4 meslek \u00f6rg\u00fct\u00fc taraf\u0131ndan ortak bir bas\u0131n toplant\u0131s\u0131 d\u00fczenlendi.<span style=\"font-size: small;\"><span style=\"font-family: Times New Roman;\">\u00a0<\/span><\/span><\/p>\n<p><p class=\"MsoNormal\" style=\"margin: 0cm 0cm 0pt;\">TTB ba\u015fkan\u0131 Prof. Dr. Gencay G\u00dcRSOY\u2019un okudu\u011fu ortak bas\u0131n a\u00e7\u0131klamas\u0131n\u0131 a\u015fa\u011f\u0131da yay\u0131nl\u0131yoruz.<\/p>\n<\/p>\n<p><\/span><\/span>\u00a0<\/p>\n<p class=\"MsoNormal\" style=\"margin: 0cm 0cm 0pt;\"><span style=\"font-size: small;\"><span style=\"font-family: Times New Roman;\">Cumhurba\u015fkanl\u0131\u011f\u0131 Devlet Denetleme Kurulu (DDK) 28.09.2009 tarihinde &#8220;Kamu Kurumu Niteli\u011findeki Meslek Kurulu\u015flar\u0131&#8217;n\u0131n Te\u015fkilat ve Mali Yap\u0131lar\u0131, Denetimleri, Organlar\u0131n\u0131n Se\u00e7imlerine Dair Esaslar\u0131n De\u011ferlendirilmesi ile Bunlar\u0131n Etkin ve Verimli \u015eekilde Hizmet Y\u00fcr\u00fctmelerinin ve Geli\u015ftirilmelerinin Sa\u011flanmas\u0131 Amac\u0131yla Al\u0131nmas\u0131 Gereken Tedbirler&#8221; konulu bir Ara\u015ft\u0131rma ve \u0130nceleme Raporu yay\u0131nlam\u0131\u015ft\u0131r. Kendisi 799 sayfa ve 1062 sayfal\u0131k da bir eki olan rapor be\u015f b\u00f6l\u00fcmden olu\u015fmaktad\u0131r, <strong style=\"mso-bidi-font-weight: normal;\">\u00f6zeti kamuoyu ile payla\u015f\u0131lm\u0131\u015ft\u0131r. <\/strong><\/span><\/span><span style=\"font-family: Times New Roman; font-size: small;\"><\/p>\n<p><span style=\"font-family: Times New Roman; font-size: small;\"><\/p>\n<p><p class=\"MsoNormal\" style=\"margin: 0cm 0cm 0pt;\">\u00a0<\/p>\n<\/p>\n<p><\/span><\/span><span style=\"font-size: small;\"><span style=\"font-family: Times New Roman;\">16 Ekim 2009&#8217;da bas\u0131n arac\u0131l\u0131\u011f\u0131yla Rapor&#8217;dan haberdar olunduktan sonra DDK&#8217; dan yaz\u0131 ile istenmi\u015f, 6 Kas\u0131m 2009 tarihinde gelen yan\u0131tta &#8220;uygulanmas\u0131 Ba\u015fbakanl\u0131\u011fa ait olan&#8221; raporun i\u00e7eri\u011finde gizlilik ta\u015f\u0131yan bilgiler olmas\u0131 nedeniyle tamam\u0131n\u0131n verilemeyece\u011fi bildirilmi\u015ftir. Bug\u00fcn itibariyle rapora ili\u015fkin daha fazla bilgi edinemeyece\u011fimiz anla\u015f\u0131lmaktad\u0131r. <strong style=\"mso-bidi-font-weight: normal;\">Rapor&#8217;un geri kalan\u0131n\u0131n a\u00e7\u0131klanmam\u0131\u015f olmas\u0131 Rapor&#8217;un ideolojik bir ama\u00e7 do\u011frultusunda \u015fekillendirildi\u011finin belirtisi olarak de\u011ferlendirilmelidir.<\/strong><\/span><\/span><\/p>\n<p class=\"MsoNormal\" style=\"margin: 0cm 0cm 0pt;\"><span style=\"font-family: Times New Roman; font-size: small;\">\u00a0<\/span><\/p>\n<p class=\"MsoNormal\" style=\"margin: 0cm 0cm 0pt;\"><span style=\"font-family: Times New Roman; font-size: small;\">Meslek \u00f6rg\u00fctleri olarak s\u00fcrece ili\u015fkin de\u011ferlendirmelerimizi bu a\u015famada k\u0131saca payla\u015fmay\u0131 gerekli g\u00f6r\u00fcyoruz.<\/span><\/p>\n<p class=\"MsoNormal\" style=\"margin: 0cm 0cm 0pt;\"><span style=\"font-family: Times New Roman; font-size: small;\">\u00a0<\/span><\/p>\n<p class=\"MsoNormal\" style=\"margin: 0cm 0cm 0pt;\"><span style=\"font-family: Times New Roman; font-size: small;\">Meslek \u00f6rg\u00fctlerinin mesle\u011fe ait sorumluluklar\u0131 ve toplumsal rolleri ile &#8220;sivillik&#8221; tart\u0131\u015fmas\u0131 hemen her zaman g\u00fcncel ve ya\u015fayan bir tart\u0131\u015fma ba\u015fl\u0131\u011f\u0131d\u0131r. Bu tart\u0131\u015fman\u0131n demokratik bir \u00fclkedeki tezah\u00fcr\u00fc ile 12 Eyl\u00fcl Anayasas\u0131 gibi rol\u00fc belli bir d\u00fczenleme zemininde ya\u015fanmas\u0131 aras\u0131nda fark olaca\u011f\u0131 a\u015fik\u00e2rd\u0131r. Bu a\u00e7\u0131klamada yer alan \u00f6rg\u00fctler mevcut anayasan\u0131n b\u00fct\u00fcn\u00fcne ve \u00f6zel olarak da meslek kurulu\u015flar\u0131n\u0131 tan\u0131mlayan 135. maddesine y\u00f6nelik de\u011ferlendirme ve taleplerini hem kamuoyu hem de TBMM ile her zaman payla\u015fm\u0131\u015flard\u0131r. Dolay\u0131s\u0131yla yasa yap\u0131c\u0131 olarak TBMM ve \u00f6zel olarak 2002 Kas\u0131m\u0131ndan bu yana tek ba\u015f\u0131na iktidar olan AKP iktidar\u0131 meslek \u00f6rg\u00fctlerinin de yer ald\u0131\u011f\u0131 T\u00fcrkiye&#8217;nin demokratik ortam\u0131n\u0131n seviyesinden sorumludur. Meslek \u00f6rg\u00fctlerinin geli\u015fim ve etkinli\u011finin \u00f6n\u00fcndeki temel engel olarak \u00f6ncelikle bu durum saptanmal\u0131d\u0131r.\u00a0<\/span><\/p>\n<p class=\"MsoNormal\" style=\"margin: 0cm 0cm 0pt;\"><span style=\"font-family: Times New Roman; font-size: small;\">\u00a0<\/span><\/p>\n<p class=\"MsoNormal\" style=\"margin: 0cm 0cm 0pt;\"><span style=\"font-family: Times New Roman; font-size: small;\">Raporun 16 Ekim 2009 tarihinde ANKA ajans\u0131\u00a0taraf\u0131ndan haberle\u015ftirilerek kamuoyuna yans\u0131mas\u0131yla iki nokta \u00f6ne \u00e7\u0131km\u0131\u015ft\u0131r:<\/span><\/p>\n<p class=\"MsoNormal\" style=\"margin: 0cm 0cm 0pt;\"><span style=\"font-family: Times New Roman; font-size: small;\">\u00a0<\/span><\/p>\n<ol style=\"margin-top: 0cm;\" type=\"1\">\n<li class=\"MsoNormal\" style=\"margin: 0cm 0cm 0pt; tab-stops: list 36.0pt; mso-list: l0 level1 lfo1;\"><span style=\"font-family: Times New Roman; font-size: small;\">Meslek \u00f6rg\u00fctlerinin ideolojik-politik organizasyonlar gibi hareket etmeleri ve<\/span><\/li>\n<li class=\"MsoNormal\" style=\"margin: 0cm 0cm 0pt; tab-stops: list 36.0pt; mso-list: l0 level1 lfo1;\"><span style=\"font-family: Times New Roman; font-size: small;\">Kurulu\u015f ama\u00e7lar\u0131 d\u0131\u015f\u0131nda kar ama\u00e7l\u0131 organizasyonlara benzemeleri.<\/span><\/li>\n<\/ol>\n<p class=\"MsoNormal\" style=\"margin: 0cm 0cm 0pt;\"><span style=\"font-family: Times New Roman; font-size: small;\">\u00a0<\/span><\/p>\n<p class=\"MsoNormal\" style=\"margin: 0cm 0cm 0pt;\"><span style=\"font-family: Times New Roman; font-size: small;\">\u00a0Bu durum haberde a\u015fa\u011f\u0131daki bi\u00e7imde ifade edilmi\u015ftir:<\/span><\/p>\n<p class=\"MsoNormal\" style=\"margin: 0cm 0cm 0pt;\"><span style=\"font-family: Times New Roman; font-size: small;\">\u00a0<\/span><\/p>\n<p class=\"MsoNormal\" style=\"margin: 0cm 0cm 0pt;\"><span style=\"font-family: Times New Roman; font-size: small;\">&#8220;Cumhurba\u015fkanl\u0131\u011f\u0131 Devlet Denetleme Kurulu (&#8230;.) meslek kurulu\u015flar\u0131n\u0131n politize oldu\u011funu, ideolojik faaliyet i\u00e7inde bulunduklar\u0131n\u0131 savunarak ger\u00e7ek i\u015flevlerine kavu\u015fturulmalar\u0131 gerekti\u011fini bildirdi&#8221;.\u00a0<\/span><\/p>\n<p class=\"MsoNormal\" style=\"margin: 0cm 0cm 0pt;\"><span style=\"font-family: Times New Roman; font-size: small;\">\u00a0<\/span><\/p>\n<p class=\"MsoNormal\" style=\"margin: 0cm 0cm 0pt;\"><span style=\"font-size: small;\"><span style=\"font-family: Times New Roman;\">Meslek \u00f6rg\u00fctleri olarak deneyimlerimiz, sendikalara yakla\u015f\u0131m, muhalif oldu\u011fu d\u00fc\u015f\u00fcn\u00fclen odaklara y\u00f6nelik hukuk tan\u0131maz tav\u0131rlar\u00a0ve \u00f6zel olarak halen T\u00fcrk Tabipleri Birli\u011fi nezdinde Sa\u011fl\u0131k Bakanl\u0131\u011f\u0131&#8217;n\u0131n denetleme giri\u015fimi g\u00f6z \u00f6n\u00fcne al\u0131nd\u0131\u011f\u0131nda raporun hedefi konusunda endi\u015felerimiz artmaktad\u0131r. <strong style=\"mso-bidi-font-weight: normal;\">Daha a\u00e7\u0131k s\u00f6ylemek gerekirse Rapor&#8217;un diline hakim olan s\u00f6ylemin meslek \u00f6rg\u00fctlerini &#8220;\u00f6teki&#8221; olarak konumland\u0131ran bir y\u00f6n\u00fc oldu\u011funu,\u00a0meslek \u00f6rg\u00fctlerini kamuoyu nezdinde karalamak ama\u00e7l\u0131 sistemli bir faaliyetin s\u00fcrd\u00fcr\u00fcld\u00fc\u011f\u00fcn\u00fc d\u00fc\u015f\u00fcnmekteyiz.<\/strong><\/span><\/span><\/p>\n<p class=\"MsoNormal\" style=\"margin: 0cm 0cm 0pt;\"><span style=\"font-family: Times New Roman; font-size: small;\">\u00a0<\/span><\/p>\n<p class=\"MsoNormal\" style=\"margin: 0cm 0cm 0pt;\"><span style=\"font-family: Times New Roman; font-size: small;\">Meslek \u00f6rg\u00fctleri olarak bilan\u00e7olar\u0131m\u0131z dahil b\u00fct\u00fcn mali ve di\u011fer etkinliklerimiz a\u00e7\u0131k olup kar ama\u00e7l\u0131 organizasyonlar olarak kamuoyuna tan\u0131t\u0131lmay\u0131 reddediyoruz. Cumhurba\u015fkanl\u0131\u011f\u0131 gibi en ciddi ve \u00f6zenli yakla\u015f\u0131m\u0131n beklenece\u011fi bir kurum ad\u0131na haz\u0131rlanan raporun toptanc\u0131 yakla\u015f\u0131m\u0131n\u0131 kurumsal kimli\u011fimize y\u00f6nelik sald\u0131r\u0131 olarak g\u00f6r\u00fcyoruz.<\/span><\/p>\n<p class=\"MsoNormal\" style=\"margin: 0cm 0cm 0pt;\"><span style=\"font-family: Times New Roman; font-size: small;\">\u00a0<\/span><\/p>\n<p class=\"MsoNormal\" style=\"margin: 0cm 0cm 0pt;\"><span style=\"font-size: small;\"><span style=\"font-family: Times New Roman;\"><strong style=\"mso-bidi-font-weight: normal;\">Hat\u0131rlatmak isteriz: Bizler 1980 sonras\u0131\u00a0yak\u0131n tarihimizin her t\u00fcrl\u00fc\u00a0 bask\u0131c\u0131, insan haklar\u0131n\u0131\u00a0\u00e7i\u011fneyen, \u00f6rg\u00fctlenmeyi ezen, demokratik haklar\u0131\u00a0bast\u0131ran iktidarlar\u0131na kar\u015f\u0131 m\u00fccadele eden \u00f6rg\u00fctleriz<\/strong>. <\/span><\/span><\/p>\n<p class=\"MsoNormal\" style=\"margin: 0cm 0cm 0pt;\"><span style=\"font-family: Times New Roman; font-size: small;\">\u00a0<\/span><\/p>\n<p class=\"MsoNormal\" style=\"margin: 0cm 0cm 0pt;\"><span style=\"font-family: Times New Roman; font-size: small;\">Bizler, mesleki sorumluluklar\u0131m\u0131zla halk\u0131n yarar\u0131n\u0131 bulu\u015fturmaya \u00e7al\u0131\u015fan \u00f6rg\u00fctleriz. O nedenle <strong style=\"mso-bidi-font-weight: normal;\">depremlerden n\u00fckleer santrallere, selden i\u015fkenceye, 2B arazilerinden kentsel d\u00f6n\u00fc\u015f\u00fcme, demokratik bir Anayasa talebinden Susurluk&#8217;a-kontrgerillaya&#8230; halk\u0131n \u00f6rg\u00fctl\u00fc kesimleri olarak duyarl\u0131l\u0131\u011f\u0131m\u0131za denk d\u00fc\u015fen tutumlar ald\u0131k,<\/strong> g\u00f6r\u00fc\u015fler a\u00e7\u0131klad\u0131k.<\/span><\/p>\n<p class=\"MsoNormal\" style=\"margin: 0cm 0cm 0pt;\"><span style=\"font-family: Times New Roman; font-size: small;\">\u00a0<\/span><\/p>\n<p class=\"MsoNormal\" style=\"margin: 0cm 0cm 0pt;\"><span style=\"font-family: Times New Roman; font-size: small;\">Kurul&#8217;un &#8220;\u00e7\u00f6z\u00fcm \u00f6nerileri&#8221;nin meslek \u00f6rg\u00fctlerinin mesleki hak ve yararlar ile toplumun yarar\u0131n\u0131 bulu\u015fturan \u00e7izgiyi y\u00fcr\u00fctmek ama\u00e7l\u0131 yapt\u0131klar\u0131 lobi, eylem, propaganda \u00e7abalar\u0131n\u0131 siyaset yapmak \u015feklinde nitelendirerek meslek kurulu\u015flar\u0131n\u0131 politize etmek olarak de\u011ferlendirilmesi, endi\u015felerimizin hakl\u0131l\u0131\u011f\u0131n\u0131 a\u00e7\u0131kl\u0131kla\u00a0 g\u00f6stermektedir. Bu etkinlikler demokratik bir ortam\u0131n gere\u011fidir.<\/span><\/p>\n<p class=\"MsoNormal\" style=\"margin: 0cm 0cm 0pt;\"><span style=\"font-family: Times New Roman; font-size: small;\">\u00a0<\/span><\/p>\n<p class=\"MsoNormal\" style=\"margin: 0cm 0cm 0pt;\"><span style=\"font-size: small;\"><span style=\"font-family: Times New Roman;\"><strong style=\"mso-bidi-font-weight: normal;\">\u00d6te yandan meslek \u00f6rg\u00fctlerinin mevcut se\u00e7im sistemlerinin anti demokratik oldu\u011fu vurgusu ve \u00e7\u00f6z\u00fcm \u00f6nerisi olarak nispi temsilin dillendirilmesi dikkat \u00e7ekicidir.<\/strong>\u00a0Bu ifadeler T\u00fcrk Di\u015f Hekimleri Birli\u011fi&#8217;nin kanunlar\u0131nda yap\u0131lmas\u0131 gereken \u00e7ok fazla de\u011fi\u015fiklik varken bug\u00fcnlerde sadece se\u00e7imlerine y\u00f6nelik bir de\u011fi\u015fiklik \u00f6nerisinin TBMM&#8217;ye sunulmas\u0131 ile &#8220;anlam&#8221; kazanmaktad\u0131r. <strong style=\"mso-bidi-font-weight: normal;\">Oysaki meslek \u00f6rg\u00fctlerinde demokratik bir yap\u0131lanman\u0131n olu\u015fmas\u0131 1982 Anayasas\u0131 ve ilgili kanunlar ile meslek \u00f6rg\u00fctleri \u00fczerinde kurulmu\u015f ve bug\u00fcn de devam etmekte olan vesayet\u00e7i ve anti demokratik uygulamalar\u0131n son bulmas\u0131 ile m\u00fcmk\u00fcnd\u00fcr.<\/strong><\/span><\/span><\/p>\n<p class=\"MsoNormal\" style=\"margin: 0cm 0cm 0pt;\"><span style=\"font-family: Times New Roman; font-size: small;\">\u00a0<\/span><\/p>\n<p class=\"MsoNormal\" style=\"margin: 0cm 0cm 0pt;\"><span style=\"font-family: Times New Roman; font-size: small;\">S\u00f6ylemek isteriz: Meslek \u00f6rg\u00fctlerinin etkinle\u015ftirilmeleri, geli\u015ftirilmeleri i\u00e7in at\u0131lacak her ad\u0131m\u0131n \u00f6znesi oldu\u011fumuz, i\u00e7inde yer alaca\u011f\u0131m\u0131z bilinmelidir. Bunun yolu meslek \u00f6rg\u00fctlerini \u00a0&#8220;etkin ve verimli bir yap\u0131ya d\u00f6n\u00fc\u015ft\u00fcrmek i\u00e7in \u00e7\u00f6z\u00fcm \u00f6nerileri&#8221; ad\u0131 alt\u0131nda ideolojik olarak sorgulamaktan ve ortadan kald\u0131rmaktan de\u011fil, T\u00fcrkiye&#8217;nin demokratikle\u015ftirilmesiyle birlikte bunu i\u00e7ine sindiren idarelerden, h\u00fck\u00fcmetlerden ge\u00e7mektedir.<\/span><\/p>\n<p class=\"MsoNormal\" style=\"margin: 0cm 0cm 0pt;\"><span style=\"font-family: Times New Roman; font-size: small;\">\u00a0<\/span><\/p>\n<p class=\"MsoNormal\" style=\"margin: 0cm 0cm 0pt;\"><span style=\"font-family: Times New Roman; font-size: small;\">Bir bi\u00e7imde kurumsal kimli\u011fimize y\u00f6nelik her t\u00fcrden bask\u0131ya kar\u015f\u0131 birlikte hareket edece\u011fimizi, T\u00fcrkiye&#8217;nin demokratikle\u015fmesi i\u00e7in d\u00fcn oldu\u011fu gibi bug\u00fcn de bedel \u00f6demeye haz\u0131r oldu\u011fumuzu kamuoyuna ilan ederiz.<\/span><\/p>\n<p class=\"MsoNormal\" style=\"margin: 0cm 0cm 0pt;\"><span style=\"font-family: Times New Roman; font-size: small;\">\u00a0<\/span><\/p>\n<p class=\"MsoNormal\" style=\"margin: 0cm 0cm 0pt;\"><span style=\"font-family: Times New Roman; font-size: small;\">\u00a0<\/span><\/p>\n<p class=\"MsoNormal\" style=\"margin: 0cm 0cm 0pt;\"><strong style=\"mso-bidi-font-weight: normal;\"><span style=\"font-size: small;\"><span style=\"font-family: Times New Roman;\">T\u00dcRK TAB\u0130PLER\u0130 B\u0130RL\u0130\u011e\u0130<\/span><\/span><\/strong><\/p>\n<p class=\"MsoNormal\" style=\"margin: 0cm 0cm 0pt;\"><strong style=\"mso-bidi-font-weight: normal;\"><span style=\"font-size: small;\"><span style=\"font-family: Times New Roman;\">T\u00dcRK M\u00dcHEND\u0130S VE M\u0130MAR ODALARI B\u0130RL\u0130\u011e\u0130 <\/span><\/span><\/strong><\/p>\n<p class=\"MsoNormal\" style=\"margin: 0cm 0cm 0pt;\"><strong style=\"mso-bidi-font-weight: normal;\"><span style=\"font-size: small;\"><span style=\"font-family: Times New Roman;\">T\u00dcRK ECZACILARI B\u0130RL\u0130\u011e\u0130<\/span><\/span><\/strong><\/p>\n<p class=\"MsoNormal\" style=\"margin: 0cm 0cm 0pt;\"><strong style=\"mso-bidi-font-weight: normal;\"><span style=\"font-size: small;\"><span style=\"font-family: Times New Roman;\">T\u00dcRK D\u0130\u015eHEK\u0130MLER\u0130 B\u0130RL\u0130\u011e\u0130<\/span><\/span><\/strong><\/p>\n","protected":false},"excerpt":{"rendered":"<p>20.11.2009(bug\u00fcn) \u0130stanbul Tabip Odas\u0131\u2019nda devlet denetleme kurulunun meslek \u00f6rg\u00fctlerine y\u00f6nelik bask\u0131c\u0131 ve anti demokratik yakla\u015f\u0131m\u0131n\u0131 a\u00e7\u0131\u011fa vuran raporu ile ilgili&#46;&#46;&#46;<\/p>\n","protected":false},"author":1,"featured_media":0,"comment_status":"closed","ping_status":"closed","sticky":false,"template":"","format":"standard","meta":{"_jetpack_memberships_contains_paid_content":false,"footnotes":""},"categories":[1],"tags":[],"class_list":["post-3644","post","type-post","status-publish","format-standard","hentry","category-ced"],"aioseo_notices":[],"jetpack_featured_media_url":"","jetpack_sharing_enabled":true,"jetpack-related-posts":[],"_links":{"self":[{"href":"http:\/\/www.ced.org.tr\/index.php?rest_route=\/wp\/v2\/posts\/3644","targetHints":{"allow":["GET"]}}],"collection":[{"href":"http:\/\/www.ced.org.tr\/index.php?rest_route=\/wp\/v2\/posts"}],"about":[{"href":"http:\/\/www.ced.org.tr\/index.php?rest_route=\/wp\/v2\/types\/post"}],"author":[{"embeddable":true,"href":"http:\/\/www.ced.org.tr\/index.php?rest_route=\/wp\/v2\/users\/1"}],"replies":[{"embeddable":true,"href":"http:\/\/www.ced.org.tr\/index.php?rest_route=%2Fwp%2Fv2%2Fcomments&post=3644"}],"version-history":[{"count":0,"href":"http:\/\/www.ced.org.tr\/index.php?rest_route=\/wp\/v2\/posts\/3644\/revisions"}],"wp:attachment":[{"href":"http:\/\/www.ced.org.tr\/index.php?rest_route=%2Fwp%2Fv2%2Fmedia&parent=3644"}],"wp:term":[{"taxonomy":"category","embeddable":true,"href":"http:\/\/www.ced.org.tr\/index.php?rest_route=%2Fwp%2Fv2%2Fcategories&post=3644"},{"taxonomy":"post_tag","embeddable":true,"href":"http:\/\/www.ced.org.tr\/index.php?rest_route=%2Fwp%2Fv2%2Ftags&post=3644"}],"curies":[{"name":"wp","href":"https:\/\/api.w.org\/{rel}","templated":true}]}}