{"id":3645,"date":"2009-11-24T10:51:18","date_gmt":"2009-11-24T08:51:18","guid":{"rendered":"http:\/\/www.ced.org.tr\/?p=3645"},"modified":"2009-11-24T10:51:18","modified_gmt":"2009-11-24T08:51:18","slug":"kamu-emekcilerinden-1-gunluk-uyari-grevi","status":"publish","type":"post","link":"http:\/\/www.ced.org.tr\/?p=3645","title":{"rendered":"KAMU EMEK\u00c7\u0130LER\u0130NDEN 1 G\u00dcNL\u00dcK UYARI GREV\u0130"},"content":{"rendered":"<p class=\"MsoNormal\" style=\"margin: 0cm 0cm 0pt;\"><span style=\"font-family: Times New Roman; font-size: small;\"><img loading=\"lazy\" decoding=\"async\" src=\"images\/stories\/dernek\/kesk24kasim2009.jpg\" border=\"0\" alt=\"bas\u0131n toplant\u0131s\u0131\" width=\"286\" height=\"168\" style=\"float: left; border: 0; margin: 4px;\" \/>Kamu emek\u00e7ileri 25 Kas\u0131m 2009 tarihinde 1 g\u00fcnl\u00fck uyar\u0131 grevi yapacaklar.<\/span><\/p>\n<p class=\"MsoNormal\" style=\"margin: 0cm 0cm 0pt;\"><span style=\"font-family: Times New Roman; font-size: small;\">\u00a0<\/span><\/p>\n<p class=\"MsoNormal\" style=\"margin: 0cm 0cm 0pt;\"><span style=\"font-family: Times New Roman; font-size: small;\">Konu ile ilgili 24 Kas\u0131m 2009(bug\u00fcn) tarihinde Taksim Hill hotelde bir bas\u0131n toplant\u0131s\u0131 d\u00fczenlendi.<\/span><\/p>\n<p class=\"MsoNormal\" style=\"margin: 0cm 0cm 0pt;\"><span style=\"font-family: Times New Roman; font-size: small;\">\u00a0<\/span><\/p>\n<p class=\"MsoNormal\" style=\"margin: 0cm 0cm 0pt;\"><span style=\"font-family: Times New Roman; font-size: small;\">Toplant\u0131ya KESK Genel Ba\u015fkan\u0131 Sami Evren, D\u0130SK Genel Ba\u015fkan\u0131 S\u00fcleyman \u00c7elebi, TMMOB Genel Ba\u015fkan\u0131 Mehmet So\u011fanc\u0131, T\u00fcrk-\u0130\u015f Genel Sekreteri Mustafa T\u00fcrker, TTB Genel Ba\u015fkan\u0131 Prof. Dr. Gen\u00e7ay G\u00fcrsoy, \u0130stanbul Eczac\u0131 Odas\u0131 Genel Sekreteri Ecz. Hakan Ertem, \u00c7ift\u00e7i-Sen Genel Ba\u015fkan\u0131 Abdullah Aysu kat\u0131ld\u0131.<\/span><\/p>\n<p class=\"MsoNormal\" style=\"margin: 0cm 0cm 0pt;\"><span style=\"font-family: Times New Roman; font-size: small;\">Kamu emek\u00e7ilerinin \u00fclke genelinde ger\u00e7ekle\u015ftirecekleri uyar\u0131 grevini, &#8220;\u00c7al\u0131\u015fma ya\u015fam\u0131n\u0131n demokratik olmamas\u0131 ve kamuya yeterli kaynak aktar\u0131lmamas\u0131&#8221; nedeniyle yapt\u0131klar\u0131n\u0131 belirten KESK Genel Ba\u015fkan\u0131 Sami Evren, \u00e7al\u0131\u015fanlar\u0131n toplu s\u00f6zle\u015fme ve grev haklar\u0131n\u0131 kullanma olana\u011f\u0131n\u0131n da k\u0131s\u0131tl\u0131 oldu\u011funu s\u00f6yledi. Evren, &#8220;Toplam i\u015f g\u00fcc\u00fc i\u00e7erisinde emek\u00e7ilerin \u00e7ok az bir oran\u0131 sendikal\u0131 olabiliyorsa, o \u00fclkede demokrasi defolu demektir&#8221; dedi.\u00a0<\/span><\/p>\n<p class=\"MsoNormal\" style=\"margin: 0cm 0cm 0pt;\"><span style=\"font-family: Times New Roman; font-size: small;\">25 Kas\u0131m&#8217;da ger\u00e7ekle\u015ftirilecek grevin, 1969&#8217;da T\u00fcrkiye \u00d6\u011fretmenler Sendikas\u0131 (T\u00d6S) taraf\u0131ndan yap\u0131lan grevden sonraki en b\u00fcy\u00fck eylem olaca\u011f\u0131n\u0131 kaydeden Evren, grev nedeniyle hastanelerde acil sa\u011fl\u0131k hizmetlerinin d\u0131\u015f\u0131nda hizmet verilmeyece\u011fini, vergi dairelerinde i\u015flemlerin durdurulaca\u011f\u0131n\u0131, trenlerin durdurulup, u\u00e7aklar\u0131n r\u00f6tar yapaca\u011f\u0131n\u0131 s\u00f6yledi.\u00a0<\/span><\/p>\n<p class=\"MsoNormal\" style=\"margin: 0cm 0cm 0pt;\"><span style=\"font-family: Times New Roman; font-size: small;\">Evren, &#8220;H\u00fck\u00fcmetin bu eylemi do\u011fru de\u011ferlendirmesini umuyorum. E\u011fer bunu do\u011fru alg\u0131lamazlarsa 25 Kas\u0131m daha b\u00fcy\u00fck eylemlerin ba\u015flang\u0131c\u0131 olacak&#8221; uyar\u0131s\u0131nda bulundu.\u00a0<\/span><\/p>\n<p class=\"MsoNormal\" style=\"margin: 0cm 0cm 0pt;\"><span style=\"font-family: Times New Roman; font-size: small;\">D\u0130SK Genel Ba\u015fkan\u0131 S\u00fcleyman \u00c7elebi de sendika olarak \u00f6rg\u00fctl\u00fc olduklar\u0131 t\u00fcm i\u015fyerlerinde greve destek vereceklerini belirtti.\u00a0<\/span><\/p>\n<p class=\"MsoNormal\" style=\"margin: 0cm 0cm 0pt;\"><span style=\"font-family: Times New Roman; font-size: small;\">\u00c7elebi&#8217;nin ard\u0131ndan konu\u015fan T\u00fcrk-\u0130\u015f Genel Sekreteri Mustafa T\u00fcrker ise bu grevin t\u00fcm emek\u00e7ileri ilgilendirdi\u011fini belirterek kamuda \u00e7al\u0131\u015fan i\u015f\u00e7ilerin de bu greve \u00fcretimi durdurarak destek vereceklerini ifade etti.\u00a0<\/span><\/p>\n<p class=\"MsoNormal\" style=\"margin: 0cm 0cm 0pt;\"><span style=\"font-family: Times New Roman; font-size: small;\">TTB Ba\u015fkan\u0131 G\u00fcn\u00e7ay G\u00fcrsoy da hekimlerin de eyleme destek vereceklerini kaydederek, acil konular d\u0131\u015f\u0131nda hastanelere ba\u015fvurulmamas\u0131n\u0131 istedi. Prof. Dr. G\u00fcrsoy, 25 Kas\u0131m&#8217;da hastanelerde domuz gribiyle ilgili sa\u011fl\u0131k hizmetlerinin, a\u015f\u0131laman\u0131n devam edece\u011fini de ifade ederek, ayr\u0131ca acil ve yo\u011fun bak\u0131m servislerinde de hizmetlerin aksamayaca\u011f\u0131n\u0131 belirtti.\u00a0<\/span><\/p>\n<p class=\"MsoNormal\" style=\"margin: 0cm 0cm 0pt;\"><span style=\"font-family: Times New Roman; font-size: small;\">TMMOB Ba\u015fkan\u0131 Mehmet So\u011fanc\u0131 da 350 bin \u00fcyelerinin \u00fc\u00e7te birinin kamuda \u00e7al\u0131\u015ft\u0131\u011f\u0131na dikkati \u00e7ekerek, eyleme destek vereceklerini s\u00f6yledi.<\/span><\/p>\n<p class=\"MsoNormal\" style=\"margin: 0cm 0cm 0pt;\"><span style=\"font-family: Times New Roman; font-size: small;\">\u00a0<\/span><\/p>\n<p class=\"MsoNormal\" style=\"margin: 0cm 0cm 0pt;\"><span style=\"font-family: Times New Roman; font-size: small;\">T\u00fcrk Eczac\u0131lar\u0131 Birli\u011fi&#8217;ni temsilen toplant\u0131ya kat\u0131lan \u0130stanbul Eczac\u0131 Odas\u0131 Genel Sekreteri Ecz. Hakan Ertem ise \u015funlar\u0131 s\u00f6yledi:\u00a0<\/span><\/p>\n<p class=\"MsoNormal\" style=\"margin: 0cm 0cm 0pt;\"><span style=\"font-family: Times New Roman; font-size: small;\">\u00a0<\/span><\/p>\n<p class=\"MsoNormal\" style=\"margin: 0cm 0cm 0pt;\"><span style=\"font-family: Times New Roman; font-size: small;\">&#8220;Sa\u011fl\u0131kta D\u00f6n\u00fc\u015f\u00fcm Program\u0131&#8217;n\u0131n \u00fclkemizde sa\u011fl\u0131k hizmetlerini ne hale getirdi\u011fini hepimiz g\u00f6r\u00fcyoruz. Bizler muayene kat\u0131l\u0131m pay\u0131, ila\u00e7 fiyat fark\u0131 ve ila\u00e7 kat\u0131l\u0131m pay\u0131 adlar\u0131 alt\u0131nda hastalar\u0131m\u0131zdan almak zorunda b\u0131rak\u0131ld\u0131\u011f\u0131m\u0131z \u00fccretleri i\u00e7imize sindiremiyoruz. Muayene \u00fccretlerine de, bu \u00fccretlerin bizler taraf\u0131ndan tahsil edilmesine de kar\u015f\u0131y\u0131z.&#8221;\u00a0<\/span><\/p>\n<p class=\"MsoNormal\" style=\"margin: 0cm 0cm 0pt;\"><span style=\"font-family: Times New Roman; font-size: small;\">Halk\u0131n sa\u011fl\u0131k ve ila\u00e7 hizmetine ula\u015fmakta zorluk \u00e7ekti\u011fini belirten Ecz. Ertem, bu s\u00fcrecin mutlak surette de\u011fi\u015ftirilmesi gerekti\u011fini dile getirerek 25 Kas\u0131m&#8217;da yap\u0131lacak uyar\u0131 eyleminde kamu emek\u00e7ilerinin yanlar\u0131nda olduklar\u0131n\u0131 ifade etti.<\/span><\/p>\n","protected":false},"excerpt":{"rendered":"<p>Kamu emek\u00e7ileri 25 Kas\u0131m 2009 tarihinde 1 g\u00fcnl\u00fck uyar\u0131 grevi yapacaklar. \u00a0 Konu ile ilgili 24 Kas\u0131m 2009(bug\u00fcn) tarihinde Taksim&#46;&#46;&#46;<\/p>\n","protected":false},"author":1,"featured_media":0,"comment_status":"closed","ping_status":"closed","sticky":false,"template":"","format":"standard","meta":{"_jetpack_memberships_contains_paid_content":false,"footnotes":""},"categories":[1],"tags":[],"class_list":["post-3645","post","type-post","status-publish","format-standard","hentry","category-ced"],"aioseo_notices":[],"jetpack_featured_media_url":"","jetpack_sharing_enabled":true,"jetpack-related-posts":[],"_links":{"self":[{"href":"http:\/\/www.ced.org.tr\/index.php?rest_route=\/wp\/v2\/posts\/3645","targetHints":{"allow":["GET"]}}],"collection":[{"href":"http:\/\/www.ced.org.tr\/index.php?rest_route=\/wp\/v2\/posts"}],"about":[{"href":"http:\/\/www.ced.org.tr\/index.php?rest_route=\/wp\/v2\/types\/post"}],"author":[{"embeddable":true,"href":"http:\/\/www.ced.org.tr\/index.php?rest_route=\/wp\/v2\/users\/1"}],"replies":[{"embeddable":true,"href":"http:\/\/www.ced.org.tr\/index.php?rest_route=%2Fwp%2Fv2%2Fcomments&post=3645"}],"version-history":[{"count":0,"href":"http:\/\/www.ced.org.tr\/index.php?rest_route=\/wp\/v2\/posts\/3645\/revisions"}],"wp:attachment":[{"href":"http:\/\/www.ced.org.tr\/index.php?rest_route=%2Fwp%2Fv2%2Fmedia&parent=3645"}],"wp:term":[{"taxonomy":"category","embeddable":true,"href":"http:\/\/www.ced.org.tr\/index.php?rest_route=%2Fwp%2Fv2%2Fcategories&post=3645"},{"taxonomy":"post_tag","embeddable":true,"href":"http:\/\/www.ced.org.tr\/index.php?rest_route=%2Fwp%2Fv2%2Ftags&post=3645"}],"curies":[{"name":"wp","href":"https:\/\/api.w.org\/{rel}","templated":true}]}}