{"id":3646,"date":"2009-11-24T15:07:10","date_gmt":"2009-11-24T13:07:10","guid":{"rendered":"http:\/\/www.ced.org.tr\/?p=3646"},"modified":"2009-11-24T15:07:10","modified_gmt":"2009-11-24T13:07:10","slug":"daha-ozgur-esit-ve-adil-bir-hayat-icin-25-kasimda-hayati-1-gun-durduracagiz","status":"publish","type":"post","link":"http:\/\/www.ced.org.tr\/?p=3646","title":{"rendered":"Daha \u00d6zg\u00fcr, E\u015fit ve Adil Bir Hayat \u0130\u00e7in 25 Kas\u0131m\u2019da Hayat\u0131 1 G\u00fcn Durduraca\u011f\u0131z!"},"content":{"rendered":"<p class=\"MsoNormal\" style=\"margin: 0cm 0cm 0pt;\"><span style=\"font-family: Times New Roman; font-size: small;\"><img loading=\"lazy\" decoding=\"async\" src=\"images\/stories\/dernek\/ttb24aralik2009.jpg\" border=\"0\" alt=\"ttb\" width=\"400\" height=\"570\" style=\"float: left; border: 0; margin: 4px;\" \/>KESK, D\u0130SK, TMMOB, T\u00fcrk Tabipleri Birli\u011fi ve T\u00fcrk-\u0130\u015f, 25 Kas\u0131m g\u00fcn\u00fc yap\u0131lacak 1 g\u00fcnl\u00fck uyar\u0131 eylemi hakk\u0131nda bilgi vermek \u00fczere, ortak bir bas\u0131n toplant\u0131s\u0131 d\u00fczenlediler.<\/span><\/p>\n<p class=\"MsoNormal\" style=\"margin: 0cm 0cm 0pt;\"><span style=\"font-family: Times New Roman; font-size: small;\">\u00a0<\/span><\/p>\n<p class=\"MsoNormal\" style=\"margin: 0cm 0cm 0pt;\"><span style=\"font-size: small;\"><span style=\"font-family: Times New Roman;\">BASIN A\u00c7IKLAMASI<\/p>\n<p><strong style=\"mso-bidi-font-weight: normal;\">Daha \u00d6zg\u00fcr, E\u015fit ve Adil Bir Hayat \u0130\u00e7in 25 Kas\u0131m\u2019da Hayat\u0131 1 G\u00fcn Durduraca\u011f\u0131z!<\/strong><\/span><\/span><\/p>\n<p class=\"MsoNormal\" style=\"margin: 0cm 0cm 0pt;\"><span style=\"font-family: Times New Roman; font-size: small;\">\u00a0<\/span><\/p>\n<p class=\"MsoNormal\" style=\"margin: 0cm 0cm 0pt;\"><span style=\"font-family: Times New Roman; font-size: small;\">T\u00fcrkiye\u2019de emek\u00e7iler 30 y\u0131ld\u0131r yo\u011fun bir taarruz alt\u0131nda hayata tutunmaya \u00e7al\u0131\u015f\u0131yor. Bu taarruzun \u00f6nc\u00fcl\u00fc\u011f\u00fcn\u00fc, en temel insan ihtiya\u00e7lar\u0131n\u0131 dahi piyasalar\u0131n azg\u0131n denetimine b\u0131rakmay\u0131 hedefleyen neo-liberal ideoloji ve onun kadrolar\u0131 y\u00fcr\u00fct\u00fcyor. Hava ve su dahil her t\u00fcrl\u00fc temel maddeyi meta olarak g\u00f6ren, sa\u011fl\u0131k, e\u011fitim ve adalet gibi en temel toplumsal hizmetleri k\u00e2rl\u0131 bir Pazar haline getirmeyi hedefleyen siyasi kadrolar\u0131n egemenli\u011finde ge\u00e7irilen on y\u0131llar boyunca emek\u00e7iler devasa kay\u0131plara u\u011frad\u0131lar. <\/span><\/p>\n<p class=\"MsoNormal\" style=\"margin: 0cm 0cm 0pt;\"><span style=\"font-family: Times New Roman; font-size: small;\">\u0130\u015fsizlikle, \u00f6zelle\u015ftirmeyle, ta\u015feronla\u015ft\u0131rmayla, sefalet \u00fccretleriyle terbiye edilmek istendiler. Genel olarak bu y\u00f6nde ge\u00e7en 30 y\u0131l boyunca emek\u00e7iler \u00f6rg\u00fcts\u00fczl\u00fc\u011fe, sendikas\u0131zl\u0131\u011fa, kay\u0131td\u0131\u015f\u0131 \u00e7al\u0131\u015ft\u0131r\u0131lmaya mahk\u00fbm edildiler. Bug\u00fcn bu \u00fclkede a\u00e7l\u0131k s\u0131n\u0131r\u0131n\u0131n alt\u0131nda bir asgari \u00fccret uygulanabiliyorsa,\u00a0bu emek\u00e7ilerin \u00f6rg\u00fctl\u00fcl\u00fc\u011f\u00fcn\u00fcn sistematik olarak engellenmesi, bast\u0131r\u0131lmas\u0131 sayesinde m\u00fcmk\u00fcn olmu\u015ftur. Bug\u00fcn bu \u00fclkede \u00e7al\u0131\u015farak hayat\u0131n\u0131 kazanmak hayal haline getirilmi\u015fse bu emek \u00f6rg\u00fctlerini, sendikalar\u0131 d\u0131\u015flayan \u00e7arp\u0131k bir demokrasi anlay\u0131\u015f\u0131n\u0131n sonucudur.<\/span><\/p>\n<p class=\"MsoNormal\" style=\"margin: 0cm 0cm 0pt;\"><span style=\"font-family: Times New Roman; font-size: small;\">\u00a0<\/span><\/p>\n<p class=\"MsoNormal\" style=\"margin: 0cm 0cm 0pt;\"><span style=\"font-family: Times New Roman; font-size: small;\">Bug\u00fcn bu \u00fclkede kamu emek\u00e7ilerinin % 90\u2019\u0131 yoksulluk s\u0131n\u0131r\u0131n\u0131n alt\u0131nda bir \u00fccrete mahk\u00fbm edildiyse bunun nedeni bu neo-liberal politikalard\u0131r. Resmi rakamlara g\u00f6re \u00e7al\u0131\u015fan n\u00fcf\u00fcsun % 15\u2019i, ger\u00e7ek rakamlara g\u00f6re % 20\u2019si bug\u00fcn i\u015fsizdir. Yani s\u0131f\u0131r gelire sahiptir. \u00c7ocu\u011funa ekmek g\u00f6t\u00fcremeyen, en temel ihtiya\u00e7lar\u0131n\u0131 kar\u015f\u0131layamayan 6 milyon emek\u00e7i bug\u00fcn \u00e7al\u0131\u015fma hayat\u0131n\u0131n d\u0131\u015f\u0131na itilmi\u015ftir. Emekliler a\u00e7l\u0131k s\u0131n\u0131r\u0131n\u0131n alt\u0131nda bir \u00fccretle ya\u015fam kavgas\u0131 vermeye zorlanmaktad\u0131r. Bug\u00fcn ki siyasi iktidar burada s\u00f6z\u00fcn\u00fc etti\u011fimiz neo-liberal politikalar\u0131n ko\u015fulsuz savunucusudur. \u00a0<\/span><\/p>\n<p class=\"MsoNormal\" style=\"margin: 0cm 0cm 0pt;\"><span style=\"font-family: Times New Roman; font-size: small;\">\u00a0<\/span><\/p>\n<p class=\"MsoNormal\" style=\"margin: 0cm 0cm 0pt;\"><span style=\"font-family: Times New Roman; font-size: small;\">Bu politikalar kriz politikalar\u0131d\u0131r. 1994\u2019te, 2001\u2019de ve son olarak 2008\u2019 de \u00fclkeyi krize sokan bu neo-liberal politikalard\u0131r. Ge\u00e7mi\u015f krizlerde emek\u00e7ilerin \u00f6rg\u00fcts\u00fczl\u00fc\u011f\u00fcne dayanarak, bask\u0131 politikalar\u0131na dayanarak, anti-demokratik uygulamalara dayanarak krizlerin faturas\u0131 hep emek\u00e7ilere \u00e7\u0131kar\u0131lm\u0131\u015f, emek\u00e7ilere \u00f6dettirilmi\u015ftir. Bug\u00fcn de siyasi iktidar ya\u015famakta oldu\u011fumuz krizin bedelini bizlere, emek\u00e7ilere \u00f6dettirme d\u00fc\u015f\u00fcncesindedir.<\/span><\/p>\n<p class=\"MsoNormal\" style=\"margin: 0cm 0cm 0pt;\"><span style=\"font-family: Times New Roman; font-size: small;\">\u00a0<\/p>\n<p><font face=\"Times New Roman\" size=\"3\"><\/p>\n<p class=\"MsoNormal\" style=\"margin: 0cm 0cm 0pt;\">\u00a0<\/p>\n<p><\/font><\/span><\/p>\n<p class=\"MsoNormal\" style=\"margin: 0cm 0cm 0pt;\">\u00a0<\/p>\n<p class=\"MsoNormal\" style=\"margin: 0cm 0cm 0pt;\"><span style=\"font-family: Times New Roman; font-size: small;\">Bu iktidar\u0131n yerel ve uluslararas\u0131 mahkemelerde defalarca kazand\u0131\u011f\u0131m\u0131z davalara ra\u011fmen toplu s\u00f6zle\u015fme ve grev hakk\u0131m\u0131z\u0131 gasp etmesinin sebebi budur. Soka\u011fa \u00e7\u0131k\u0131p hakk\u0131n\u0131 arayan emek\u00e7ilere polis g\u00fcc\u00fcyle sald\u0131rmas\u0131n\u0131n nedeni budur. Krize kar\u015f\u0131 \u00f6nlem paketi ad\u0131 alt\u0131nda halktan, emek\u00e7iden al\u0131p sermayeye aktarma projelerinin nedeni budur.\u00a0<\/span><\/p>\n<p class=\"MsoNormal\" style=\"margin: 0cm 0cm 0pt;\"><span style=\"font-family: Times New Roman; font-size: small;\">\u00a0<\/span><\/p>\n<p class=\"MsoNormal\" style=\"margin: 0cm 0cm 0pt;\"><span style=\"font-family: Times New Roman; font-size: small;\">De\u011ferli Bas\u0131n Emek\u00e7ileri,<\/span><\/p>\n<p class=\"MsoNormal\" style=\"margin: 0cm 0cm 0pt;\"><span style=\"font-family: Times New Roman; font-size: small;\">\u00a0<\/span><\/p>\n<p class=\"MsoNormal\" style=\"margin: 0cm 0cm 0pt;\"><span style=\"font-family: Times New Roman; font-size: small;\">25 Kas\u0131m Uyar\u0131 grevi\u2019nin arkas\u0131nda yatan nedenler bunlard\u0131r. Bu siyasi iktidar d\u00f6neminde kamu emek\u00e7ileri \u00fccret baz\u0131nda % 30, al\u0131m g\u00fcc\u00fc baz\u0131nda % 50 reel kay\u0131plara u\u011frat\u0131lm\u0131\u015flard\u0131r. <\/span><\/p>\n<p class=\"MsoNormal\" style=\"margin: 0cm 0cm 0pt;\"><span style=\"font-family: Times New Roman; font-size: small;\">Bu siyasi iktidar d\u00f6neminde kamu emek\u00e7ileri defalarca haklar\u0131 olan toplu s\u00f6zle\u015fme yerine, \u201ctoplu g\u00f6r\u00fc\u015fme\u201d ad\u0131 alt\u0131nda d\u00fcnyada \u00f6rne\u011fi olmayan bir uygulamaya zorlanm\u0131\u015flard\u0131r.<\/span><\/p>\n<p class=\"MsoNormal\" style=\"margin: 0cm 0cm 0pt;\"><span style=\"font-family: Times New Roman; font-size: small;\">\u00a0<\/span><\/p>\n<p class=\"MsoNormal\" style=\"margin: 0cm 0cm 0pt;\"><span style=\"font-family: Times New Roman; font-size: small;\">AKP d\u00f6neminde sendikal kadrolar kovu\u015fturulmu\u015f, s\u00fcr\u00fclm\u00fc\u015f, meslekten at\u0131lm\u0131\u015ft\u0131r. Bu siyasi iktidar d\u00f6neminde \u00fclke sermaye i\u00e7in dikensiz bir g\u00fcl bah\u00e7esine d\u00f6n\u00fc\u015ft\u00fcr\u00fclm\u00fc\u015ft\u00fcr. Bu iktidar demokrasiyi se\u00e7ilmi\u015flerin ba\u015fta oldu\u011fu bir krall\u0131k olarak g\u00f6rmektedir. Toplumun \u00f6rg\u00fctl\u00fc kat\u0131l\u0131m\u0131n\u0131n olmad\u0131\u011f\u0131, emek kurulu\u015flar\u0131n\u0131n sendikalar\u0131n dahil olamad\u0131\u011f\u0131 bir rejime demokrasi denemez. <\/span><\/p>\n<p class=\"MsoNormal\" style=\"margin: 0cm 0cm 0pt;\"><span style=\"font-family: Times New Roman; font-size: small;\">\u00a0<\/span><\/p>\n<p class=\"MsoNormal\" style=\"margin: 0cm 0cm 0pt;\"><span style=\"font-family: Times New Roman; font-size: small;\">Bug\u00fcn \u00fclkenin en b\u00fcy\u00fck sorunu i\u015fsizliktir. Bu ak\u0131l almaz i\u015fsizlik tablosuna ra\u011fmen kamu emek\u00e7ileri nitelikli kamu hizmeti verecek say\u0131da de\u011fildir. T\u00fcrkiye\u2019de kamu hizmetlerinin g\u00f6r\u00fclmesi i\u00e7in elemana ihtiyac\u0131 vard\u0131r.. Geli\u015fmi\u015f \u00fclkeler baz\u0131nda bak\u0131ld\u0131\u011f\u0131nda ortalama her 20 ki\u015fiye d\u00fc\u015fen kamu \u00e7al\u0131\u015fan\u0131 say\u0131s\u0131 T\u00fcrkiye\u2019de ancak 30 ki\u015fiye hizmet verebilmektedir. \u00d6rne\u011fin e\u011fitim alan\u0131nda OECD \u00fcyesi \u00fclkelerde ilk\u00f6\u011fretim ve orta\u00f6\u011fretimde 1.000 \u00f6\u011frenci ba\u015f\u0131na ortalama 73 \u00f6\u011fretmen d\u00fc\u015f\u00fcyor. T\u00fcrkiye&#8217;de ise 1000 \u00f6\u011frenci ba\u015f\u0131na d\u00fc\u015fen \u00f6\u011fretmen say\u0131s\u0131 42\u2019dir.T\u00fcrkiye\u2019deki kamu \u00e7al\u0131\u015fan\u0131 say\u0131s\u0131n\u0131n geli\u015fmi\u015f \u00fclkeler d\u00fczeyine ula\u015fabilmesi demek kamu \u00e7al\u0131\u015fan\u0131 say\u0131s\u0131n\u0131n yakla\u015f\u0131k y\u00fczde 50 oran\u0131nda art\u0131r\u0131lmas\u0131 anlam\u0131na gelir ki bu da halen 2 milyon d\u00fczeyinde olan kamu \u00e7al\u0131\u015fan\u0131 say\u0131s\u0131n\u0131n 1 milyon art\u0131r\u0131lmas\u0131 anlam\u0131na gelir.\u00a0 <\/span><\/p>\n<p class=\"MsoNormal\" style=\"margin: 0cm 0cm 0pt;\"><span style=\"font-family: Times New Roman; font-size: small;\">Siyasi iktidar \u00fclkenin bu ger\u00e7eklerine s\u0131rt\u0131n\u0131 d\u00f6nmekte, haz\u0131rlad\u0131\u011f\u0131 b\u00fct\u00e7ede i\u015fsizlikle m\u00fccadele etmek niyetinde olmad\u0131\u011f\u0131n\u0131 a\u00e7\u0131k\u00e7a ortaya koymakta ve \u00fclkenin \u00f6n\u00fcne istihdams\u0131z b\u00fcy\u00fcme hedefini koymaktad\u0131r.<\/span><\/p>\n<p class=\"MsoNormal\" style=\"margin: 0cm 0cm 0pt;\"><span style=\"font-family: Times New Roman; font-size: small;\">\u00a0<\/span><\/p>\n<p class=\"MsoNormal\" style=\"margin: 0cm 0cm 0pt;\"><span style=\"font-family: Times New Roman; font-size: small;\">25 Kas\u0131m Grevinin arkas\u0131nda b\u00f6yle bir tablo yatmaktad\u0131r. <\/span><\/p>\n<p class=\"MsoNormal\" style=\"margin: 0cm 0cm 0pt;\"><span style=\"font-family: Times New Roman; font-size: small;\">\u00a0<\/span><\/p>\n<p class=\"MsoNormal\" style=\"margin: 0cm 0cm 0pt;\"><span style=\"font-family: Times New Roman; font-size: small;\">Sendikalar, siyasi iktidarlar\u0131n isteklerini emek\u00e7ilere aktarma \u00f6rg\u00fctleri de\u011fildir. Sendikalar hak arama \u00f6rg\u00fctleridir, m\u00fccadele \u00f6rg\u00fctleridir. <\/span><\/p>\n<p class=\"MsoNormal\" style=\"margin: 0cm 0cm 0pt;\"><span style=\"font-family: Times New Roman; font-size: small;\">\u00a0<\/span><\/p>\n<p class=\"MsoNormal\" style=\"margin: 0cm 0cm 0pt;\"><span style=\"font-family: Times New Roman; font-size: small;\">Bu nedenle 25 Kas\u0131m Grevi \u00f6ncelikle ya\u015fad\u0131\u011f\u0131m\u0131z\u0131n krizin bedelini emek\u00e7ilere fatura etmeye \u00e7al\u0131\u015fan siyasi iktidara kar\u015f\u0131 bir isyan \u00e7\u0131\u011fl\u0131\u011f\u0131d\u0131r. 25 Kas\u0131m grevi kamu emek\u00e7ilerinin daha fazla y\u00fczdelik zam talebiyle ilgili de\u011fildir. Bu nedenle i\u015fsizlerin, asgari \u00fccretlilerin, emeklilerin, gen\u00e7lerin, kad\u0131nlar\u0131n talepleri etraf\u0131nda \u00f6rg\u00fctlenmi\u015f bir eylemdir. 30 y\u0131ld\u0131r emek\u00e7ilerin u\u011frad\u0131\u011f\u0131 muazzam neo-liberal taarruza kar\u015f\u0131 emek\u00e7ilerin kar\u015f\u0131-taarruzudur. Emek, bar\u0131\u015f ve demokrasi m\u00fccadelemizin en olgun ifadesidir 25 Kas\u0131m Grevi. <\/span><\/p>\n<p class=\"MsoNormal\" style=\"margin: 0cm 0cm 0pt;\"><span style=\"font-family: Times New Roman; font-size: small;\">\u00a0<\/span><\/p>\n<p class=\"MsoNormal\" style=\"margin: 0cm 0cm 0pt;\"><span style=\"font-family: Times New Roman; font-size: small;\">25 Kas\u0131m\u2019da daha e\u015fit, \u00f6zg\u00fcr ve adil bir hayat i\u00e7in hayat\u0131 1 g\u00fcn durduraca\u011f\u0131z. 25 Kas\u0131m\u2019da okullarda e\u011fitim verilmeyecek; vergi toplanmayacak; belediye hizmetleri duracak, u\u00e7aklar u\u00e7mayacak, trenler y\u00fcr\u00fcmeyecek; acil servisler d\u0131\u015f\u0131nda hastaneler hizmet vermeyecek.<\/span><\/p>\n<p class=\"MsoNormal\" style=\"margin: 0cm 0cm 0pt;\"><span style=\"font-family: Times New Roman; font-size: small;\">\u00a0<\/span><\/p>\n<p class=\"MsoNormal\" style=\"margin: 0cm 0cm 0pt;\"><span style=\"font-family: Times New Roman; font-size: small;\">25 Kas\u0131m Grevi bir uyar\u0131 grevidir. Temel talebi demokratik bir \u00e7al\u0131\u015fma ya\u015fam\u0131 i\u00e7in toplu s\u00f6zle\u015fme ve grev hakk\u0131m\u0131z\u0131n hayata ge\u00e7irilmesi; krizin bedelinin emek\u00e7ilere \u00f6detilmemesi ve emek\u00e7ilerin kay\u0131plar\u0131n\u0131n kar\u015f\u0131lanmas\u0131d\u0131r.<\/span><\/p>\n<p class=\"MsoNormal\" style=\"margin: 0cm 0cm 0pt;\"><span style=\"font-family: Times New Roman; font-size: small;\">\u00a0<\/span><\/p>\n<p class=\"MsoNormal\" style=\"margin: 0cm 0cm 0pt;\"><span style=\"font-family: Times New Roman; font-size: small;\">B\u00fct\u00fcn T\u00fcrkiye emek\u00e7ilerini,<\/span><\/p>\n<p class=\"MsoNormal\" style=\"margin: 0cm 0cm 0pt;\"><span style=\"font-family: Times New Roman; font-size: small;\">\u00a0<\/span><\/p>\n<p class=\"MsoNormal\" style=\"margin: 0cm 0cm 0pt;\"><span style=\"font-family: Times New Roman; font-size: small;\">\u0130\u015fsizleri, k\u00fc\u00e7\u00fck \u00fcretici ve esnaf\u0131, emeklileri, gen\u00e7leri, ev kad\u0131nlar\u0131n\u0131 ve demokratik kamuoyunu 25 Kas\u0131m Gevini desteklemeye, daha \u00f6zg\u00fcr, e\u015fit ve adil bir T\u00fcrkiye i\u00e7in bu greve omuz vermeye \u00e7a\u011f\u0131r\u0131yoruz.<\/span><\/p>\n<p class=\"MsoNormal\" style=\"margin: 0cm 0cm 0pt;\"><span style=\"font-family: Times New Roman; font-size: small;\">\u00a0<\/span><\/p>\n<p class=\"MsoNormal\" style=\"margin: 0cm 0cm 0pt;\"><span style=\"font-family: Times New Roman; font-size: small;\">Yolumuz a\u00e7\u0131k olsun!<\/span><\/p>\n","protected":false},"excerpt":{"rendered":"<p>KESK, D\u0130SK, TMMOB, T\u00fcrk Tabipleri Birli\u011fi ve T\u00fcrk-\u0130\u015f, 25 Kas\u0131m g\u00fcn\u00fc yap\u0131lacak 1 g\u00fcnl\u00fck uyar\u0131 eylemi hakk\u0131nda bilgi vermek \u00fczere,&#46;&#46;&#46;<\/p>\n","protected":false},"author":1,"featured_media":0,"comment_status":"closed","ping_status":"closed","sticky":false,"template":"","format":"standard","meta":{"_jetpack_memberships_contains_paid_content":false,"footnotes":""},"categories":[1],"tags":[],"class_list":["post-3646","post","type-post","status-publish","format-standard","hentry","category-ced"],"aioseo_notices":[],"jetpack_featured_media_url":"","jetpack_sharing_enabled":true,"jetpack-related-posts":[],"_links":{"self":[{"href":"http:\/\/www.ced.org.tr\/index.php?rest_route=\/wp\/v2\/posts\/3646","targetHints":{"allow":["GET"]}}],"collection":[{"href":"http:\/\/www.ced.org.tr\/index.php?rest_route=\/wp\/v2\/posts"}],"about":[{"href":"http:\/\/www.ced.org.tr\/index.php?rest_route=\/wp\/v2\/types\/post"}],"author":[{"embeddable":true,"href":"http:\/\/www.ced.org.tr\/index.php?rest_route=\/wp\/v2\/users\/1"}],"replies":[{"embeddable":true,"href":"http:\/\/www.ced.org.tr\/index.php?rest_route=%2Fwp%2Fv2%2Fcomments&post=3646"}],"version-history":[{"count":0,"href":"http:\/\/www.ced.org.tr\/index.php?rest_route=\/wp\/v2\/posts\/3646\/revisions"}],"wp:attachment":[{"href":"http:\/\/www.ced.org.tr\/index.php?rest_route=%2Fwp%2Fv2%2Fmedia&parent=3646"}],"wp:term":[{"taxonomy":"category","embeddable":true,"href":"http:\/\/www.ced.org.tr\/index.php?rest_route=%2Fwp%2Fv2%2Fcategories&post=3646"},{"taxonomy":"post_tag","embeddable":true,"href":"http:\/\/www.ced.org.tr\/index.php?rest_route=%2Fwp%2Fv2%2Ftags&post=3646"}],"curies":[{"name":"wp","href":"https:\/\/api.w.org\/{rel}","templated":true}]}}