{"id":3647,"date":"2009-11-26T11:29:54","date_gmt":"2009-11-26T09:29:54","guid":{"rendered":"http:\/\/www.ced.org.tr\/?p=3647"},"modified":"2009-11-26T11:29:54","modified_gmt":"2009-11-26T09:29:54","slug":"kamu-emekcilerinden-hukumete-uyari","status":"publish","type":"post","link":"http:\/\/www.ced.org.tr\/?p=3647","title":{"rendered":"Kamu emek\u00e7ilerinden h\u00fck\u00fcmete uyar\u0131"},"content":{"rendered":"<p class=\"MsoNormal\" style=\"text-align: center; margin: 0cm 0cm 0pt;\"><span style=\"font-family: Times New Roman; font-size: small;\"><img loading=\"lazy\" decoding=\"async\" src=\"images\/stories\/dernek\/24kasim2009keskmiting1.jpg\" border=\"0\" alt=\"miting\" width=\"450\" height=\"300\" style=\"margin-top: 1px; margin-bottom: 1px; border: 0px;\" \/><\/span><\/p>\n<p class=\"MsoNormal\" style=\"margin: 0cm 0cm 0pt;\">\u00a0<\/p>\n<p class=\"MsoNormal\" style=\"margin: 0cm 0cm 0pt;\"><span style=\"font-family: Times New Roman; font-size: small;\">25 Kas\u0131m 2009&#8217;da KESK ve Kamu-Sen&#8217;in \u00e7a\u011fr\u0131s\u0131yla kamu \u00e7al\u0131\u015fanlar\u0131 T\u00fcrkiye&#8217;nin her yerinde i\u015f b\u0131rakarak \u00e7a\u011fr\u0131ya uydular.<\/p>\n<p>\u0130stanbul&#8217;da kamu emek\u00e7ilerinin bulu\u015fma noktas\u0131 Beyaz\u0131t Meydan\u0131 oldu. Burada \u0130stanbul \u00dcniversitesi&#8217;nin ana kap\u0131s\u0131na BU \u0130\u015eYER\u0130NDE GREV VAR pankart\u0131 asan emek\u00e7iler, daha sonra Sirkeci ve Aksaray y\u00f6nlerinden gelen emek\u00e7ilerle bulu\u015farak g\u00f6rkemli bir miting yapt\u0131lar.<br \/><\/span><\/p>\n<p class=\"MsoNormal\" style=\"margin: 0cm 0cm 0pt;\">Mitingde konu\u015fma yapan KESK Ba\u015fkan\u0131 Sami Evren, h\u00fck\u00fcmetin emek\u00e7ilerin sesine kulak vermemesi halinde bayramdan sonra daha uzun s\u00fcreli grevlere gidilece\u011fini s\u00f6yledi. \u00dclkede bar\u0131\u015f isteniyorsa, Demokratik A\u00e7\u0131l\u0131m yap\u0131lacaksa, bunun i\u015f bar\u0131\u015f\u0131 sa\u011flanmadan m\u00fcmk\u00fcn olmayaca\u011f\u0131n\u0131 s\u00f6yleyen Evren, kamu \u00e7al\u0131\u015fanlar\u0131 i\u00e7in grevli-toplu s\u00f6zle\u015fmeli bir \u00e7al\u0131\u015fma yasas\u0131 istedi.<\/p>\n<p><span style=\"font-family: Times New Roman; font-size: small;\"><\/p>\n<p class=\"MsoNormal\" style=\"margin: 0cm 0cm 0pt;\">Eylem daha sonra Grup Yorum konseriyle sona erdi.<\/p>\n<p class=\"MsoNormal\" style=\"margin: 0cm 0cm 0pt;\">\u00a0<\/p>\n<p><span style=\"font-family: Times New Roman; font-size: small;\"><\/p>\n<p class=\"MsoNormal\" style=\"text-align: center; margin: 0cm 0cm 0pt;\">\u00a0<\/p>\n<p><\/span><\/span><\/p>\n<p class=\"MsoNormal\" style=\"text-align: center; margin: 0cm 0cm 0pt;\"><img loading=\"lazy\" decoding=\"async\" src=\"images\/stories\/dernek\/24kasim2009keskmiting2.jpg\" border=\"0\" alt=\"miting\" width=\"450\" height=\"300\" style=\"margin-top: 4px; margin-bottom: 4px; border: 0px;\" \/><\/p>\n<p class=\"MsoNormal\" style=\"margin: 0cm 0cm 0pt;\">\u00a0<\/p>\n","protected":false},"excerpt":{"rendered":"<p>\u00a0 25 Kas\u0131m 2009&#8217;da KESK ve Kamu-Sen&#8217;in \u00e7a\u011fr\u0131s\u0131yla kamu \u00e7al\u0131\u015fanlar\u0131 T\u00fcrkiye&#8217;nin her yerinde i\u015f b\u0131rakarak \u00e7a\u011fr\u0131ya uydular. \u0130stanbul&#8217;da kamu emek\u00e7ilerinin&#46;&#46;&#46;<\/p>\n","protected":false},"author":1,"featured_media":0,"comment_status":"closed","ping_status":"closed","sticky":false,"template":"","format":"standard","meta":{"_jetpack_memberships_contains_paid_content":false,"footnotes":""},"categories":[1],"tags":[],"class_list":["post-3647","post","type-post","status-publish","format-standard","hentry","category-ced"],"aioseo_notices":[],"jetpack_featured_media_url":"","jetpack_sharing_enabled":true,"jetpack-related-posts":[],"_links":{"self":[{"href":"http:\/\/www.ced.org.tr\/index.php?rest_route=\/wp\/v2\/posts\/3647","targetHints":{"allow":["GET"]}}],"collection":[{"href":"http:\/\/www.ced.org.tr\/index.php?rest_route=\/wp\/v2\/posts"}],"about":[{"href":"http:\/\/www.ced.org.tr\/index.php?rest_route=\/wp\/v2\/types\/post"}],"author":[{"embeddable":true,"href":"http:\/\/www.ced.org.tr\/index.php?rest_route=\/wp\/v2\/users\/1"}],"replies":[{"embeddable":true,"href":"http:\/\/www.ced.org.tr\/index.php?rest_route=%2Fwp%2Fv2%2Fcomments&post=3647"}],"version-history":[{"count":0,"href":"http:\/\/www.ced.org.tr\/index.php?rest_route=\/wp\/v2\/posts\/3647\/revisions"}],"wp:attachment":[{"href":"http:\/\/www.ced.org.tr\/index.php?rest_route=%2Fwp%2Fv2%2Fmedia&parent=3647"}],"wp:term":[{"taxonomy":"category","embeddable":true,"href":"http:\/\/www.ced.org.tr\/index.php?rest_route=%2Fwp%2Fv2%2Fcategories&post=3647"},{"taxonomy":"post_tag","embeddable":true,"href":"http:\/\/www.ced.org.tr\/index.php?rest_route=%2Fwp%2Fv2%2Ftags&post=3647"}],"curies":[{"name":"wp","href":"https:\/\/api.w.org\/{rel}","templated":true}]}}