{"id":3648,"date":"2009-12-01T10:41:14","date_gmt":"2009-12-01T08:41:14","guid":{"rendered":"http:\/\/www.ced.org.tr\/?p=3648"},"modified":"2009-12-01T10:41:14","modified_gmt":"2009-12-01T08:41:14","slug":"4-aralikta-ilac-hizmeti-duracak","status":"publish","type":"post","link":"http:\/\/www.ced.org.tr\/?p=3648","title":{"rendered":"4 Aral\u0131k\u2019ta ila\u00e7 hizmeti duracak"},"content":{"rendered":"<p class=\"MsoNormal\" style=\"text-align: center; margin: 0cm 0cm 0pt;\" align=\"center\"><strong style=\"mso-bidi-font-weight: normal;\"><span style=\"font-size: small;\"><span style=\"font-family: Times New Roman;\">BASINA VE KAMUOYUNA<\/p>\n<p>4 ARALIK&#8217;TA \u0130LA\u00c7 H\u0130ZMET\u0130 DURACAK<\/span><\/span><\/strong><\/p>\n<p class=\"MsoNormal\" style=\"margin: 0cm 0cm 0pt;\"><span style=\"font-family: Times New Roman; font-size: small;\">\u00a0<\/span><\/p>\n<p class=\"MsoNormal\" style=\"margin: 0cm 0cm 0pt;\"><strong style=\"mso-bidi-font-weight: normal;\"><span style=\"font-size: small;\"><span style=\"font-family: Times New Roman;\"><img loading=\"lazy\" decoding=\"async\" src=\"images\/stories\/dernek\/1aralik4araliksemih.jpg\" border=\"0\" alt=\"bas\u0131n toplant\u0131s\u0131\" width=\"326\" height=\"215\" style=\"border: 0; float: left; margin: 4px;\" \/>De\u011ferli bas\u0131n mensuplar\u0131,<\/span><\/span><\/strong><\/p>\n<p class=\"MsoNormal\" style=\"margin: 0cm 0cm 0pt;\"><span style=\"font-family: Times New Roman; font-size: small;\">\u00a0<\/span><\/p>\n<p class=\"MsoNormal\" style=\"margin: 0cm 0cm 0pt;\"><span style=\"font-family: Times New Roman; font-size: small;\">Yakla\u015f\u0131k be\u015f y\u0131ld\u0131r ya\u015fad\u0131\u011f\u0131m\u0131z sorunlar nedeniyle, biz eczac\u0131lar bas\u0131n a\u00e7\u0131klamalar\u0131yla, yapt\u0131\u011f\u0131m\u0131z eylemlerle, mitinglerle daha s\u0131k kamuoyunun g\u00fcndemine geldik, bas\u0131n toplant\u0131lar\u0131nda sizlerle daha fazla birlikte olduk.\u00a0<\/span><\/p>\n<p class=\"MsoNormal\" style=\"margin: 0cm 0cm 0pt;\"><span style=\"font-family: Times New Roman; font-size: small;\">\u00a0<\/span><\/p>\n<p class=\"MsoNormal\" style=\"margin: 0cm 0cm 0pt;\"><span style=\"font-family: Times New Roman; font-size: small;\">Bunun nedeni, daha bir bu\u00e7uk ay \u00f6nce Kad\u0131k\u00f6y&#8217;de t\u00fcm sa\u011fl\u0131k \u00e7al\u0131\u015fanlar\u0131yla ortak d\u00fczenledi\u011fimiz mitingde de dile getirdi\u011fimiz gibi, h\u00fck\u00fcmet eliyle anlat\u0131lan bir &#8220;masal&#8221;dan ibaret olan ve \u00fclkemizdeki ila\u00e7 ve sa\u011fl\u0131k alan\u0131n\u0131 y\u0131k\u0131ma u\u011fratan Sa\u011fl\u0131kta D\u00f6n\u00fc\u015f\u00fcm Program\u0131&#8217;d\u0131r.\u00a0<\/span><\/p>\n<p class=\"MsoNormal\" style=\"margin: 0cm 0cm 0pt;\"><span style=\"font-family: Times New Roman; font-size: small;\">\u00a0<\/span><\/p>\n<p class=\"MsoNormal\" style=\"margin: 0cm 0cm 0pt;\"><span style=\"font-family: Times New Roman; font-size: small;\">H\u00fck\u00fcmet \u00f6nce 2004 y\u0131l\u0131nda ila\u00e7 fiyat kararnamesini de\u011fi\u015ftirdi; 2005 ba\u015f\u0131nda da, kamu ila\u00e7 hizmetini serbest eczanelerden almaya ba\u015flad\u0131. H\u00fck\u00fcmet bu \u015fekilde halk\u0131n sempatisini kazanmaya \u00e7al\u0131\u015ft\u0131. Art\u0131k herkes ilac\u0131n\u0131 semtindeki eczaneden alabilir duruma gelmi\u015fti.<\/span><\/p>\n<p class=\"MsoNormal\" style=\"margin: 0cm 0cm 0pt;\"><span style=\"font-family: Times New Roman; font-size: small;\">\u00a0<\/span><\/p>\n<p class=\"MsoNormal\" style=\"margin: 0cm 0cm 0pt;\"><span style=\"font-family: Times New Roman; font-size: small;\">Ancak, bu be\u015f y\u0131l\u0131n sonunda hastalar\u0131m\u0131z birikmi\u015f muayene \u00fccretlerini, ila\u00e7 fiyat farklar\u0131n\u0131 ceplerinden \u00f6demeden ila\u00e7lar\u0131na ula\u015famaz hale geldiler.<\/span><\/p>\n<p><span style=\"font-family: Times New Roman; font-size: small;\"><\/p>\n<p><font face=\"Times New Roman\" size=\"3\"><\/p>\n<p class=\"MsoNormal\" style=\"margin: 0cm 0cm 0pt;\">\u00a0<\/p>\n<p><\/font><\/span><\/p>\n<p class=\"MsoNormal\" style=\"margin: 0cm 0cm 0pt;\">\u00a0<\/p>\n<p><span style=\"font-family: Times New Roman; font-size: small;\">T\u00fcrkiye genelindeki yakla\u015f\u0131k 24 bin eczane; referans fiyat uygulamalar\u0131, s\u00fcreklilik kazanan ila\u00e7 fiyat indirimleri nedeniyle ciddi sermaye kay\u0131plar\u0131na u\u011framas\u0131na ve sanayi iskontolar\u0131n\u0131n eczanelere getirdi\u011fi y\u00fcke kar\u015f\u0131n, sa\u011fl\u0131kl\u0131 ve eksiksiz bir ila\u00e7 hizmetini b\u00fcy\u00fck bir \u00f6zveriyle s\u00fcrd\u00fcrd\u00fc.<\/span><\/p>\n<p class=\"MsoNormal\" style=\"margin: 0cm 0cm 0pt;\"><span style=\"font-family: Times New Roman; font-size: small;\">Sa\u011fl\u0131kta ve ila\u00e7ta uygulanan yanl\u0131\u015f politikalara ek olarak ya\u015fanan ekonomik krizle birlikte b\u00fct\u00e7eden ilaca ayr\u0131lan pay\u0131 k\u0131sma yoluna giden h\u00fck\u00fcmet, son olarak ald\u0131\u011f\u0131 tasarruf tedbirleriyle eczanelerin tasfiyesinin alt\u0131na imzas\u0131n\u0131 atm\u0131\u015f bulunuyor.<\/span><\/p>\n<p class=\"MsoNormal\" style=\"margin: 0cm 0cm 0pt;\"><span style=\"font-family: Times New Roman; font-size: small;\">4 Aral\u0131k&#8217;ta y\u00fcr\u00fcrl\u00fc\u011fe girecek olan tasarruf tedbirleri nedeniyle 8000 eczanenin tasfiye s\u00fcreci daha da h\u0131zlanacakt\u0131r. \u00d6n\u00fcm\u00fczdeki s\u00fcre\u00e7te bu eczanelerin b\u00fcy\u00fck bir b\u00f6l\u00fcm\u00fc zorunlu olarak kepenk indirecektir.<\/span><\/p>\n<p class=\"MsoNormal\" style=\"margin: 0cm 0cm 0pt;\"><span style=\"font-family: Times New Roman; font-size: small;\">\u00a0<\/span><\/p>\n<p class=\"MsoNormal\" style=\"margin: 0cm 0cm 0pt;\"><span style=\"font-family: Times New Roman; font-size: small;\">Eczanelerimizin teker teker kapanmas\u0131na seyirci kalmayaca\u011f\u0131z.<\/span><\/p>\n<p class=\"MsoNormal\" style=\"margin: 0cm 0cm 0pt;\"><span style=\"font-family: Times New Roman; font-size: small;\">\u00a0<\/span><\/p>\n<p class=\"MsoNormal\" style=\"margin: 0cm 0cm 0pt;\"><span style=\"font-family: Times New Roman; font-size: small;\">\u0130la\u00e7 nitelikli, ucuz ve ula\u015f\u0131labilir olmal\u0131d\u0131r. Bu temel prensibin y\u0131llard\u0131r savunucusu olduk, ila\u00e7 ve sa\u011fl\u0131k alan\u0131nda ya\u015fanan s\u00f6m\u00fcr\u00fcye kar\u015f\u0131 \u00e7\u0131kt\u0131k. Uygulanabilir ila\u00e7 ve sa\u011fl\u0131k politikalar\u0131n\u0131 savunduk, ancak uygulanan yanl\u0131\u015f politikalar her seferinde kar\u015f\u0131m\u0131za tasarruf tedbirlerini \u00e7\u0131kard\u0131. Bu kez \u00e7ok daha a\u011f\u0131r bir tablo ile kar\u015f\u0131 kar\u015f\u0131yay\u0131z, \u00f6ng\u00f6r\u00fclen tasarruf tedbirlerinin hedefinde vatanda\u015flar ve eczac\u0131lar var. Oysa bu tasarrufun kayna\u011f\u0131 bellidir: Y\u0131llard\u0131r elde ettikleri fahi\u015f k\u00e2rlarla bu s\u00f6m\u00fcr\u00fc \u00e7ark\u0131n\u0131 s\u00fcrd\u00fcren ila\u00e7 tekelleri&#8230;<\/span><\/p>\n<p class=\"MsoNormal\" style=\"margin: 0cm 0cm 0pt;\"><span style=\"font-family: Times New Roman; font-size: small;\">\u00a0<\/span><\/p>\n<p class=\"MsoNormal\" style=\"margin: 0cm 0cm 0pt;\"><span style=\"font-family: Times New Roman; font-size: small;\">H\u00fck\u00fcmet, ila\u00e7 fiyatlar\u0131n\u0131 avroya endeksleyen 2004 \u0130la\u00e7 Fiyat Kararnamesi ile bug\u00fcn ba\u015fvurmakta oldu\u011fu &#8220;tasarruf tedbirlerinin&#8221; yolunu a\u00e7m\u0131\u015f oldu ve T\u00fcrkiye 5 y\u0131l i\u00e7inde daha da d\u0131\u015fa ba\u011f\u0131ml\u0131 hale geldi. \u0130la\u00e7 harcamalar\u0131 katlanarak artt\u0131.<\/span><\/p>\n<p class=\"MsoNormal\" style=\"margin: 0cm 0cm 0pt;\"><span style=\"font-family: Times New Roman; font-size: small;\">\u00a0<\/span><\/p>\n<p class=\"MsoNormal\" style=\"margin: 0cm 0cm 0pt;\"><span style=\"font-family: Times New Roman; font-size: small;\">Tasarruf \u00f6nlemlerinin halka faturas\u0131 ilk olarak muayene \u00fccretlerine y\u00fczde 500 oran\u0131nda zam yap\u0131lmas\u0131yla ortaya \u00e7\u0131kt\u0131. Bu faturan\u0131n bedeli giderek a\u011f\u0131rla\u015facak ve 4 Aral\u0131k&#8217;ta y\u00fcr\u00fcrl\u00fc\u011fe girecek olan \u00f6nlemler paketi ile de binlerce eczanenin tasfiyesinin \u00f6n\u00fc a\u00e7\u0131lacak.<\/span><\/p>\n<p class=\"MsoNormal\" style=\"margin: 0cm 0cm 0pt;\"><span style=\"font-family: Times New Roman; font-size: small;\">\u00a0<\/span><\/p>\n<p class=\"MsoNormal\" style=\"margin: 0cm 0cm 0pt;\"><span style=\"font-family: Times New Roman; font-size: small;\">ARTIK YETER!<\/span><\/p>\n<p class=\"MsoNormal\" style=\"margin: 0cm 0cm 0pt;\"><span style=\"font-family: Times New Roman; font-size: small;\">\u00a0<\/span><\/p>\n<p class=\"MsoNormal\" style=\"margin: 0cm 0cm 0pt;\"><span style=\"font-family: Times New Roman; font-size: small;\">Serbest eczanelerin ila\u00e7 hizmetini sa\u011fl\u0131kl\u0131 bir \u015fekilde s\u00fcrd\u00fcrebilmesi i\u00e7in taleplerimiz var:<\/span><\/p>\n<p class=\"MsoNormal\" style=\"margin: 0cm 0cm 0pt;\"><span style=\"font-family: Times New Roman; font-size: small;\">\u00a0<\/span><\/p>\n<ul style=\"margin-top: 0cm;\" type=\"disc\">\n<li class=\"MsoNormal\" style=\"margin: 0cm 0cm 0pt; mso-list: l0 level1 lfo1; tab-stops: list 36.0pt;\"><span style=\"font-family: Times New Roman; font-size: small;\">\u0130la\u00e7 Fiyat Kararnamesinde yer alan eczac\u0131 k\u00e2rl\u0131l\u0131k oran\u0131n\u0131n taleplerimiz dikkate al\u0131narak y\u00fckseltilmesi;<\/span><\/li>\n<li class=\"MsoNormal\" style=\"margin: 0cm 0cm 0pt; mso-list: l0 level1 lfo1; tab-stops: list 36.0pt;\"><span style=\"font-family: Times New Roman; font-size: small;\">Eczac\u0131ya kutu ba\u015f\u0131na meslek hakk\u0131 verilmesi;<\/span><\/li>\n<\/ul>\n<p class=\"MsoNormal\" style=\"margin: 0cm 0cm 0pt;\"><span style=\"font-family: Times New Roman; font-size: small;\">\u00a0<\/span><\/p>\n<ul style=\"margin-top: 0cm;\" type=\"disc\">\n<li class=\"MsoNormal\" style=\"margin: 0cm 0cm 0pt; mso-list: l0 level1 lfo1; tab-stops: list 36.0pt;\"><span style=\"font-family: Times New Roman; font-size: small;\">\u0130la\u00e7 firmalar\u0131n\u0131n kamuya yapt\u0131klar\u0131 iskontolar\u0131n eczane ekonomilerine getirdi\u011fi y\u00fck\u00fc ortadan kald\u0131racak d\u00fczenlemelerin acilen yap\u0131lmas\u0131;<\/span><\/li>\n<\/ul>\n<p class=\"MsoNormal\" style=\"margin: 0cm 0cm 0pt;\"><span style=\"font-family: Times New Roman; font-size: small;\">\u00a0<\/span><\/p>\n<ul style=\"margin-top: 0cm;\" type=\"disc\">\n<li class=\"MsoNormal\" style=\"margin: 0cm 0cm 0pt; mso-list: l0 level1 lfo1; tab-stops: list 36.0pt;\"><span style=\"font-family: Times New Roman; font-size: small;\">\u0130la\u00e7 fiyat d\u00fc\u015f\u00fc\u015flerinde eczanelerde olu\u015fan ekonomik kay\u0131plar\u0131 kar\u015f\u0131layacak yasal \u00f6nlemlerin al\u0131nmas\u0131.<\/span><\/li>\n<\/ul>\n<p class=\"MsoNormal\" style=\"margin: 0cm 0cm 0pt;\"><span style=\"font-family: Times New Roman; font-size: small;\">\u00a0<\/span><\/p>\n<p class=\"MsoNormal\" style=\"margin: 0cm 0cm 0pt;\"><span style=\"font-family: Times New Roman; font-size: small;\">Bu talepler kar\u015f\u0131lanmad\u0131\u011f\u0131 takdirde, 4 Aral\u0131k&#8217;ta eczac\u0131lar, h\u00fck\u00fcmeti uyarmak \u00fczere ila\u00e7 hizmetini bir g\u00fcn boyunca durduracaklar.<\/span><\/p>\n<p class=\"MsoNormal\" style=\"margin: 0cm 0cm 0pt;\"><span style=\"font-family: Times New Roman; font-size: small;\">\u00a0<\/span><\/p>\n<p class=\"MsoNormal\" style=\"margin: 0cm 0cm 0pt;\"><span style=\"font-family: Times New Roman; font-size: small;\">10-13 Aral\u0131k tarihlerinde ise, Ankara&#8217;da yap\u0131lacak T\u00fcrk Eczac\u0131lar\u0131 Birli\u011fi Ola\u011fan Genel Kurulu&#8217;nda, mesle\u011fimizin i\u00e7inde bulundu\u011fu durumu de\u011ferlendirerek daha etkili ad\u0131mlar atmak konusunda \u00f6nemli kararlar alaca\u011f\u0131z.<\/span><\/p>\n<p class=\"MsoNormal\" style=\"margin: 0cm 0cm 0pt;\"><span style=\"font-family: Times New Roman; font-size: small;\">\u00a0<\/span><\/p>\n<p class=\"MsoNormal\" style=\"margin: 0cm 0cm 0pt;\"><span style=\"font-family: Times New Roman; font-size: small;\">Bas\u0131n\u0131n ve kamuoyunun bilgisine sayg\u0131lar\u0131m\u0131zla sunar\u0131z.<\/span><\/p>\n<p class=\"MsoNormal\" style=\"margin: 0cm 0cm 0pt;\"><span style=\"font-family: Times New Roman; font-size: small;\">\u00a0<\/span><\/p>\n<p class=\"MsoNormal\" style=\"margin: 0cm 0cm 0pt;\"><span style=\"font-family: Times New Roman; font-size: small;\">\u00a0<\/span><\/p>\n<p class=\"MsoNormal\" style=\"text-align: right; margin: 0cm 0cm 0pt;\" align=\"right\"><strong style=\"mso-bidi-font-weight: normal;\"><span style=\"font-size: small;\"><span style=\"font-family: Times New Roman;\">\u0130stanbul Eczac\u0131 Odas\u0131<br \/>Y\u00f6netim Kurulu<\/span><\/span><\/strong><\/p>\n","protected":false},"excerpt":{"rendered":"<p>BASINA VE KAMUOYUNA 4 ARALIK&#8217;TA \u0130LA\u00c7 H\u0130ZMET\u0130 DURACAK \u00a0 De\u011ferli bas\u0131n mensuplar\u0131, \u00a0 Yakla\u015f\u0131k be\u015f y\u0131ld\u0131r ya\u015fad\u0131\u011f\u0131m\u0131z sorunlar nedeniyle, biz&#46;&#46;&#46;<\/p>\n","protected":false},"author":1,"featured_media":0,"comment_status":"closed","ping_status":"closed","sticky":false,"template":"","format":"standard","meta":{"_jetpack_memberships_contains_paid_content":false,"footnotes":""},"categories":[1],"tags":[],"class_list":["post-3648","post","type-post","status-publish","format-standard","hentry","category-ced"],"aioseo_notices":[],"jetpack_featured_media_url":"","jetpack_sharing_enabled":true,"jetpack-related-posts":[],"_links":{"self":[{"href":"http:\/\/www.ced.org.tr\/index.php?rest_route=\/wp\/v2\/posts\/3648","targetHints":{"allow":["GET"]}}],"collection":[{"href":"http:\/\/www.ced.org.tr\/index.php?rest_route=\/wp\/v2\/posts"}],"about":[{"href":"http:\/\/www.ced.org.tr\/index.php?rest_route=\/wp\/v2\/types\/post"}],"author":[{"embeddable":true,"href":"http:\/\/www.ced.org.tr\/index.php?rest_route=\/wp\/v2\/users\/1"}],"replies":[{"embeddable":true,"href":"http:\/\/www.ced.org.tr\/index.php?rest_route=%2Fwp%2Fv2%2Fcomments&post=3648"}],"version-history":[{"count":0,"href":"http:\/\/www.ced.org.tr\/index.php?rest_route=\/wp\/v2\/posts\/3648\/revisions"}],"wp:attachment":[{"href":"http:\/\/www.ced.org.tr\/index.php?rest_route=%2Fwp%2Fv2%2Fmedia&parent=3648"}],"wp:term":[{"taxonomy":"category","embeddable":true,"href":"http:\/\/www.ced.org.tr\/index.php?rest_route=%2Fwp%2Fv2%2Fcategories&post=3648"},{"taxonomy":"post_tag","embeddable":true,"href":"http:\/\/www.ced.org.tr\/index.php?rest_route=%2Fwp%2Fv2%2Ftags&post=3648"}],"curies":[{"name":"wp","href":"https:\/\/api.w.org\/{rel}","templated":true}]}}