{"id":3650,"date":"2009-12-03T06:58:40","date_gmt":"2009-12-03T04:58:40","guid":{"rendered":"http:\/\/www.ced.org.tr\/?p=3650"},"modified":"2009-12-03T06:58:40","modified_gmt":"2009-12-03T04:58:40","slug":"4-aralik-sureciyle-ilgili-onemli-aciklama","status":"publish","type":"post","link":"http:\/\/www.ced.org.tr\/?p=3650","title":{"rendered":"4 Aral\u0131k S\u00fcreciyle \u0130lgili \u00d6nemli A\u00e7\u0131klama"},"content":{"rendered":"<p class=\"MsoNormal\" style=\"margin: 0cm 0cm 0pt;\"><span style=\"font-family: Times New Roman; font-size: small;\">4 Aral\u0131k Cuma g\u00fcn\u00fc \u00fclke genelinde t\u00fcm eczac\u0131lar, uyar\u0131 ama\u00e7l\u0131 olarak bir g\u00fcnl\u00fc\u011f\u00fcne eczanelerini kapatacaklar.<\/span><\/p>\n<p class=\"MsoNormal\" style=\"margin: 0cm 0cm 0pt;\"><span style=\"font-family: Times New Roman; font-size: small;\">\u0130stanbul&#8217;da eczanelerimizin kapal\u0131 oldu\u011fu Cuma g\u00fcn\u00fc boyunca hastalar\u0131m\u0131z\u0131 ma\u011fdur etmemek i\u00e7in n\u00f6bet\u00e7i eczanelerimizin say\u0131s\u0131 art\u0131r\u0131lm\u0131\u015ft\u0131r. \u00a04 Aral\u0131k 2009 Cuma gecesi n\u00f6bet\u00e7i olan meslekta\u015flar\u0131m\u0131z Cuma sabah\u0131 saat 09.00&#8217;dan itibaren 24 saat n\u00f6bet tutacaklard\u0131r. Ayr\u0131ca 4 Aral\u0131k g\u00fcn\u00fc sorun ya\u015fanmamas\u0131 amac\u0131yla t\u00fcm b\u00f6lgelerimizde ek n\u00f6bet gruplar\u0131 belirlenmi\u015ftir. Bu eczaneler 4 Aral\u0131k Cuma g\u00fcn\u00fc 09.00-19.00 saatleri aras\u0131nda n\u00f6bet tutacaklard\u0131r. 4 Aral\u0131k&#8217;ta n\u00f6bet tutacak t\u00fcm eczanelerin listesi a\u015fa\u011f\u0131da yer almaktad\u0131r.<\/span><\/p>\n<p class=\"MsoNormal\" style=\"margin: 0cm 0cm 0pt;\"><span style=\"font-family: Times New Roman; font-size: small;\">Eczanelerimize asaca\u011f\u0131m\u0131z, kapal\u0131 oldu\u011fumuzu duyuran afi\u015fler, da\u011f\u0131t\u0131m kanallar\u0131 arac\u0131l\u0131\u011f\u0131yla eczanelerimize bu ak\u015fam ula\u015ft\u0131r\u0131lmaya ba\u015flanm\u0131\u015ft\u0131r. 3 Aral\u0131k ak\u015fam\u0131na kadar afi\u015f ula\u015fmayan eczanelerimiz b\u00f6lge temsilcilerini arayarak afi\u015flerini temin edebilirler.<\/span><\/p>\n<p class=\"MsoNormal\" style=\"margin: 0cm 0cm 0pt;\"><span style=\"font-family: Times New Roman; font-size: small;\">3 Aral\u0131k Per\u015fembe ak\u015fam\u0131 &#8220;Teker teker kapanmaktansa bir g\u00fcnl\u00fc\u011f\u00fcne hep birlikte eczanelerimizi kapatt\u0131\u011f\u0131m\u0131z\u0131&#8221; kamuoyuna duyuran afi\u015flerimizi d\u0131\u015far\u0131dan g\u00f6r\u00fcnecek \u015fekilde eczanelerimize asaca\u011f\u0131z. Ayn\u0131 \u015fekilde 4 Aral\u0131k&#8217;ta b\u00f6lgemizdeki n\u00f6bet\u00e7i eczanelerin t\u00fcm\u00fcn\u00fcn a\u00e7\u0131k adres ve telefon bilgilerini mutlaka duyuraca\u011f\u0131z. (Otomatik kepenk kullanan meslekta\u015flar\u0131m\u0131z, hastalar\u0131n\u0131n g\u00f6rebilmesi i\u00e7in afi\u015flerini ve n\u00f6bet\u00e7i eczane duyurular\u0131n\u0131 kepenklerini kapatt\u0131ktan sonra \u00fcst\u00fcne asmal\u0131d\u0131rlar.)<\/span><\/p>\n<p class=\"MsoNormal\" style=\"margin: 0cm 0cm 0pt;\"><span style=\"font-family: Times New Roman; font-size: small;\">4 Aral\u0131k Cuma g\u00fcn\u00fc n\u00f6bet\u00e7i olan meslekta\u015flar\u0131m\u0131z\u0131n ve g\u00f6revli olan arkada\u015flar\u0131m\u0131z\u0131n d\u0131\u015f\u0131ndaki t\u00fcm meslekta\u015flar\u0131m\u0131z\u0131n, eczane \u00e7al\u0131\u015fanlar\u0131m\u0131zla birlikte (beyaz \u00f6nl\u00fcklerimizle) saat:11.30&#8217;da T\u00fcnel meydan\u0131nda olmalar\u0131 gerekmektedir. Saat:12.00&#8217;de Taksim&#8217;e do\u011fru y\u00fcr\u00fcy\u00fc\u015fe ge\u00e7ecek ve y\u00fcr\u00fcy\u00fc\u015f esnas\u0131nda haz\u0131rlad\u0131\u011f\u0131m\u0131z bro\u015f\u00fcrleri da\u011f\u0131tarak vatanda\u015flar\u0131m\u0131z\u0131 bilgilendirece\u011fiz. Taksim meydan\u0131nda yapaca\u011f\u0131m\u0131z bas\u0131n a\u00e7\u0131klamas\u0131 ile taleplerimizi bir kez daha kamuoyu ile payla\u015faca\u011f\u0131z. <\/span><\/p>\n<p class=\"MsoNormal\" style=\"margin: 0cm 0cm 0pt;\"><span style=\"font-family: Times New Roman; font-size: small;\">SGK&#8217;n\u0131n tehditlerine boyun e\u011fmeyen ve mesle\u011fine olan sevgisini y\u00fcre\u011finde ta\u015f\u0131yan herkesi sa\u011fl\u0131kl\u0131, onurlu ve g\u00fcvenli bir gelecek i\u00e7in 4 Aral\u0131k Cuma g\u00fcn\u00fc saat:11.30&#8217;da T\u00fcnel meydan\u0131na bekliyoruz!<\/p>\n<p>4 Aral\u0131k Cuma g\u00fcn\u00fc n\u00f6bet\u00e7i kalacak eczanelerin listesi i\u00e7in <\/span><a href=\"http:\/\/www.istanbuleczaciodasi.org.tr\/upload\/xls\/20091202_4aralik_nobetci_eczaneler.xls\" target=\"_blank\" title=\"eczaneler\"><span style=\"font-family: Times New Roman; color: #16387c; font-size: small;\">t\u0131klay\u0131n\u0131z.<\/span><\/a><\/p>\n","protected":false},"excerpt":{"rendered":"<p>4 Aral\u0131k Cuma g\u00fcn\u00fc \u00fclke genelinde t\u00fcm eczac\u0131lar, uyar\u0131 ama\u00e7l\u0131 olarak bir g\u00fcnl\u00fc\u011f\u00fcne eczanelerini kapatacaklar. \u0130stanbul&#8217;da eczanelerimizin kapal\u0131 oldu\u011fu Cuma&#46;&#46;&#46;<\/p>\n","protected":false},"author":1,"featured_media":0,"comment_status":"closed","ping_status":"closed","sticky":false,"template":"","format":"standard","meta":{"_jetpack_memberships_contains_paid_content":false,"footnotes":""},"categories":[1],"tags":[],"class_list":["post-3650","post","type-post","status-publish","format-standard","hentry","category-ced"],"aioseo_notices":[],"jetpack_featured_media_url":"","jetpack_sharing_enabled":true,"jetpack-related-posts":[],"_links":{"self":[{"href":"http:\/\/www.ced.org.tr\/index.php?rest_route=\/wp\/v2\/posts\/3650","targetHints":{"allow":["GET"]}}],"collection":[{"href":"http:\/\/www.ced.org.tr\/index.php?rest_route=\/wp\/v2\/posts"}],"about":[{"href":"http:\/\/www.ced.org.tr\/index.php?rest_route=\/wp\/v2\/types\/post"}],"author":[{"embeddable":true,"href":"http:\/\/www.ced.org.tr\/index.php?rest_route=\/wp\/v2\/users\/1"}],"replies":[{"embeddable":true,"href":"http:\/\/www.ced.org.tr\/index.php?rest_route=%2Fwp%2Fv2%2Fcomments&post=3650"}],"version-history":[{"count":0,"href":"http:\/\/www.ced.org.tr\/index.php?rest_route=\/wp\/v2\/posts\/3650\/revisions"}],"wp:attachment":[{"href":"http:\/\/www.ced.org.tr\/index.php?rest_route=%2Fwp%2Fv2%2Fmedia&parent=3650"}],"wp:term":[{"taxonomy":"category","embeddable":true,"href":"http:\/\/www.ced.org.tr\/index.php?rest_route=%2Fwp%2Fv2%2Fcategories&post=3650"},{"taxonomy":"post_tag","embeddable":true,"href":"http:\/\/www.ced.org.tr\/index.php?rest_route=%2Fwp%2Fv2%2Ftags&post=3650"}],"curies":[{"name":"wp","href":"https:\/\/api.w.org\/{rel}","templated":true}]}}