{"id":3651,"date":"2009-12-03T08:20:17","date_gmt":"2009-12-03T06:20:17","guid":{"rendered":"http:\/\/www.ced.org.tr\/?p=3651"},"modified":"2009-12-03T08:20:17","modified_gmt":"2009-12-03T06:20:17","slug":"sonunda-ilac-sanayicilerinin-dedigi-oldu","status":"publish","type":"post","link":"http:\/\/www.ced.org.tr\/?p=3651","title":{"rendered":"SONUNDA \u0130LA\u00c7 SANAY\u0130C\u0130LER\u0130N\u0130N DED\u0130\u011e\u0130 OLDU!"},"content":{"rendered":"<p class=\"MsoNormal\" style=\"margin: 0cm 0cm 0pt;\"><span style=\"font-family: Times New Roman; font-size: small;\">H\u00fck\u00fcmet ila\u00e7 sanayicileri ile uzla\u015ft\u0131.18 Eyl\u00fcl 2009 tarihinde ila\u00e7 fiyat kararnamesinde ve<\/span><\/p>\n<p class=\"MsoNormal\" style=\"margin: 0cm 0cm 0pt;\"><span style=\"font-family: Times New Roman; font-size: small;\">SUT\u2019ta yap\u0131lan de\u011fi\u015fikliklerle bir ila\u00e7 tasarruf paketi a\u00e7\u0131klanm\u0131\u015ft\u0131. Ancak ila\u00e7 tekellerinin g\u00f6sterdi\u011fi diren\u00e7 nedeniyle s\u00f6z konusu olan tasarruf paketini h\u00fck\u00fcmet ertelemek zorunda kalm\u0131\u015ft\u0131.<\/span><\/p>\n<p class=\"MsoNormal\" style=\"margin: 0cm 0cm 0pt;\"><span style=\"font-family: Times New Roman; font-size: small;\">\u00a0<\/span><\/p>\n<p class=\"MsoNormal\" style=\"margin: 0cm 0cm 0pt;\"><span style=\"font-family: Times New Roman; font-size: small;\">18 Eyl\u00fcl\u2019den 4 Aral\u0131k\u2019a aradan tam 2.5 ay ge\u00e7ti, ila\u00e7 sanayicilerinin g\u00f6sterdi\u011fi diren\u00e7 nedeniyle yap\u0131lan d\u00fczenlemeler uygulamaya sokulamad\u0131. Sonunda ila\u00e7 sanayicilerinin dedi\u011fi oldu ve h\u00fck\u00fcmet sanayicilerle uzla\u015fmak zorunda kald\u0131. Resmi a\u00e7\u0131klamas\u0131 yak\u0131nda yap\u0131lacak olan bu anla\u015fmaya g\u00f6re: 18 Eyl\u00fcl 2009 tarihinde \u0130la\u00e7 Fiyat Kararnamesi\u2019nde yap\u0131lan de\u011fi\u015fiklikle referans fiyat band\u0131 %60-60 olarak a\u00e7\u0131klanan ila\u00e7larda yeni band %66-66 olacak,<\/span><\/p>\n<p class=\"MsoNormal\" style=\"margin: 0cm 0cm 0pt;\"><span style=\"font-family: Times New Roman; font-size: small;\">SUT\u2019ta yap\u0131lan yeni d\u00fczenleme ile %24(baz iskonto%11+%13 iskonto) olarak a\u00e7\u0131klanan kamu kurum iskontosu da %23(baz iskonto%11+%12 iskonto) olarak uygulanacakt\u0131r.<\/span><\/p>\n<p class=\"MsoNormal\" style=\"margin: 0cm 0cm 0pt;\"><span style=\"font-family: Times New Roman; font-size: small;\">\u00a0<\/span><\/p>\n<p class=\"MsoNormal\" style=\"margin: 0cm 0cm 0pt;\"><span style=\"font-family: Times New Roman; font-size: small;\">\u0130la\u00e7 Fiyat Kararnamesi ve SUT\u2019ta yap\u0131lan revizyonun yeni \u015fekliyle birka\u00e7 g\u00fcn i\u00e7erisinde uygulamaya girmesi bekleniyor. \u0130la\u00e7 sanayicilerinin talepleri do\u011frultusunda defalarca de\u011fi\u015ftirilen fiyat kararnamesi eczac\u0131lar\u0131n taleplerine yine kapal\u0131!<\/span><\/p>\n<p class=\"MsoNormal\" style=\"margin: 0cm 0cm 0pt;\"><span style=\"font-family: Times New Roman; font-size: small;\">\u00a0<\/span><\/p>\n<p class=\"MsoNormal\" style=\"margin: 0cm 0cm 0pt;\"><span style=\"font-family: Times New Roman; font-size: small;\">\u0130la\u00e7 tekellerine di\u015f ge\u00e7iremeyen h\u00fck\u00fcmet ve sa\u011fl\u0131k otoriteleri faturay\u0131 halka ve eczac\u0131lara \u00e7\u0131karm\u0131\u015f durumda\u2026<\/span><\/p>\n<p class=\"MsoNormal\" style=\"margin: 0cm 0cm 0pt;\"><span style=\"font-family: Times New Roman; font-size: small;\">\u00a0<\/span><\/p>\n<p class=\"MsoNormal\" style=\"margin: 0cm 0cm 0pt;\"><span style=\"font-family: Times New Roman; font-size: small;\">Eczane ekonomileri uygulanan ekonomi politikalar nedeniyle ciddi bir \u00e7\u00f6k\u00fc\u015f ya\u015f\u0131yor. Son be\u015f y\u0131ld\u0131r bu \u00e7\u00f6k\u00fc\u015f daha da derinle\u015fti ve bug\u00fcn uygulanacak olan \u2018tasarruf paketi\u2019 ile tam bir k\u0131r\u0131lma ya\u015fayacak!<\/span><\/p>\n<p class=\"MsoNormal\" style=\"margin: 0cm 0cm 0pt;\"><span style=\"font-family: Times New Roman; font-size: small;\">\u00a0<\/span><\/p>\n<p class=\"MsoNormal\" style=\"margin: 0cm 0cm 0pt;\"><strong style=\"mso-bidi-font-weight: normal;\"><span style=\"font-size: small;\"><span style=\"font-family: Times New Roman;\">Eczanelerimizin ayakta kalabilmesi i\u00e7in;<\/span><\/span><\/strong><\/p>\n<p class=\"MsoNormal\" style=\"margin: 0cm 0cm 0pt;\"><span style=\"font-family: Times New Roman; font-size: small;\">\u00a0<\/span><\/p>\n<ul style=\"margin-top: 0cm;\" type=\"disc\">\n<li class=\"MsoNormal\" style=\"margin: 0cm 0cm 0pt; mso-list: l0 level1 lfo1; tab-stops: list 36.0pt;\"><span style=\"font-family: Times New Roman; font-size: small;\">\u0130la\u00e7 Fiyat Kararnamesi ile d\u00fczenlenen eczac\u0131 kar oran\u0131 y\u00fckseltilmeli, eczac\u0131lara g\u00fcvenli bir gelecek ve insanca ya\u015fama olana\u011f\u0131 sa\u011flanmal\u0131d\u0131r<\/span><\/li>\n<li class=\"MsoNormal\" style=\"margin: 0cm 0cm 0pt; mso-list: l0 level1 lfo1; tab-stops: list 36.0pt;\"><span style=\"font-family: Times New Roman; font-size: small;\">Eczac\u0131 meslek hakk\u0131 mutlaka ya\u015fama ge\u00e7irilmelidir<\/span><\/li>\n<li class=\"MsoNormal\" style=\"margin: 0cm 0cm 0pt; mso-list: l0 level1 lfo1; tab-stops: list 36.0pt;\"><span style=\"font-family: Times New Roman; font-size: small;\">\u0130la\u00e7 \u015firketlerinin kamuya yapt\u0131klar\u0131 iskontonun faturas\u0131n\u0131n eczac\u0131ya \u00f6dettirilmesine art\u0131k son verilmeli, bunun i\u00e7in gerekli yasal d\u00fczenlemeler bir an \u00f6nce yap\u0131lmal\u0131d\u0131r<\/span><\/li>\n<li class=\"MsoNormal\" style=\"margin: 0cm 0cm 0pt; mso-list: l0 level1 lfo1; tab-stops: list 36.0pt;\"><span style=\"font-family: Times New Roman; font-size: small;\">Yap\u0131lan son d\u00fczenlemelerin eczanelerde yol a\u00e7aca\u011f\u0131 ekonomik kay\u0131plar yasal d\u00fczenlemelerle giderilmeli, sorun ila\u00e7 \u015firketlerinin keyfiyetine b\u0131rak\u0131lmamal\u0131d\u0131r.<\/span><\/li>\n<\/ul>\n","protected":false},"excerpt":{"rendered":"<p>H\u00fck\u00fcmet ila\u00e7 sanayicileri ile uzla\u015ft\u0131.18 Eyl\u00fcl 2009 tarihinde ila\u00e7 fiyat kararnamesinde ve SUT\u2019ta yap\u0131lan de\u011fi\u015fikliklerle bir ila\u00e7 tasarruf paketi a\u00e7\u0131klanm\u0131\u015ft\u0131.&#46;&#46;&#46;<\/p>\n","protected":false},"author":1,"featured_media":0,"comment_status":"closed","ping_status":"closed","sticky":false,"template":"","format":"standard","meta":{"_jetpack_memberships_contains_paid_content":false,"footnotes":""},"categories":[1],"tags":[],"class_list":["post-3651","post","type-post","status-publish","format-standard","hentry","category-ced"],"aioseo_notices":[],"jetpack_featured_media_url":"","jetpack_sharing_enabled":true,"jetpack-related-posts":[],"_links":{"self":[{"href":"http:\/\/www.ced.org.tr\/index.php?rest_route=\/wp\/v2\/posts\/3651","targetHints":{"allow":["GET"]}}],"collection":[{"href":"http:\/\/www.ced.org.tr\/index.php?rest_route=\/wp\/v2\/posts"}],"about":[{"href":"http:\/\/www.ced.org.tr\/index.php?rest_route=\/wp\/v2\/types\/post"}],"author":[{"embeddable":true,"href":"http:\/\/www.ced.org.tr\/index.php?rest_route=\/wp\/v2\/users\/1"}],"replies":[{"embeddable":true,"href":"http:\/\/www.ced.org.tr\/index.php?rest_route=%2Fwp%2Fv2%2Fcomments&post=3651"}],"version-history":[{"count":0,"href":"http:\/\/www.ced.org.tr\/index.php?rest_route=\/wp\/v2\/posts\/3651\/revisions"}],"wp:attachment":[{"href":"http:\/\/www.ced.org.tr\/index.php?rest_route=%2Fwp%2Fv2%2Fmedia&parent=3651"}],"wp:term":[{"taxonomy":"category","embeddable":true,"href":"http:\/\/www.ced.org.tr\/index.php?rest_route=%2Fwp%2Fv2%2Fcategories&post=3651"},{"taxonomy":"post_tag","embeddable":true,"href":"http:\/\/www.ced.org.tr\/index.php?rest_route=%2Fwp%2Fv2%2Ftags&post=3651"}],"curies":[{"name":"wp","href":"https:\/\/api.w.org\/{rel}","templated":true}]}}