{"id":3654,"date":"2009-12-03T13:32:30","date_gmt":"2009-12-03T11:32:30","guid":{"rendered":"http:\/\/www.ced.org.tr\/?p=3654"},"modified":"2009-12-03T13:32:30","modified_gmt":"2009-12-03T11:32:30","slug":"saglik-emekcilerinden-eczacilara-tam-destek","status":"publish","type":"post","link":"http:\/\/www.ced.org.tr\/?p=3654","title":{"rendered":"SA\u011eLIK EMEK\u00c7\u0130LER\u0130NDEN ECZACILARA TAM DESTEK"},"content":{"rendered":"<p class=\"MsoNormal\" style=\"margin: 0cm 0cm 0pt;\"><span style=\"font-family: Times New Roman; font-size: small;\"><img loading=\"lazy\" decoding=\"async\" src=\"images\/stories\/dernek\/20091203sagliksmekcileri.jpg\" border=\"0\" alt=\"destek\" width=\"288\" height=\"184\" style=\"border: 0; float: left; margin: 4px;\" \/>4 Aral\u0131k 2009 Cuma g\u00fcn\u00fc T\u00fcrkiye ger\u00e7ekle\u015ftirece\u011fimiz bir g\u00fcnl\u00fck ila\u00e7 hizmetine ara eylemine destek i\u00e7in bug\u00fcn (03.12.2009) Okmeydan\u0131 E\u011fitim Ara\u015ft\u0131rma Hastanesi \u00f6n\u00fcnde \u0130stanbul Tabip Odas\u0131, \u0130stanbul Di\u015f Hekimleri Odas\u0131, \u0130stanbul Veteriner Hekimler Odas\u0131, SES \u0130stanbul \u015eubeleri ve D\u0130SK&#8217;e ba\u011fl\u0131 Dev Sa\u011fl\u0131k-\u0130\u015f ortak bir bas\u0131n a\u00e7\u0131klamas\u0131 d\u00fczenlediler.<\/span><\/p>\n<p class=\"MsoNormal\" style=\"margin: 0cm 0cm 0pt;\"><span style=\"font-family: Times New Roman; font-size: small;\">\u00a0<\/span><\/p>\n<p class=\"MsoNormal\" style=\"margin: 0cm 0cm 0pt;\"><span style=\"font-family: Times New Roman; font-size: small;\">A\u00e7\u0131klamada k\u0131sa bir konu\u015fma yapan TTB Merkez Konsey \u00dcyesi Dr. Ali \u00c7erkezo\u011flu, ucuz ve eri\u015filebilir ilac\u0131n herkesin hakk\u0131 oldu\u011funu ancak h\u00fck\u00fcmetin bunu olu\u015ftururken eczaneleri ila\u00e7 tekellerine feda edemeyece\u011fini ifade etti. \u00c7erkezo\u011flu &#8220;\u0130la\u00e7 ucuz sat\u0131labiliyorsa neden bu zamana kadar sat\u0131lmad\u0131?&#8221; sorusunu y\u00f6nelterek, yanl\u0131\u015f politikalar\u0131n sonucunda olu\u015fturulmak zorunda kal\u0131nan global b\u00fct\u00e7enin kamburunu eczanelerin \u00fczerine y\u0131kamayacaklar\u0131na dikkat \u00e7ekti. <\/p>\n<p><span style=\"font-family: Times New Roman; font-size: small;\"><\/p>\n<p class=\"MsoNormal\" style=\"margin: 0cm 0cm 0pt;\">4 Aral\u0131k Cuma g\u00fcn\u00fc eczanelerin yapacaklar\u0131 eyleme t\u00fcm hekim ve sa\u011fl\u0131k \u00e7al\u0131\u015fanlar\u0131 olarak tam destek vereceklerini s\u00f6yleyen \u00c7erkezo\u011flu, halk\u0131n da bu hakl\u0131 eylemi anlay\u0131\u015fla kar\u015f\u0131lamas\u0131n\u0131 istedi.\u00a0\u00a0<\/p>\n<p><\/span><\/span><\/p>\n<p class=\"MsoNormal\" style=\"margin: 0cm 0cm 0pt;\">\u00a0<\/p>\n<p class=\"MsoNormal\" style=\"margin: 0cm 0cm 0pt;\"><span style=\"font-family: Times New Roman; font-size: small;\">Dr. Ali \u00c7erkezo\u011flu&#8217;nun konu\u015fmas\u0131n\u0131n ard\u0131ndan ortak bas\u0131n a\u00e7\u0131klamas\u0131n\u0131 okumak \u00fczere \u0130stanbul Tabip Odas\u0131 Genel Sekreteri Dr. H\u00fcseyin Demirdizen s\u00f6z ald\u0131.\u00a0<\/span><\/p>\n<p class=\"MsoNormal\" style=\"margin: 0cm 0cm 0pt;\"><span style=\"font-family: Times New Roman; font-size: small;\">\u00a0<\/span><\/p>\n<p class=\"MsoNormal\" style=\"margin: 0cm 0cm 0pt;\"><span style=\"font-family: Times New Roman; font-size: small;\">Demirdizen, Sa\u011fl\u0131kta D\u00f6n\u00fc\u015f\u00fcm Program\u0131&#8217;na kar\u015f\u0131 m\u00fccadele ve taleplerin ortakla\u015ft\u0131r\u0131ld\u0131\u011f\u0131na i\u015faret ederek ancak bu \u00f6l\u00e7\u00fcde ba\u015far\u0131l\u0131 olunaca\u011f\u0131n\u0131n alt\u0131n\u0131 \u00e7izdi. Demirdizen, &#8220;Sa\u011fl\u0131k meslek \u00f6rg\u00fctleri ve sa\u011fl\u0131k sendikalar\u0131 olarak, bu anlay\u0131\u015fla eczac\u0131lar\u0131n yan\u0131nda oldu\u011fumuz ifade ediyoruz&#8221; dedi.<\/span><\/p>\n<p class=\"MsoNormal\" style=\"margin: 0cm 0cm 0pt;\"><strong style=\"mso-bidi-font-weight: normal;\"><span style=\"font-size: small;\"><span style=\"font-family: Times New Roman;\">A\u00e7\u0131klaman\u0131n tam metni \u015f\u00f6yle\u00a0<\/span><\/span><\/strong><\/p>\n<p class=\"MsoNormal\" style=\"margin: 0cm 0cm 0pt;\"><strong style=\"mso-bidi-font-weight: normal;\"><span style=\"font-size: small;\"><span style=\"font-family: Times New Roman;\">Ak\u0131lc\u0131 ila\u00e7 kullan\u0131m\u0131 ile ucuz, ula\u015f\u0131labilir ve nitelikli ilaca halk\u0131n bir hak olarak katk\u0131 pays\u0131z eri\u015febilmesi ve eczac\u0131lar\u0131n ila\u00e7 tekellerine kar\u015f\u0131 korunmas\u0131 i\u00e7in; <\/span><\/span><\/strong><\/p>\n<p class=\"MsoNormal\" style=\"margin: 0cm 0cm 0pt;\"><strong style=\"mso-bidi-font-weight: normal;\"><span style=\"font-size: small;\"><span style=\"font-family: Times New Roman;\">\u00a0<\/span><\/span><\/strong><\/p>\n<p class=\"MsoNormal\" style=\"margin: 0cm 0cm 0pt;\"><strong style=\"mso-bidi-font-weight: normal;\"><span style=\"font-size: small;\"><span style=\"font-family: Times New Roman;\">ECZACILARIN YANINDAYIZ!<\/span><\/span><\/strong><\/p>\n<p class=\"MsoNormal\" style=\"margin: 0cm 0cm 0pt;\"><span style=\"font-family: Times New Roman; font-size: small;\">\u00a0<\/span><\/p>\n<p class=\"MsoNormal\" style=\"margin: 0cm 0cm 0pt;\"><span style=\"font-family: Times New Roman; font-size: small;\">Sa\u011fl\u0131kta D\u00f6n\u00fc\u015f\u00fcm Program\u0131&#8217;n\u0131n etkileri b\u00fct\u00fcn kesimler i\u00e7in kabullenilemez s\u0131k\u0131nt\u0131lar do\u011furmaktad\u0131r. Y\u0131llard\u0131r sa\u011fl\u0131k meslek \u00f6rg\u00fctleri ve sa\u011fl\u0131k sendikalar\u0131 olarak bu politikalar\u0131n sa\u011fl\u0131k \u00e7al\u0131\u015fanlar\u0131 ve sa\u011fl\u0131k hizmetinden yararlanan halk\u0131m\u0131z a\u00e7\u0131s\u0131ndan do\u011furdu\u011fu telafisi m\u00fcmk\u00fcn olmayan y\u0131k\u0131c\u0131 sonu\u00e7lara dikkat \u00e7ekiyoruz. Son olarak 18 Ekim&#8217;de \u0130stanbul&#8217;da ger\u00e7ekle\u015ftirdi\u011fimiz ve binlerin sesini bir araya getiren mitingde sa\u011fl\u0131kta masal\u0131n bitti\u011fini s\u00f6yledik.\u00a0<\/span><\/p>\n<p class=\"MsoNormal\" style=\"margin: 0cm 0cm 0pt;\"><span style=\"font-family: Times New Roman; font-size: small;\">\u00a0<\/span><\/p>\n<p class=\"MsoNormal\" style=\"margin: 0cm 0cm 0pt;\"><span style=\"font-family: Times New Roman; font-size: small;\">Eczac\u0131lar da son y\u0131llarda giderek k\u00f6t\u00fcle\u015fen \u00f6zl\u00fck haklar\u0131 kay\u0131plar\u0131na bir yenisinin daha eklenece\u011fi de\u011ferlendirmesiyle 4 Aral\u0131k 2009 g\u00fcn\u00fc seslerine kulak vermeyenlere uyar\u0131 olarak kepenk kapatacaklar. T\u00fcrk Eczac\u0131lar Birli\u011fi bu ama\u00e7la 3 Aral\u0131k 2009 g\u00fcn\u00fc illerde SGK Merkezi ve il m\u00fcd\u00fcrl\u00fckleri \u00f6n\u00fcnde sembolik anahtar b\u0131rakma eylemi ger\u00e7ekle\u015ftirecektir. \u00d6zellikle 4 Aral\u0131k 2009 g\u00fcn\u00fc bir ekip hizmeti olan sa\u011fl\u0131k hizmetinin di\u011fer bile\u015fenleri olarak ve acil durumlar d\u0131\u015f\u0131nda yaz\u0131lan ila\u00e7lar\u0131n al\u0131nmas\u0131nda sorunlar \u00e7\u0131kabilece\u011fi d\u00fc\u015f\u00fcn\u00fcld\u00fc\u011f\u00fcnde de bizlerin yakla\u015f\u0131m\u0131m\u0131z \u00f6nemli olacakt\u0131r.\u00a0<\/span><\/p>\n<p class=\"MsoNormal\" style=\"margin: 0cm 0cm 0pt;\"><span style=\"font-family: Times New Roman; font-size: small;\">\u00a0<\/span><\/p>\n<p class=\"MsoNormal\" style=\"margin: 0cm 0cm 0pt;\"><span style=\"font-family: Times New Roman; font-size: small;\">Bizler sa\u011fl\u0131k \u00f6rg\u00fctleri olarak, &#8220;ila\u00e7&#8221; ba\u015fl\u0131\u011f\u0131nda ula\u015f\u0131m\u0131n \u00f6n\u00fcndeki b\u00fct\u00fcn engellerin kald\u0131r\u0131lmas\u0131n\u0131 talep ediyoruz. \u0130la\u00e7 nitelikli, ucuz ve ula\u015f\u0131labilir olmal\u0131d\u0131r. Bu temel prensibin y\u0131llard\u0131r savunucusu olduk, ila\u00e7 ve sa\u011fl\u0131k alan\u0131nda ya\u015fanan s\u00f6m\u00fcr\u00fcye kar\u015f\u0131 \u00e7\u0131kt\u0131k. Uygulanabilir ila\u00e7 ve sa\u011fl\u0131k politikalar\u0131n\u0131 savunduk, ancak uygulanan yanl\u0131\u015f politikalar her seferinde kar\u015f\u0131m\u0131za tasarruf tedbirleri olarak sunulan tekelle\u015fme e\u011filimlerini \u00e7\u0131kard\u0131. Bu kez \u00e7ok daha a\u011f\u0131r bir tablo ile kar\u015f\u0131 kar\u015f\u0131yay\u0131z, \u00f6ng\u00f6r\u00fclen tasarruf tedbirlerinin hedefinde vatanda\u015flar ve eczac\u0131lar var. Oysa bu tasarrufun kayna\u011f\u0131 bellidir: Y\u0131llard\u0131r elde ettikleri fahi\u015f k\u00e2rlarla bu s\u00f6m\u00fcr\u00fc \u00e7ark\u0131n\u0131 s\u00fcrd\u00fcren ila\u00e7 tekelleri&#8230;\u00a0<\/span><\/p>\n<p class=\"MsoNormal\" style=\"margin: 0cm 0cm 0pt;\"><span style=\"font-family: Times New Roman; font-size: small;\">\u00a0<\/span><\/p>\n<p class=\"MsoNormal\" style=\"margin: 0cm 0cm 0pt;\"><span style=\"font-family: Times New Roman; font-size: small;\">H\u00fck\u00fcmet, SSK ila\u00e7 fabrikas\u0131n\u0131 kapatarak, ila\u00e7 t\u00fcketimini k\u0131\u015fk\u0131rtarak ve ila\u00e7 fiyatlar\u0131n\u0131 avroya endeksleyen 2004 \u0130la\u00e7 Fiyat Kararnamesi ile bug\u00fcn sorunun ana kayna\u011f\u0131 olan on milyarlarca dolarl\u0131k ila\u00e7 harcamas\u0131n\u0131n yolunu a\u00e7m\u0131\u015f oldu. T\u00fcrkiye 5 y\u0131l i\u00e7inde daha da d\u0131\u015fa ba\u011f\u0131ml\u0131 hale geldi. \u0130la\u00e7 harcamalar\u0131 katlanarak artt\u0131.\u00a0<\/span><\/p>\n<p class=\"MsoNormal\" style=\"margin: 0cm 0cm 0pt;\"><span style=\"font-family: Times New Roman; font-size: small;\">\u00a0<\/span><\/p>\n<p class=\"MsoNormal\" style=\"margin: 0cm 0cm 0pt;\"><span style=\"font-family: Times New Roman; font-size: small;\">K\u0131\u015fk\u0131rt\u0131lm\u0131\u015f ila\u00e7 t\u00fcketimi reddedilerek ak\u0131lc\u0131 ila\u00e7 kullan\u0131m\u0131 temel prensip olarak kabul edilmelidir. Ba\u015fta yurtta\u015flar\u0131n cepten yapt\u0131\u011f\u0131 harcamalar olmak \u00fczere t\u00fcm ila\u00e7 harcamalar\u0131n\u0131n azalt\u0131lmas\u0131 \u00e7abalar\u0131 \u00f6nemlidir. Ne var ki g\u00fcndeme girecek uygulamalar ile k\u00fc\u00e7\u00fck \u00f6l\u00e7ekli eczaneler i\u00e7in ayakta kalman\u0131n zorla\u015faca\u011f\u0131, ila\u00e7 sunumunda tekelle\u015fme e\u011filiminin h\u0131z kazanaca\u011f\u0131 g\u00f6r\u00fclmektedir. Tasarruf \u00f6nlemlerinin halka faturas\u0131 ilk olarak muayene \u00fccretlerine y\u00fczde 500 oran\u0131nda zam yap\u0131lmas\u0131yla ortaya \u00e7\u0131kt\u0131. Bu faturan\u0131n bedeli giderek a\u011f\u0131rla\u015facak ve 4 Aral\u0131k&#8217;ta y\u00fcr\u00fcrl\u00fc\u011fe girecek olan \u00f6nlemler paketi ile de binlerce eczanenin tasfiyesinin \u00f6n\u00fc a\u00e7\u0131lacakt\u0131r.<\/span><\/p>\n<p class=\"MsoNormal\" style=\"margin: 0cm 0cm 0pt;\"><span style=\"font-family: Times New Roman; font-size: small;\">\u00a0<\/span><\/p>\n<p class=\"MsoNormal\" style=\"margin: 0cm 0cm 0pt;\"><span style=\"font-family: Times New Roman; font-size: small;\">Sa\u011fl\u0131kta D\u00f6n\u00fc\u015f\u00fcm Program\u0131 b\u00fct\u00fcnl\u00fckl\u00fc bir program olup, hekimin, hem\u015firenin, di\u015f hekiminin, hizmetli personelin, eczac\u0131n\u0131n t\u00fcm sa\u011fl\u0131k \u00e7al\u0131\u015fanlar\u0131n\u0131n i\u015f ve gelecek g\u00fcvencesi talepleri ile sa\u011fl\u0131\u011f\u0131n yurtta\u015flar i\u00e7in bir hak oldu\u011fu yakla\u015f\u0131m\u0131n\u0131 yok saymaktad\u0131r. Bu programa kar\u015f\u0131 y\u00fcr\u00fctt\u00fc\u011f\u00fcm\u00fcz m\u00fccadele ve taleplerimizin \u00e7abalar\u0131m\u0131z\u0131 ortakla\u015ft\u0131rd\u0131\u011f\u0131m\u0131z ve daha g\u00fc\u00e7l\u00fc yans\u0131tt\u0131\u011f\u0131m\u0131z \u00f6l\u00e7\u00fcde ba\u015far\u0131l\u0131 olaca\u011f\u0131n\u0131n bilincindeyiz.<\/span><\/p>\n<p class=\"MsoNormal\" style=\"margin: 0cm 0cm 0pt;\"><span style=\"font-family: Times New Roman; font-size: small;\">\u00a0<\/span><\/p>\n<p class=\"MsoNormal\" style=\"margin: 0cm 0cm 0pt;\"><span style=\"font-family: Times New Roman; font-size: small;\">Sa\u011fl\u0131k meslek \u00f6rg\u00fctleri ve sa\u011fl\u0131k sendikalar\u0131 olarak, bu anlay\u0131\u015fla eczac\u0131lar\u0131n yan\u0131nda oldu\u011fumuzu ifade ediyoruz.\u00a0<\/span><\/p>\n<p class=\"MsoNormal\" style=\"margin: 0cm 0cm 0pt;\"><span style=\"font-family: Times New Roman; font-size: small;\">\u00a0<\/span><\/p>\n<p class=\"MsoNormal\" style=\"margin: 0cm 0cm 0pt;\"><span style=\"font-family: Times New Roman; font-size: small;\">\u00a0<\/span><\/p>\n<p class=\"MsoNormal\" style=\"margin: 0cm 0cm 0pt;\"><strong style=\"mso-bidi-font-weight: normal;\"><span style=\"font-size: small;\"><span style=\"font-family: Times New Roman;\">\u0130STANBUL TAB\u0130P ODASI<\/span><\/span><\/strong><\/p>\n<p class=\"MsoNormal\" style=\"margin: 0cm 0cm 0pt;\"><strong style=\"mso-bidi-font-weight: normal;\"><span style=\"font-size: small;\"><span style=\"font-family: Times New Roman;\">\u0130STANBUL D\u0130\u015eHEK\u0130MLER\u0130 ODASI<\/span><\/span><\/strong><\/p>\n<p class=\"MsoNormal\" style=\"margin: 0cm 0cm 0pt;\"><strong style=\"mso-bidi-font-weight: normal;\"><span style=\"font-size: small;\"><span style=\"font-family: Times New Roman;\">\u0130STANBUL VETER\u0130NER HEK\u0130MLER ODASI<\/span><\/span><\/strong><\/p>\n<p class=\"MsoNormal\" style=\"margin: 0cm 0cm 0pt;\"><strong style=\"mso-bidi-font-weight: normal;\"><span style=\"font-size: small;\"><span style=\"font-family: Times New Roman;\">SES \u0130STANBUL \u015eUBELER\u0130<\/span><\/span><\/strong><\/p>\n<p class=\"MsoNormal\" style=\"margin: 0cm 0cm 0pt;\"><strong style=\"mso-bidi-font-weight: normal;\"><span style=\"font-size: small;\"><span style=\"font-family: Times New Roman;\">D\u0130SK\/ DEV SA\u011eLIK \u0130\u015e<\/span><\/span><\/strong><\/p>\n","protected":false},"excerpt":{"rendered":"<p>4 Aral\u0131k 2009 Cuma g\u00fcn\u00fc T\u00fcrkiye ger\u00e7ekle\u015ftirece\u011fimiz bir g\u00fcnl\u00fck ila\u00e7 hizmetine ara eylemine destek i\u00e7in bug\u00fcn (03.12.2009) Okmeydan\u0131 E\u011fitim Ara\u015ft\u0131rma&#46;&#46;&#46;<\/p>\n","protected":false},"author":1,"featured_media":0,"comment_status":"closed","ping_status":"closed","sticky":false,"template":"","format":"standard","meta":{"_jetpack_memberships_contains_paid_content":false,"footnotes":""},"categories":[1],"tags":[],"class_list":["post-3654","post","type-post","status-publish","format-standard","hentry","category-ced"],"aioseo_notices":[],"jetpack_featured_media_url":"","jetpack_sharing_enabled":true,"jetpack-related-posts":[],"_links":{"self":[{"href":"http:\/\/www.ced.org.tr\/index.php?rest_route=\/wp\/v2\/posts\/3654","targetHints":{"allow":["GET"]}}],"collection":[{"href":"http:\/\/www.ced.org.tr\/index.php?rest_route=\/wp\/v2\/posts"}],"about":[{"href":"http:\/\/www.ced.org.tr\/index.php?rest_route=\/wp\/v2\/types\/post"}],"author":[{"embeddable":true,"href":"http:\/\/www.ced.org.tr\/index.php?rest_route=\/wp\/v2\/users\/1"}],"replies":[{"embeddable":true,"href":"http:\/\/www.ced.org.tr\/index.php?rest_route=%2Fwp%2Fv2%2Fcomments&post=3654"}],"version-history":[{"count":0,"href":"http:\/\/www.ced.org.tr\/index.php?rest_route=\/wp\/v2\/posts\/3654\/revisions"}],"wp:attachment":[{"href":"http:\/\/www.ced.org.tr\/index.php?rest_route=%2Fwp%2Fv2%2Fmedia&parent=3654"}],"wp:term":[{"taxonomy":"category","embeddable":true,"href":"http:\/\/www.ced.org.tr\/index.php?rest_route=%2Fwp%2Fv2%2Fcategories&post=3654"},{"taxonomy":"post_tag","embeddable":true,"href":"http:\/\/www.ced.org.tr\/index.php?rest_route=%2Fwp%2Fv2%2Ftags&post=3654"}],"curies":[{"name":"wp","href":"https:\/\/api.w.org\/{rel}","templated":true}]}}