{"id":3655,"date":"2009-12-04T12:35:40","date_gmt":"2009-12-04T10:35:40","guid":{"rendered":"http:\/\/www.ced.org.tr\/?p=3655"},"modified":"2009-12-04T12:35:40","modified_gmt":"2009-12-04T10:35:40","slug":"eczaciya-ve-halka-degil-tekellere-fatura","status":"publish","type":"post","link":"http:\/\/www.ced.org.tr\/?p=3655","title":{"rendered":"ECZACIYA VE HALKA DE\u011e\u0130L TEKELLERE FATURA!"},"content":{"rendered":"<p class=\"MsoNormal\" style=\"margin: 0cm 0cm 0pt;\"><span style=\"font-family: Times New Roman; font-size: small;\"><img loading=\"lazy\" decoding=\"async\" src=\"images\/stories\/dernek\/4aralik\/4aralik3.jpg\" border=\"0\" alt=\"4 aral\u0131k mitingi\" width=\"348\" height=\"232\" style=\"float: left; border: 0; margin: 4px;\" \/>Bug\u00fcn \u0130stanbul Taksim Meydan\u0131\u2019nda toplanan binlerce eczac\u0131 h\u00fck\u00fcmetin ila\u00e7ta tasarruf paketini protesto etti. Saat 12.00\u2019de T\u00fcnel\u2019den ba\u015flayan y\u00fcr\u00fcy\u00fc\u015f boyunca \u201cMasallara karn\u0131m\u0131z tok! \u0130nsanca ya\u015famak i\u00e7in eme\u011fimizin kar\u015f\u0131l\u0131\u011f\u0131n\u0131 istiyoruz\u201d, \u201cVatanda\u015f\u0131n cebinden, eczac\u0131n\u0131n eme\u011finden tasarruf olmaz\u201d, \u201cH\u00fck\u00fcmet uyan masal bitti!\u201d, \u201cEczac\u0131 iflasta\u201d pankartlar\u0131 ta\u015f\u0131nd\u0131.<\/span><\/p>\n<p class=\"MsoNormal\" style=\"margin: 0cm 0cm 0pt;\"><span style=\"font-family: Times New Roman; font-size: small;\">\u00a0<\/span><\/p>\n<p class=\"MsoNormal\" style=\"margin: 0cm 0cm 0pt;\"><span style=\"font-family: Times New Roman; font-size: small;\">\u0130stiklal Caddesi boyunca y\u00fcr\u00fcyen eczac\u0131lara \u0130stanbul Tabip Odas\u0131, Herkese Sa\u011fl\u0131k ve G\u00fcvenli Gelecek Platformu, KESK \u0130stanbul \u015eubeler Platformu, Sa\u011fl\u0131k ve Sosyal Hizmet Emek\u00e7ileri Sendikas\u0131, Dev Sa\u011fl\u0131k-\u0130\u015f de destek verdi. Eczac\u0131lar ve eczane \u00e7al\u0131\u015fanlar\u0131n\u0131n yan\u0131s\u0131ra \u0130stanbul \u00dcniversitesi Eczac\u0131l\u0131k Fak\u00fcltesi ve Marmara \u00dcniversitesi Eczac\u0131l\u0131k Fak\u00fcltesi \u00f6\u011frencileri de kortejdeki yerlerini ald\u0131.<\/span><\/p>\n<p class=\"MsoNormal\" style=\"margin: 0cm 0cm 0pt;\"><span style=\"font-family: Times New Roman; font-size: small;\">\u00a0<\/span><\/p>\n<p class=\"MsoNormal\" style=\"margin: 0cm 0cm 0pt;\"><span style=\"font-family: Times New Roman; font-size: small;\">Halk\u0131n ve bas\u0131n mensuplar\u0131n\u0131n ilgisinin de y\u00fcksek oldu\u011fu eyleme kat\u0131lan beyaz \u00f6nl\u00fckl\u00fc binlerce eczac\u0131 y\u00fcr\u00fcy\u00fc\u015f s\u0131ras\u0131nda \u201cSa\u011fl\u0131k hakt\u0131r sat\u0131lamaz\u201d, \u201cBask\u0131lar bizi y\u0131ld\u0131ramaz\u201d, \u201cDirene direne kazanaca\u011f\u0131z\u201d, \u201cAKP sa\u011fl\u0131\u011fa zararl\u0131d\u0131r\u201d, \u201cMeslek hakk\u0131m\u0131z gasp edilemez\u201d, \u201cEczac\u0131 iflasa terk edilemez\u201d, \u201cHalka, eczac\u0131ya de\u011fil, tekellere fatura\u201d, \u201cVatanda\u015f susma, eczac\u0131na sahip \u00e7\u0131k\u201d \u015feklinde sloganlar att\u0131.<\/span><\/p>\n<p class=\"MsoNormal\" style=\"margin: 0cm 0cm 0pt;\"><span style=\"font-family: Times New Roman; font-size: small;\">\u00a0<\/span><\/p>\n<p class=\"MsoNormal\" style=\"margin: 0cm 0cm 0pt;\"><span style=\"font-family: Times New Roman; font-size: small;\">Taksim Meydan\u0131\u2019nda bas\u0131n a\u00e7\u0131klamas\u0131 yapan \u0130stanbul Eczac\u0131 Odas\u0131 Ba\u015fkan\u0131 Ecz. Semih G\u00fcng\u00f6r, bug\u00fcn n\u00f6bet\u00e7i tayin edilen eczanelerde Sosyal G\u00fcvenlik Kurumu\u2019nun provizyon sistemini kapatt\u0131\u011f\u0131n\u0131 a\u00e7\u0131klamas\u0131 \u00fczerine kitleden b\u00fcy\u00fck tepki geldi. Ecz. G\u00fcng\u00f6r n\u00f6bet\u00e7i eczanelerde sigortal\u0131lara ila\u00e7 hizmetinin SGK taraf\u0131ndan sabote etti\u011fini belirterek, halk\u0131 ma\u011fdur edenin asl\u0131nda SGK ve \u00c7al\u0131\u015fma ve Sosyal G\u00fcvenlik Bakanl\u0131\u011f\u0131\u2019n\u0131n bu uygulamas\u0131 oldu\u011funu s\u00f6yledi. <\/span><\/p>\n<p><span style=\"font-family: Times New Roman; font-size: small;\"><\/p>\n<p class=\"MsoNormal\" style=\"margin: 0cm 0cm 0pt;\">\u00a0<\/p>\n<p><\/span><\/p>\n<p class=\"MsoNormal\" style=\"margin: 0cm 0cm 0pt;\">\u00a0<\/p>\n<p class=\"MsoNormal\" style=\"margin: 0cm 0cm 0pt;\"><span style=\"font-family: Times New Roman; font-size: small;\">Ecz. Semih G\u00fcng\u00f6r daha sonra bas\u0131n a\u00e7\u0131klamas\u0131n\u0131 okudu. G\u00fcng\u00f6r\u2019\u00fcn yapt\u0131\u011f\u0131 bas\u0131n a\u00e7\u0131klamas\u0131 \u015f\u00f6yle:<\/span><\/p>\n<p class=\"MsoNormal\" style=\"margin: 0cm 0cm 0pt;\"><span style=\"font-family: Times New Roman; font-size: small;\">\u00a0<\/span><\/p>\n<p class=\"MsoNormal\" style=\"margin: 0cm 0cm 0pt;\"><span style=\"font-family: Times New Roman; font-size: small;\">4 Aral\u0131k 2009<\/span><\/p>\n<p class=\"MsoNormal\" style=\"margin: 0cm 0cm 0pt;\"><span style=\"font-family: Times New Roman; font-size: small;\">\u00a0<\/span><\/p>\n<p class=\"MsoNormal\" style=\"margin: 0cm 0cm 0pt;\"><span style=\"font-family: Times New Roman; font-size: small;\">De\u011ferli bas\u0131n mensuplar\u0131, de\u011ferli halk\u0131m\u0131z,<\/span><\/p>\n<p class=\"MsoNormal\" style=\"margin: 0cm 0cm 0pt;\"><span style=\"font-family: Times New Roman; font-size: small;\">\u00a0<\/span><\/p>\n<p class=\"MsoNormal\" style=\"margin: 0cm 0cm 0pt;\"><span style=\"font-family: Times New Roman; font-size: small;\">Bug\u00fcn T\u00fcrkiye\u2019nin d\u00f6rt bir yan\u0131nda eczanelerimizi kapatt\u0131k.<\/span><\/p>\n<p class=\"MsoNormal\" style=\"margin: 0cm 0cm 0pt;\"><span style=\"font-family: Times New Roman; font-size: small;\">\u00a0<\/span><\/p>\n<p class=\"MsoNormal\" style=\"margin: 0cm 0cm 0pt;\"><span style=\"font-family: Times New Roman; font-size: small;\">Biz eczac\u0131lar y\u0131llard\u0131r ila\u00e7 hizmetini t\u00fcm s\u0131k\u0131nt\u0131lar\u0131m\u0131za kar\u015f\u0131n herhangi bir aksamaya yer b\u0131rakmadan s\u00fcrd\u00fcr\u00fcyoruz. Ancak AKP h\u00fck\u00fcmetinin SSK\u2019l\u0131lar\u0131 serbest<img loading=\"lazy\" decoding=\"async\" src=\"images\/stories\/dernek\/4aralik\/4aralik5.jpg\" border=\"0\" alt=\"4 aral\u0131k mitingi\" width=\"348\" height=\"232\" style=\"float: right; border: 0; margin: 4px;\" \/> eczanelere y\u00f6nlendirdi\u011fi 2005 y\u0131l\u0131ndan itibaren, ya\u015fad\u0131\u011f\u0131m\u0131z binbir g\u00fc\u00e7l\u00fc\u011fe ve soruna ek olarak son ald\u0131\u011f\u0131 mali tedbirlerle binlercemiz kapanma noktas\u0131na geldik.<\/span><\/p>\n<p class=\"MsoNormal\" style=\"margin: 0cm 0cm 0pt;\"><span style=\"font-family: Times New Roman; font-size: small;\">\u00a0<\/span><\/p>\n<p class=\"MsoNormal\" style=\"margin: 0cm 0cm 0pt;\"><span style=\"font-family: Times New Roman; font-size: small;\">Bug\u00fcn eczanelerimizi kapatarak \u015fu mesaj\u0131 veriyoruz. Biz t\u00fcm yurtta hizmet veren 24 bin eczaneden neredeyse yar\u0131s\u0131n\u0131n tasfiye edilece\u011fi bu s\u00fcreci durduraca\u011f\u0131z. Teker teker kapanmaktansa bug\u00fcn hepimiz eczanelerimizi kapatarak mesle\u011fimize sahip \u00e7\u0131kaca\u011f\u0131m\u0131z\u0131 ilan ettik. Bundan sonraki s\u00fcre\u00e7te eczanelerin yerine almaya heveslenen gruplara da s\u00f6z\u00fcm\u00fcz \u201ceczac\u0131s\u0131z, eczanesiz ila\u00e7 hizmeti olmaz\u201d olacakt\u0131r.<\/span><\/p>\n<p class=\"MsoNormal\" style=\"margin: 0cm 0cm 0pt;\"><span style=\"font-family: Times New Roman; font-size: small;\">\u00a0<\/span><\/p>\n<p class=\"MsoNormal\" style=\"margin: 0cm 0cm 0pt;\"><span style=\"font-family: Times New Roman; font-size: small;\">Hastalar\u0131m\u0131z\u0131 ma\u011fdur etmemek i\u00e7in bug\u00fcn \u0130stanbul\u2019da y\u00fczlerce n\u00f6bet\u00e7i eczanede meslekta\u015flar\u0131m\u0131z ila\u00e7 hizmetini s\u00fcrd\u00fcr\u00fcyor. Biz burada toplanan eczac\u0131 ve eczane \u00e7al\u0131\u015fanlar\u0131 ve bizlere destek veren hekim, di\u015fhekimi, veteriner, sa\u011fl\u0131k emek\u00e7isi t\u00fcm dostlar\u0131m\u0131z; T\u00fcrkiye\u2019de sa\u011fl\u0131k hakk\u0131n\u0131n elimizden al\u0131nmas\u0131na, nitelikli sa\u011fl\u0131k hizmetini s\u00fcrd\u00fcrmemizin \u00f6n\u00fcne konan engellere bir kez daha dur demek istiyoruz.<\/span><\/p>\n<p class=\"MsoNormal\" style=\"margin: 0cm 0cm 0pt;\"><span style=\"font-family: Times New Roman; font-size: small;\">\u00a0<\/span><\/p>\n<p class=\"MsoNormal\" style=\"margin: 0cm 0cm 0pt;\"><span style=\"font-family: Times New Roman; font-size: small;\">K\u00fcresel kriz bahane edilerek sa\u011fl\u0131k ve ila\u00e7ta tasarruf etmek amac\u0131yla uygulamaya konan d\u00fczenlemeler, hem biz sa\u011fl\u0131k meslek mensuplar\u0131 ve \u00e7al\u0131\u015fanlar\u0131n\u0131 yok olu\u015fa s\u00fcr\u00fckl\u00fcyor hem de halk\u0131m\u0131z\u0131n sa\u011fl\u0131\u011fa daha fazla para harcamas\u0131na, sa\u011fl\u0131k hakk\u0131n\u0131n elinden al\u0131nmas\u0131na neden oluyor.<\/span><\/p>\n<p class=\"MsoNormal\" style=\"margin: 0cm 0cm 0pt;\"><span style=\"font-family: Times New Roman; font-size: small;\">\u00a0<\/span><\/p>\n<p class=\"MsoNormal\" style=\"margin: 0cm 0cm 0pt;\"><span style=\"font-family: Times New Roman; font-size: small;\">18 Ekim\u2019de Kad\u0131k\u00f6y\u2019de d\u00fczenledi\u011fimiz mitingde AKP h\u00fck\u00fcmeti\u2019nin sa\u011fl\u0131kta bir masal anlatt\u0131\u011f\u0131n\u0131 ilan etmi\u015ftik.<\/span><\/p>\n<p class=\"MsoNormal\" style=\"margin: 0cm 0cm 0pt;\"><span style=\"font-family: Times New Roman; font-size: small;\">\u00a0<\/span><\/p>\n<p class=\"MsoNormal\" style=\"margin: 0cm 0cm 0pt;\"><span style=\"font-family: Times New Roman; font-size: small;\">\u0130la\u00e7ta bu masal, 2004\u2019te \u00e7\u0131kar\u0131lan \u0130la\u00e7 Fiyat Kararnamesi\u2019yle ba\u015flad\u0131. \u0130la\u00e7 fiyatlar\u0131 bu kararnameyle d\u00f6vize endekslendi. 2004\u2019ten itibaren fiyatlar d\u00fc\u015fmeye devam etti. \u0130la\u00e7lar\u0131n ucuzlamas\u0131na kar\u015f\u0131n y\u00fczde 500\u2019lere varan oranlarda artan muayene \u00fccretleri, ila\u00e7 fiyat farklar\u0131, kat\u0131l\u0131m paylar\u0131 hastalar\u0131m\u0131z\u0131n ceplerinden daha fazla \u00f6deme yapmas\u0131na yol a\u00e7t\u0131. Bu \u00e7eli\u015fkiyi hep birlikte ya\u015fad\u0131k, ya\u015f\u0131yoruz.<\/span><\/p>\n<p class=\"MsoNormal\" style=\"margin: 0cm 0cm 0pt;\"><span style=\"font-family: Times New Roman; font-size: small;\">\u00a0<\/span><\/p>\n<p class=\"MsoNormal\" style=\"margin: 0cm 0cm 0pt;\"><span style=\"font-family: Times New Roman; font-size: small;\">Kamu ila\u00e7 harcamalar\u0131n\u0131n 5 y\u0131ld\u0131r katlanarak artt\u0131\u011f\u0131 \u00fclkemizde ila\u00e7 \u015firketleri son krizden b\u00fcy\u00fcmeyle \u00e7\u0131kt\u0131klar\u0131n\u0131 a\u00e7\u0131klarlarken eczanelerin i\u00e7ine sokuldu\u011fu \u00e7\u0131kmaz son d\u00fczenlemelerle iflas anlam\u0131na gelmektedir.<\/span><\/p>\n<p class=\"MsoNormal\" style=\"margin: 0cm 0cm 0pt;\"><span style=\"font-family: Times New Roman; font-size: small;\">\u00a0<\/span><\/p>\n<p class=\"MsoNormal\" style=\"margin: 0cm 0cm 0pt;\"><span style=\"font-family: Times New Roman; font-size: small;\">Y\u0131llard\u0131r s\u00f6yl\u00fcyoruz: \u0130la\u00e7 nitelikli, ucuz ve ula\u015f\u0131labilir olmal\u0131d\u0131r. Y\u0131llard\u0131r bu ilkenin savunucusu olduk, ila\u00e7 ve sa\u011fl\u0131k alan\u0131nda ya\u015fanan s\u00f6m\u00fcr\u00fcye kar\u015f\u0131 \u00e7\u0131kt\u0131k. Uygulanabilir ila\u00e7 ve sa\u011fl\u0131k politikalar\u0131n\u0131 savunduk, ancak uygulanan yanl\u0131\u015f politikalar her seferinde kar\u015f\u0131m\u0131za tasarruf tedbirleri olarak sunulan tekelle\u015fme e\u011filimlerini \u00e7\u0131kard\u0131. Bu kez \u00e7ok daha a\u011f\u0131r bir tablo ile kar\u015f\u0131 kar\u015f\u0131yay\u0131z, \u00f6ng\u00f6r\u00fclen tasarruf tedbirlerinin hedefinde vatanda\u015flar ve eczac\u0131lar var. Oysa bu tasarrufun kayna\u011f\u0131 bellidir: Y\u0131llard\u0131r elde ettikleri fahi\u015f k\u00e2rlarla bu s\u00f6m\u00fcr\u00fc \u00e7ark\u0131n\u0131 s\u00fcrd\u00fcren ila\u00e7 tekelleri&#8230; <\/span><\/p>\n<p class=\"MsoNormal\" style=\"margin: 0cm 0cm 0pt;\"><span style=\"font-family: Times New Roman; font-size: small;\">\u00a0<\/span><\/p>\n<p class=\"MsoNormal\" style=\"margin: 0cm 0cm 0pt;\"><span style=\"font-family: Times New Roman; font-size: small;\">H\u00fck\u00fcmet, SSK ila\u00e7 fabrikas\u0131n\u0131 kapatarak, ila\u00e7 t\u00fcketimini k\u0131\u015fk\u0131rtarak ve ila\u00e7 fiyatlar\u0131n\u0131 avroya endeksleyen 2004 \u0130la\u00e7 Fiyat Kararnamesi ile bug\u00fcn sorunun ana kayna\u011f\u0131 olan on milyarlarca dolarl\u0131k ila\u00e7 harcamas\u0131n\u0131n yolunu a\u00e7m\u0131\u015f oldu. T\u00fcrkiye 5 y\u0131l i\u00e7inde daha da d\u0131\u015fa ba\u011f\u0131ml\u0131 hale geldi. \u0130la\u00e7 harcamalar\u0131 katlanarak artt\u0131. <\/span><\/p>\n<p class=\"MsoNormal\" style=\"margin: 0cm 0cm 0pt;\"><span style=\"font-family: Times New Roman; font-size: small;\">\u00a0<\/span><\/p>\n<p class=\"MsoNormal\" style=\"margin: 0cm 0cm 0pt;\"><span style=\"font-family: Times New Roman; font-size: small;\"><img loading=\"lazy\" decoding=\"async\" src=\"images\/stories\/dernek\/4aralik\/4aralik2.jpg\" border=\"0\" alt=\"4 aral\u0131k mitingi\" width=\"348\" height=\"232\" style=\"border: 0; float: left; margin: 4px;\" \/>K\u0131\u015fk\u0131rt\u0131lm\u0131\u015f ila\u00e7 t\u00fcketimi reddedilerek ak\u0131lc\u0131 ila\u00e7 kullan\u0131m\u0131 temel ilke olarak kabul edilmelidir. Ba\u015fta yurtta\u015flar\u0131n cepten yapt\u0131\u011f\u0131 harcamalar olmak \u00fczere t\u00fcm ila\u00e7 harcamalar\u0131 azalt\u0131lmal\u0131, ak\u0131lc\u0131 ila\u00e7 kullan\u0131m\u0131 te\u015fvik edilmelidir.<\/span><\/p>\n<p class=\"MsoNormal\" style=\"margin: 0cm 0cm 0pt;\"><span style=\"font-family: Times New Roman; font-size: small;\">\u00a0<\/span><\/p>\n<p class=\"MsoNormal\" style=\"margin: 0cm 0cm 0pt;\"><span style=\"font-family: Times New Roman; font-size: small;\">\u0130la\u00e7 fiyat d\u00fc\u015f\u00fc\u015fleri nedeniyle eczanelerimizde olu\u015fan stok zararlar\u0131n\u0131n \u00f6nlenmesi ila\u00e7 tekellerinin keyfiyetine ba\u011fl\u0131 olmaktan \u00e7\u0131kar\u0131lmal\u0131, eczanelerimiz yasal yapt\u0131r\u0131mlarla korunmal\u0131d\u0131r.<\/span><\/p>\n<p class=\"MsoNormal\" style=\"margin: 0cm 0cm 0pt;\"><span style=\"font-family: Times New Roman; font-size: small;\">\u00a0<\/span><\/p>\n<p class=\"MsoNormal\" style=\"margin: 0cm 0cm 0pt;\"><span style=\"font-family: Times New Roman; font-size: small;\">\u0130la\u00e7 hizmetinde tekelle\u015fme e\u011filiminin \u00f6n\u00fcne ge\u00e7ecek \u00f6nlemler bir an \u00f6nce al\u0131nmal\u0131 ve \u00f6zellikle il\u00e7e, belde ve k\u00f6ylerde hizmet veren k\u00fc\u00e7\u00fck eczanelerin varl\u0131\u011f\u0131 garanti alt\u0131na al\u0131nmal\u0131d\u0131r.<\/span><\/p>\n<p class=\"MsoNormal\" style=\"margin: 0cm 0cm 0pt;\"><span style=\"font-family: Times New Roman; font-size: small;\">\u00a0<\/span><\/p>\n<p class=\"MsoNormal\" style=\"margin: 0cm 0cm 0pt;\"><span style=\"font-family: Times New Roman; font-size: small;\">Muayene \u00fccretlerinin tahsilat\u0131 uygulamas\u0131na bir an \u00f6nce son verilmelidir.<\/span><\/p>\n<p class=\"MsoNormal\" style=\"margin: 0cm 0cm 0pt;\"><span style=\"font-family: Times New Roman; font-size: small;\">\u00a0<\/span><\/p>\n<p class=\"MsoNormal\" style=\"margin: 0cm 0cm 0pt;\"><span style=\"font-family: Times New Roman; font-size: small;\">Eczac\u0131lara insanca ya\u015famalar\u0131n\u0131 ve ila\u00e7 hizmetini sa\u011fl\u0131kl\u0131 bir bi\u00e7imde s\u00fcrd\u00fcrmelerini sa\u011flayacak meslek hakk\u0131 verilmelidir.<\/span><\/p>\n<p class=\"MsoNormal\" style=\"margin: 0cm 0cm 0pt;\"><span style=\"font-family: Times New Roman; font-size: small;\">\u00a0<\/span><\/p>\n<p class=\"MsoNormal\" style=\"margin: 0cm 0cm 0pt;\"><span style=\"font-family: Times New Roman; font-size: small;\">SSK hastane ve eczanelerin tasfiyesinin ard\u0131ndan ila\u00e7ta neredeyse tek al\u0131c\u0131 konumuna gelen Sosyal G\u00fcvenlik Kurumu\u2019nun antidemokratik ve meslek \u00f6rg\u00fctlerini tan\u0131maz tutumuna derhal son verilmeli ve ila\u00e7 hizmetinin planlanmas\u0131nda eczac\u0131 \u00f6rg\u00fctleri s\u00f6z sahibi olmal\u0131d\u0131r.<\/span><\/p>\n<p class=\"MsoNormal\" style=\"margin: 0cm 0cm 0pt;\"><span style=\"font-family: Times New Roman; font-size: small;\">\u00a0<\/span><\/p>\n<p class=\"MsoNormal\" style=\"margin: 0cm 0cm 0pt;\"><span style=\"font-family: Times New Roman; font-size: small;\">Son olarak eczac\u0131s\u0131yla, hekimiyle, emek\u00e7isiyle bu alanda hizmet verenler olarak, AKP h\u00fck\u00fcmetini bir kez daha uyar\u0131yoruz. \u201cParan kadar sa\u011fl\u0131k\u201d anlay\u0131\u015f\u0131yla s\u00fcrd\u00fcrmeye \u00e7al\u0131\u015ft\u0131\u011f\u0131n\u0131z bu sistem art\u0131k y\u0131k\u0131m noktas\u0131na gelmi\u015ftir. Bu s\u00fcre\u00e7 yaln\u0131z biz eczac\u0131lar\u0131 tasfiye etmeyecek, tasfiye edilen sa\u011fl\u0131k hakk\u0131 elinden al\u0131nan yurtta\u015flar ve \u00f6zl\u00fck haklar\u0131n\u0131 bir bir yitiren sa\u011fl\u0131k \u00e7al\u0131\u015fanlar\u0131 olacakt\u0131r. Sa\u011fl\u0131kta y\u0131k\u0131m tablosunun damgas\u0131n\u0131 vurdu\u011fu bir \u00fclkede hi\u00e7bir de\u011ferden s\u00f6z etmek m\u00fcmk\u00fcn de\u011fildir!<\/span><\/p>\n<p class=\"MsoNormal\" style=\"margin: 0cm 0cm 0pt;\"><span style=\"font-family: Times New Roman; font-size: small;\">\u00a0<\/span><\/p>\n<p class=\"MsoNormal\" style=\"margin: 0cm 0cm 0pt;\"><span style=\"font-family: Times New Roman; font-size: small;\">Son olarak bug\u00fcn y\u00fcr\u00fcrl\u00fc\u011fe giren tasarruf tedbirleri nedeniyle yakla\u015f\u0131k 8000 eczanenin tasfiye s\u00fcreci a\u00e7\u0131lm\u0131\u015ft\u0131r. \u00d6n\u00fcm\u00fczdeki s\u00fcre\u00e7te bu eczanelerin b\u00fcy\u00fck bir b\u00f6l\u00fcm\u00fc zorunlu olarak kepenk indirecektir. <\/span><\/p>\n<p class=\"MsoNormal\" style=\"margin: 0cm 0cm 0pt;\"><span style=\"font-family: Times New Roman; font-size: small;\">\u00a0<\/span><\/p>\n<p class=\"MsoNormal\" style=\"margin: 0cm 0cm 0pt;\"><span style=\"font-family: Times New Roman; font-size: small;\">Ancak bir kez daha vurguluyoruz. Buna seyirci kalmayaca\u011f\u0131z. <\/span><\/p>\n<p class=\"MsoNormal\" style=\"margin: 0cm 0cm 0pt;\"><span style=\"font-family: Times New Roman; font-size: small;\">\u00a0<\/span><\/p>\n<p class=\"MsoNormal\" style=\"margin: 0cm 0cm 0pt;\"><span style=\"font-family: Times New Roman; font-size: small;\">10-13 Aral\u0131k tarihlerinde, Ankara\u2019da yapaca\u011f\u0131m\u0131z T\u00fcrk Eczac\u0131lar\u0131 Birli\u011fi Ola\u011fan Genel Kurulu\u2019nda, mesle\u011fimizin i\u00e7inde bulundu\u011fu durumu de\u011ferlendirerek daha etkili ad\u0131mlar atmak konusunda \u00f6nemli kararlar alaca\u011f\u0131z.<\/span><\/p>\n<p class=\"MsoNormal\" style=\"margin: 0cm 0cm 0pt;\"><span style=\"font-family: Times New Roman; font-size: small;\">\u00a0<\/span><\/p>\n<p class=\"MsoNormal\" style=\"margin: 0cm 0cm 0pt;\"><span style=\"font-family: Times New Roman; font-size: small;\">\u00a0<\/span><\/p>\n<p class=\"MsoNormal\" style=\"text-align: right; margin: 0cm 0cm 0pt;\"><span style=\"font-family: Times New Roman; font-size: small;\"><strong>\u0130stanbul Eczac\u0131 Odas\u0131<\/strong><\/span><\/p>\n<p class=\"MsoNormal\" style=\"text-align: right; margin: 0cm 0cm 0pt;\"><span style=\"font-family: Times New Roman; font-size: small;\"><strong>Y\u00f6netim Kurulu<\/strong><\/span><\/p>\n<p class=\"MsoNormal\" style=\"text-align: right; margin: 0cm 0cm 0pt;\"><span style=\"font-family: Times New Roman; font-size: small;\"><strong>\u00a0<\/strong><\/span><\/p>\n<p class=\"MsoNormal\" style=\"text-align: left; margin: 0cm 0cm 0pt;\"><span style=\"font-family: Times New Roman; font-size: small;\">\u00a0<\/span><\/p>\n<p class=\"MsoNormal\" style=\"text-align: left; margin: 0cm 0cm 0pt;\"><span style=\"font-family: Times New Roman; font-size: small;\">{yoogallery src=[\/images\/stories\/dernek\/4aralik\/]\u00a0title=[Eczanelerimizi Kapatiyoruz]} <\/span><\/p>\n","protected":false},"excerpt":{"rendered":"<p>Bug\u00fcn \u0130stanbul Taksim Meydan\u0131\u2019nda toplanan binlerce eczac\u0131 h\u00fck\u00fcmetin ila\u00e7ta tasarruf paketini protesto etti. Saat 12.00\u2019de T\u00fcnel\u2019den ba\u015flayan y\u00fcr\u00fcy\u00fc\u015f boyunca \u201cMasallara&#46;&#46;&#46;<\/p>\n","protected":false},"author":1,"featured_media":0,"comment_status":"closed","ping_status":"closed","sticky":false,"template":"","format":"standard","meta":{"_jetpack_memberships_contains_paid_content":false,"footnotes":""},"categories":[1],"tags":[],"class_list":["post-3655","post","type-post","status-publish","format-standard","hentry","category-ced"],"aioseo_notices":[],"jetpack_featured_media_url":"","jetpack_sharing_enabled":true,"jetpack-related-posts":[],"_links":{"self":[{"href":"http:\/\/www.ced.org.tr\/index.php?rest_route=\/wp\/v2\/posts\/3655","targetHints":{"allow":["GET"]}}],"collection":[{"href":"http:\/\/www.ced.org.tr\/index.php?rest_route=\/wp\/v2\/posts"}],"about":[{"href":"http:\/\/www.ced.org.tr\/index.php?rest_route=\/wp\/v2\/types\/post"}],"author":[{"embeddable":true,"href":"http:\/\/www.ced.org.tr\/index.php?rest_route=\/wp\/v2\/users\/1"}],"replies":[{"embeddable":true,"href":"http:\/\/www.ced.org.tr\/index.php?rest_route=%2Fwp%2Fv2%2Fcomments&post=3655"}],"version-history":[{"count":0,"href":"http:\/\/www.ced.org.tr\/index.php?rest_route=\/wp\/v2\/posts\/3655\/revisions"}],"wp:attachment":[{"href":"http:\/\/www.ced.org.tr\/index.php?rest_route=%2Fwp%2Fv2%2Fmedia&parent=3655"}],"wp:term":[{"taxonomy":"category","embeddable":true,"href":"http:\/\/www.ced.org.tr\/index.php?rest_route=%2Fwp%2Fv2%2Fcategories&post=3655"},{"taxonomy":"post_tag","embeddable":true,"href":"http:\/\/www.ced.org.tr\/index.php?rest_route=%2Fwp%2Fv2%2Ftags&post=3655"}],"curies":[{"name":"wp","href":"https:\/\/api.w.org\/{rel}","templated":true}]}}