{"id":3656,"date":"2009-12-14T08:32:51","date_gmt":"2009-12-14T06:32:51","guid":{"rendered":"http:\/\/www.ced.org.tr\/?p=3656"},"modified":"2009-12-14T08:32:51","modified_gmt":"2009-12-14T06:32:51","slug":"teb-37-olagan-buyuk-kongresi-tamamlandi","status":"publish","type":"post","link":"http:\/\/www.ced.org.tr\/?p=3656","title":{"rendered":"TEB 37. OLA\u011eAN B\u00dcY\u00dcK KONGRES\u0130 TAMAMLANDI"},"content":{"rendered":"<p>TEB 37. ola\u011fan b\u00fcy\u00fck kongresi 10-11-12 Aral\u0131k 2009 tarihlerinde yap\u0131ld\u0131.<\/p>\n<p>13 Aral\u0131k Pazar g\u00fcn\u00fc yap\u0131lan se\u00e7imleri Erdo\u011fan \u00c7OLAK&#8217;\u0131n ba\u015fkanl\u0131\u011f\u0131n\u0131 yapt\u0131\u011f\u0131 Meslek \u0130\u00e7in Dayan\u0131\u015fma Grubu listesi kazand\u0131.<\/p>\n<p>Yap\u0131lan se\u00e7imler sonucunda Meslek \u0130\u00e7in Dayan\u0131\u015fma Grubu listesi ortalamada 206 oy, M. Sait Y\u00dcCEL&#8217;in ba\u015fkanl\u0131\u011f\u0131ndaki \u00c7a\u011fda\u015f Demokrat Eczac\u0131lar Grubu ise ortalamada 95 oy ald\u0131.<\/p>\n<p>Resmi olmayan sonu\u00e7lar i\u00e7in <a href=\"http:\/\/ced.org.tr\/v2\/images\/stories\/dernek\/13aralik2009tebsecimsonuclari.xls\" target=\"_blank\" title=\"se\u00e7im sonu\u00e7lar\u0131\">t\u0131klay\u0131n\u0131z<\/a>.<\/p>\n","protected":false},"excerpt":{"rendered":"<p>TEB 37. ola\u011fan b\u00fcy\u00fck kongresi 10-11-12 Aral\u0131k 2009 tarihlerinde yap\u0131ld\u0131. 13 Aral\u0131k Pazar g\u00fcn\u00fc yap\u0131lan se\u00e7imleri Erdo\u011fan \u00c7OLAK&#8217;\u0131n ba\u015fkanl\u0131\u011f\u0131n\u0131 yapt\u0131\u011f\u0131&#46;&#46;&#46;<\/p>\n","protected":false},"author":1,"featured_media":0,"comment_status":"closed","ping_status":"closed","sticky":false,"template":"","format":"standard","meta":{"_jetpack_memberships_contains_paid_content":false,"footnotes":""},"categories":[1],"tags":[],"class_list":["post-3656","post","type-post","status-publish","format-standard","hentry","category-ced"],"aioseo_notices":[],"jetpack_featured_media_url":"","jetpack_sharing_enabled":true,"jetpack-related-posts":[],"_links":{"self":[{"href":"http:\/\/www.ced.org.tr\/index.php?rest_route=\/wp\/v2\/posts\/3656","targetHints":{"allow":["GET"]}}],"collection":[{"href":"http:\/\/www.ced.org.tr\/index.php?rest_route=\/wp\/v2\/posts"}],"about":[{"href":"http:\/\/www.ced.org.tr\/index.php?rest_route=\/wp\/v2\/types\/post"}],"author":[{"embeddable":true,"href":"http:\/\/www.ced.org.tr\/index.php?rest_route=\/wp\/v2\/users\/1"}],"replies":[{"embeddable":true,"href":"http:\/\/www.ced.org.tr\/index.php?rest_route=%2Fwp%2Fv2%2Fcomments&post=3656"}],"version-history":[{"count":0,"href":"http:\/\/www.ced.org.tr\/index.php?rest_route=\/wp\/v2\/posts\/3656\/revisions"}],"wp:attachment":[{"href":"http:\/\/www.ced.org.tr\/index.php?rest_route=%2Fwp%2Fv2%2Fmedia&parent=3656"}],"wp:term":[{"taxonomy":"category","embeddable":true,"href":"http:\/\/www.ced.org.tr\/index.php?rest_route=%2Fwp%2Fv2%2Fcategories&post=3656"},{"taxonomy":"post_tag","embeddable":true,"href":"http:\/\/www.ced.org.tr\/index.php?rest_route=%2Fwp%2Fv2%2Ftags&post=3656"}],"curies":[{"name":"wp","href":"https:\/\/api.w.org\/{rel}","templated":true}]}}