{"id":3660,"date":"2009-12-25T12:26:56","date_gmt":"2009-12-25T10:26:56","guid":{"rendered":"http:\/\/www.ced.org.tr\/?p=3660"},"modified":"2009-12-25T12:26:56","modified_gmt":"2009-12-25T10:26:56","slug":"tek-tek-sozlesmeye-kitlesel-hayir","status":"publish","type":"post","link":"http:\/\/www.ced.org.tr\/?p=3660","title":{"rendered":"TEK TEK S\u00d6ZLE\u015eMEYE K\u0130TLESEL HAYIR!"},"content":{"rendered":"<p style=\"text-align: center;\"><img loading=\"lazy\" decoding=\"async\" src=\"images\/stories\/dernek\/24aralik2009.jpg\" border=\"0\" alt=\"toplant\u0131\" width=\"564\" height=\"240\" style=\"margin-top: 4px; margin-bottom: 4px; border: 0px;\" \/><\/p>\n<p>\u00a0<\/p>\n<p class=\"MsoNormal\" style=\"margin: 0cm 0cm 0pt;\"><span style=\"font-family: Times New Roman; font-size: small;\">SGK \u2018n\u0131n TEB ile yapt\u0131\u011f\u0131 3 y\u0131ll\u0131k s\u00f6zle\u015fmeyi 4 Aral\u0131k kapatma eylemini gerek\u00e7e g\u00f6stererek<span style=\"mso-spacerun: yes;\">\u00a0 <\/span>tek tarafl\u0131 olarak fesih etmesi ve eczac\u0131lara tek tek ve tek tip s\u00f6zle\u015fme dayatmas\u0131na eczac\u0131lardan \u00f6rg\u00fctl\u00fc bir tepki geldi.<\/span><\/p>\n<p class=\"MsoNormal\" style=\"margin: 0cm 0cm 0pt;\"><span style=\"font-family: Times New Roman; font-size: small;\">\u00a0<\/span><\/p>\n<p class=\"MsoNormal\" style=\"margin: 0cm 0cm 0pt;\"><span style=\"font-family: Times New Roman; font-size: small;\">24 Aral\u0131k 2009 gecesi \u0130EO \u2018nun \u00e7a\u011fr\u0131s\u0131 \u00fczerine Wow Otel \u2019de bir araya gelen 2500 \u2018\u00fcn \u00fczerinde ki eczac\u0131 toplulu\u011fu masada TEB \u2018in olmad\u0131\u011f\u0131 bir s\u00f6zle\u015fmeyi kabul etmeyeceklerini oy birli\u011fi ile karar alt\u0131na ald\u0131lar. Toplant\u0131n\u0131n a\u00e7\u0131l\u0131\u015f\u0131nda bir sunum yapan \u0130EO Ba\u015fkan\u0131 Ecz. Semih G\u00dcNG\u00d6R 18 Eyl\u00fcl \u2018den bug\u00fcne ya\u015fanan geli\u015fmeleri t\u00fcm boyutlar\u0131 ile anlatt\u0131. 18 Eyl\u00fcl \u2018de ila\u00e7 fiyat kararnamesinde ve SUT \u2018da yap\u0131lan d\u00fczenlemelerin sonucu olarak eczac\u0131lar\u0131n ya\u015fad\u0131klar\u0131 kay\u0131plar konusunda bilgi verdi.<\/span><span style=\"font-family: Times New Roman; font-size: small;\"> <\/span><span style=\"font-family: Times New Roman; font-size: small;\">\u00a0<\/span><\/p>\n<p class=\"MsoNormal\" style=\"margin: 0cm 0cm 0pt;\">\n<p class=\"MsoNormal\" style=\"margin: 0cm 0cm 0pt;\">\u00a0<\/p>\n<p class=\"MsoNormal\" style=\"margin: 0cm 0cm 0pt;\"><span style=\"font-family: Times New Roman; font-size: small;\">\u0130EO Ba\u015fkan\u0131 Semih G\u00dcNG\u00d6R SGK \u2018n\u0131n dayatt\u0131\u011f\u0131 s\u00f6zle\u015fmenin eczac\u0131lar taraf\u0131ndan tek tek imzalanmas\u0131 durumunda do\u011fabilecek tehlikeleri tek tek alt\u0131n\u0131 \u00e7izdi. Eczac\u0131 \u00f6rg\u00fctlerince s\u00fcrd\u00fcr\u00fclen m\u00fccadelenin do\u011frudan bir siyasi iktidar m\u00fccadelesi olmad\u0131\u011f\u0131n\u0131 meslek alan\u0131m\u0131z\u0131 ilgilendiren ekonomik ve demokratik haklara d\u00f6n\u00fck bir m\u00fccadele oldu\u011funun alt\u0131n\u0131 \u00e7izdi. Eczac\u0131 taban\u0131nda ki farkl\u0131l\u0131\u011f\u0131n \u0130stanbul \u2019un zenginli\u011fi oldu\u011funu, farkl\u0131 gruplar\u0131n varl\u0131\u011f\u0131na sayg\u0131 g\u00f6sterdiklerini ancak ya\u015fanan sorunun t\u00fcm meslekta\u015flar\u0131m\u0131z\u0131 ilgilendiren bir sorun oldu\u011funu dile getirdi. Mesle\u011fin gelece\u011fini belirleyecek b\u00f6ylesi bir s\u00fcre\u00e7te grup davran\u0131\u015flar\u0131n\u0131 bir kenara b\u0131rakarak birlikte davranman\u0131n ve dayan\u0131\u015fman\u0131n \u00f6nemine de\u011findi.<\/span><span style=\"font-family: Times New Roman; font-size: small;\">\u00a0<\/span><\/p>\n<p class=\"MsoNormal\" style=\"margin: 0cm 0cm 0pt;\"><span style=\"font-family: Times New Roman; font-size: small;\">\u00a0<\/span><\/p>\n<p class=\"MsoNormal\" style=\"margin: 0cm 0cm 0pt;\"><span style=\"font-family: Times New Roman; font-size: small;\">Sunumunda eczac\u0131lar\u0131n taleplerine de\u011finen G\u00dcNG\u00d6R bu talepleri \u015fu ba\u015fl\u0131klar alt\u0131nda s\u0131ralad\u0131:<\/span><\/p>\n<p class=\"MsoNormal\" style=\"margin: 0cm 0cm 0pt;\"><span style=\"font-family: Times New Roman; font-size: small;\">\u00a0<\/span><\/p>\n<ul style=\"margin-top: 0cm;\" type=\"disc\">\n<li class=\"MsoNormal\" style=\"margin: 0cm 0cm 0pt; mso-list: l0 level1 lfo1; tab-stops: list 36.0pt;\"><span style=\"font-family: Times New Roman; font-size: small;\">Stok zararlar\u0131m\u0131z\u0131n telafisi<\/span><\/li>\n<li class=\"MsoNormal\" style=\"margin: 0cm 0cm 0pt; mso-list: l0 level1 lfo1; tab-stops: list 36.0pt;\"><span style=\"font-family: Times New Roman; font-size: small;\">Kay\u0131plar\u0131m\u0131z\u0131n kar\u015f\u0131lanmas\u0131<\/span><\/li>\n<li class=\"MsoNormal\" style=\"margin: 0cm 0cm 0pt; mso-list: l0 level1 lfo1; tab-stops: list 36.0pt;\"><span style=\"font-family: Times New Roman; font-size: small;\">K\u00e2r oranlar\u0131n\u0131n y\u00fckseltilmesi (\u0130FK &#8216;da yap\u0131lacak de\u011fi\u015fiklikle)<\/span><\/li>\n<li class=\"MsoNormal\" style=\"margin: 0cm 0cm 0pt; mso-list: l0 level1 lfo1; tab-stops: list 36.0pt;\"><span style=\"font-family: Times New Roman; font-size: small;\">Meslek hakk\u0131 (6197&#8217;ye &#8220;kutu ba\u015f\u0131na meslek hakk\u0131&#8221; eklenerek)<\/span><\/li>\n<li class=\"MsoNormal\" style=\"margin: 0cm 0cm 0pt; mso-list: l0 level1 lfo1; tab-stops: list 36.0pt;\"><span style=\"font-family: Times New Roman; font-size: small;\">Kamu kurum iskonto y\u00fck\u00fcn\u00fcn kald\u0131r\u0131lmas\u0131<\/span><\/li>\n<\/ul>\n<p class=\"MsoNormal\" style=\"margin: 0cm 0cm 0pt;\"><span style=\"font-family: Times New Roman; font-size: small;\">G\u00dcNG\u00d6R; ila\u00e7 ve sa\u011fl\u0131k hizmetinde \u00f6nemli bir sorumluluk \u00fcstlendiklerini ve bu hizmetin sorunsuz devam etmesi noktas\u0131nda 5 y\u0131ld\u0131r eczac\u0131lar\u0131n \u00f6zveri ile bu hizmeti s\u00fcrd\u00fcrd\u00fcklerini, yeni d\u00f6nemde de bunu s\u00fcrd\u00fcrmek niyetinde olduklar\u0131n\u0131 belirtti. \u00c7al\u0131\u015fma ve Sosyal G\u00fcvenlik Bakan\u0131 \u2018n\u0131n ve SGK yetkililerinin gelinen bu a\u015famada TEB ile biran \u00f6nce masaya oturarak eczac\u0131lar\u0131n beklentilerine yan\u0131t verecek yeni bir s\u00f6zle\u015fmeyi ba\u011f\u0131tlamalar\u0131n\u0131 istedi.<\/span><\/p><\/p>\n","protected":false},"excerpt":{"rendered":"<p>\u00a0 SGK \u2018n\u0131n TEB ile yapt\u0131\u011f\u0131 3 y\u0131ll\u0131k s\u00f6zle\u015fmeyi 4 Aral\u0131k kapatma eylemini gerek\u00e7e g\u00f6stererek\u00a0 tek tarafl\u0131 olarak fesih etmesi&#46;&#46;&#46;<\/p>\n","protected":false},"author":1,"featured_media":0,"comment_status":"closed","ping_status":"closed","sticky":false,"template":"","format":"standard","meta":{"_jetpack_memberships_contains_paid_content":false,"footnotes":""},"categories":[1],"tags":[],"class_list":["post-3660","post","type-post","status-publish","format-standard","hentry","category-ced"],"aioseo_notices":[],"jetpack_featured_media_url":"","jetpack_sharing_enabled":true,"jetpack-related-posts":[],"_links":{"self":[{"href":"http:\/\/www.ced.org.tr\/index.php?rest_route=\/wp\/v2\/posts\/3660","targetHints":{"allow":["GET"]}}],"collection":[{"href":"http:\/\/www.ced.org.tr\/index.php?rest_route=\/wp\/v2\/posts"}],"about":[{"href":"http:\/\/www.ced.org.tr\/index.php?rest_route=\/wp\/v2\/types\/post"}],"author":[{"embeddable":true,"href":"http:\/\/www.ced.org.tr\/index.php?rest_route=\/wp\/v2\/users\/1"}],"replies":[{"embeddable":true,"href":"http:\/\/www.ced.org.tr\/index.php?rest_route=%2Fwp%2Fv2%2Fcomments&post=3660"}],"version-history":[{"count":0,"href":"http:\/\/www.ced.org.tr\/index.php?rest_route=\/wp\/v2\/posts\/3660\/revisions"}],"wp:attachment":[{"href":"http:\/\/www.ced.org.tr\/index.php?rest_route=%2Fwp%2Fv2%2Fmedia&parent=3660"}],"wp:term":[{"taxonomy":"category","embeddable":true,"href":"http:\/\/www.ced.org.tr\/index.php?rest_route=%2Fwp%2Fv2%2Fcategories&post=3660"},{"taxonomy":"post_tag","embeddable":true,"href":"http:\/\/www.ced.org.tr\/index.php?rest_route=%2Fwp%2Fv2%2Ftags&post=3660"}],"curies":[{"name":"wp","href":"https:\/\/api.w.org\/{rel}","templated":true}]}}