{"id":3662,"date":"2009-12-29T12:17:34","date_gmt":"2009-12-29T10:17:34","guid":{"rendered":"http:\/\/www.ced.org.tr\/?p=3662"},"modified":"2009-12-29T12:17:34","modified_gmt":"2009-12-29T10:17:34","slug":"sayin-basbakan-acikladi-eczaci-ve-halk-izin-vermeyecek","status":"publish","type":"post","link":"http:\/\/www.ced.org.tr\/?p=3662","title":{"rendered":"Say\u0131n Ba\u015fbakan a\u00e7\u0131klad\u0131, eczac\u0131 ve halk izin vermeyecek!"},"content":{"rendered":"<p class=\"MsoNormal\" style=\"margin: 0cm 0cm 0pt;\"><span style=\"font-family: Times New Roman; font-size: small;\">T\u00fcrkiye Cumhuriyeti H\u00fck\u00fcmeti Ba\u015fbakan\u0131 Say\u0131n Recep Tayyip Erdo\u011fan taraf\u0131ndan bug\u00fcn \u00f6\u011fleden sonra yap\u0131lan ve 15 Ocak sonras\u0131nda ila\u00e7lar\u0131n marketlerde sat\u0131laca\u011f\u0131n\u0131 dile getiren a\u00e7\u0131klama eczac\u0131 kamuoyunda b\u00fcy\u00fck \u00f6fke ve gerilim yaratm\u0131\u015ft\u0131r.<\/span><\/p>\n<p class=\"MsoNormal\" style=\"margin: 0cm 0cm 0pt;\"><span style=\"font-family: Times New Roman; font-size: small;\">\u00a0<\/span><\/p>\n<p class=\"MsoNormal\" style=\"margin: 0cm 0cm 0pt;\"><span style=\"font-family: Times New Roman; font-size: small;\">Say\u0131n Ba\u015fbakan kat\u0131ld\u0131\u011f\u0131 bir toplant\u0131da yapt\u0131\u011f\u0131 konu\u015fmada, \u201cAmerika\u2019da\u201d oldu\u011fu gibi ila\u00e7lar\u0131n marketlerde sat\u0131\u015f\u0131na olanak sa\u011flayacak d\u00fczenlemeleri haz\u0131rlamakta olduklar\u0131n\u0131 belirterek, eczac\u0131l\u0131k alan\u0131ndaki \u201ctekel\u201di kald\u0131r\u0131p ila\u00e7 alan\u0131nda da \u201crekabet\u201di geli\u015ftirileceklerini s\u00f6ylemi\u015ftir.<\/span><span style=\"font-family: Times New Roman; font-size: small;\"><\/p>\n<p><\/span><span style=\"font-family: Times New Roman; font-size: small;\">Y\u0131llard\u0131r mesle\u011fimizi elimizden almak, ilac\u0131 eczane d\u0131\u015f\u0131na \u00e7\u0131karabilmek i\u00e7in u\u011fra\u015f veren yerli ve yabanc\u0131 sermaye gruplar\u0131, bug\u00fcne kadar bizlerin kararl\u0131l\u0131kla mesle\u011fimize sahip \u00e7\u0131kmam\u0131z sayesinde hep h\u00fcsrana u\u011frad\u0131lar. Fakat bug\u00fcn h\u00fck\u00fcmet yeni bir ad\u0131m atarak ilac\u0131 eczane d\u0131\u015f\u0131na \u00e7\u0131karaca\u011f\u0131n\u0131 en yetkili a\u011f\u0131zdan a\u00e7\u0131klad\u0131. Gerek\u00e7e olarak ila\u00e7 hizmetinde rekabet ortam\u0131n\u0131n bulunmay\u0131\u015f\u0131 g\u00f6steriliyor.<\/span><\/p>\n<p><span style=\"font-family: Times New Roman; font-size: small;\"><\/p>\n<p class=\"MsoNormal\" style=\"margin: 0cm 0cm 0pt;\">\u00a0<\/p>\n<p><\/span><\/p>\n<p class=\"MsoNormal\" style=\"margin: 0cm 0cm 0pt;\"><span style=\"font-family: Times New Roman; font-size: small;\">\u00a0<\/span><\/p>\n<p class=\"MsoNormal\" style=\"margin: 0cm 0cm 0pt;\"><span style=\"font-family: Times New Roman; font-size: small;\">Herkes taraf\u0131ndan \u00e7ok iyi bilinmelidir ki, sa\u011fl\u0131k rekabete a\u00e7\u0131k bir alan de\u011fildir. \u0130la\u00e7 markette sat\u0131lacak bir \u00fcr\u00fcn de\u011fildir. \u0130la\u00e7 hizmetini rekabete a\u00e7ma ad\u0131na ilac\u0131 eczane d\u0131\u015f\u0131na \u00e7\u0131karmak bu \u00fclkede \u00e7ok ciddi bir halk sa\u011fl\u0131\u011f\u0131 sorunu yaratmak anlam\u0131na gelmektedir. Say\u0131n Ba\u015fbakana ila\u00e7lar\u0131n marketlerde sat\u0131ld\u0131\u011f\u0131 ve ila\u00e7 reklam\u0131n\u0131n serbest oldu\u011fu ABD\u2019deki \u00f6l\u00fcmlerin ba\u015f\u0131nda yanl\u0131\u015f ila\u00e7 kullan\u0131m\u0131na ba\u011fl\u0131 zehirlenmelerin geldi\u011fini hat\u0131rlatmak isteriz. T\u00fcrkiye halk\u0131na reva g\u00f6r\u00fclen ila\u00e7 hizmeti bu mudur?<\/span><\/p>\n<p class=\"MsoNormal\" style=\"margin: 0cm 0cm 0pt;\"><span style=\"font-family: Times New Roman; font-size: small;\">Bug\u00fcn 24 bin eczac\u0131 \u00fclkemizin d\u00f6rt bir k\u00f6\u015fesinde her t\u00fcrl\u00fc olumsuz ko\u015fula ra\u011fmen kusursuz olarak ve \u00f6zveriyle ila\u00e7 hizmetini s\u00fcrd\u00fcrmektedir. Halk\u0131m\u0131z ilaca ula\u015fmada hi\u00e7bir sorun ya\u015famamaktad\u0131r.<\/span><\/p>\n<p class=\"MsoNormal\" style=\"margin: 0cm 0cm 0pt;\"><span style=\"font-family: Times New Roman; font-size: small;\">\u00a0<\/span><\/p>\n<p class=\"MsoNormal\" style=\"margin: 0cm 0cm 0pt;\"><span style=\"font-family: Times New Roman; font-size: small;\">18 Eyl\u00fcl\u2019de y\u00fcr\u00fcrl\u00fc\u011fe giren d\u00fczenlemelerle ekonomileri \u00e7ok a\u011f\u0131r darbe alan biz eczac\u0131lar\u0131n taleplerini g\u00f6rmezden gelerek, bir gecede 800 milyon TL\u2019yi ila\u00e7 tekellerine verenler, bug\u00fcn de eczac\u0131l\u0131k mesle\u011fini sermaye gruplar\u0131na a\u00e7maya haz\u0131rlan\u0131yorlar.<\/span><\/p>\n<p class=\"MsoNormal\" style=\"margin: 0cm 0cm 0pt;\"><span style=\"font-family: Times New Roman; font-size: small;\">\u00a0<\/span><\/p>\n<p class=\"MsoNormal\" style=\"margin: 0cm 0cm 0pt;\"><span style=\"font-family: Times New Roman; font-size: small;\">Bug\u00fcn sadece bizim \u00fclkemizde de\u011fil, ayn\u0131 zamanda Avrupa\u2019da da bir\u00e7ok \u00fclkede eczac\u0131lar mesleklerini sermaye gruplar\u0131na teslim etmeme m\u00fccadelesi veriyorlar. Bu m\u00fccadeleden galip \u00e7\u0131kanlar bug\u00fcn eczac\u0131l\u0131k hizmetini vermeye devam ediyorlar, kaybedenler ise art\u0131k eczanelerinin sahibi de\u011fil \u00e7al\u0131\u015fan\u0131 konumundalar.<\/span><\/p>\n<p class=\"MsoNormal\" style=\"margin: 0cm 0cm 0pt;\"><span style=\"font-family: Times New Roman; font-size: small;\">\u00a0<\/span><\/p>\n<p class=\"MsoNormal\" style=\"margin: 0cm 0cm 0pt;\"><span style=\"font-family: Times New Roman; font-size: small;\">Bu m\u00fccadeleyi y\u0131llard\u0131r veren bizler bir g\u00fcn birilerinin b\u00f6yle bir kararla kar\u015f\u0131m\u0131za \u00e7\u0131kacaklar\u0131n\u0131 biliyorduk. Bug\u00fcn \u00e7ok \u00f6nemli bir d\u00f6neme\u00e7teyiz. Eczac\u0131l\u0131k mesle\u011fini yar\u0131nlara ta\u015f\u0131man\u0131n yolu saflar\u0131 daha da s\u0131kla\u015ft\u0131rmaktan ve meslek \u00f6rg\u00fct\u00fcn\u00fcn etraf\u0131nda kenetlenmekten ge\u00e7mektedir.<\/span><\/p>\n<p class=\"MsoNormal\" style=\"margin: 0cm 0cm 0pt;\"><span style=\"font-family: Times New Roman; font-size: small;\">\u00a0<\/span><\/p>\n<p class=\"MsoNormal\" style=\"margin: 0cm 0cm 0pt;\"><span style=\"font-family: Times New Roman; font-size: small;\">Geli\u015fmeleri yak\u0131ndan izleyen vatanda\u015flar\u0131m\u0131z da bug\u00fcn bas\u0131n yay\u0131n organlar\u0131na verdikleri deme\u00e7lerle yan\u0131m\u0131zda olduklar\u0131n\u0131 dile getirmekte ve Say\u0131n Ba\u015fbakan\u0131n yapt\u0131\u011f\u0131 a\u00e7\u0131klamaya tepki g\u00f6stermektedirler.<\/span><\/p>\n<p class=\"MsoNormal\" style=\"margin: 0cm 0cm 0pt;\"><span style=\"font-family: Times New Roman; font-size: small;\">\u00a0<\/span><\/p>\n<p class=\"MsoNormal\" style=\"margin: 0cm 0cm 0pt;\"><span style=\"font-family: Times New Roman; font-size: small;\">T\u00fcrkiye kamuoyu bilmelidir ki, geli\u015fmeler kar\u015f\u0131s\u0131nda 51 Eczac\u0131 Odas\u0131na mensup 24 bin eczac\u0131n\u0131n yan\u0131 s\u0131ra, kamu ve sanayide \u00e7al\u0131\u015fan binlerce eczac\u0131, \u00f6\u011fretim g\u00f6revlisi ve eczac\u0131l\u0131k fak\u00fcltesi \u00f6\u011frencisi, eczane \u00e7al\u0131\u015fan\u0131 bu mesle\u011fi ya\u015fatmak i\u00e7in omuz omuza m\u00fccadele verecektir.<\/span><\/p>\n<p class=\"MsoNormal\" style=\"margin: 0cm 0cm 0pt;\"><span style=\"font-family: Times New Roman; font-size: small;\">\u00a0<\/span><\/p>\n<p class=\"MsoNormal\" style=\"margin: 0cm 0cm 0pt;\"><span style=\"font-family: Times New Roman; font-size: small;\">\u00dclkemizde ila\u00e7 hizmetini bug\u00fcne kadar eczac\u0131lar verdi, bug\u00fcnden sonra da eczac\u0131lar vermeye devam edecektir.<\/span><\/p>\n<p class=\"MsoNormal\" style=\"margin: 0cm 0cm 0pt;\"><span style=\"font-family: Times New Roman; font-size: small;\">\u00a0<\/span><\/p>\n<p class=\"MsoNormal\" style=\"margin: 0cm 0cm 0pt;\"><span style=\"font-family: Times New Roman; font-size: small;\">Kamuoyuna \u00f6nemle duyurulur.<\/span><\/p>\n<p class=\"MsoNormal\" style=\"margin: 0cm 0cm 0pt;\"><span style=\"font-family: Times New Roman; font-size: small;\">\u00a0<\/span><\/p>\n<p class=\"MsoNormal\" style=\"margin: 0cm 0cm 0pt;\"><span style=\"font-family: Times New Roman; font-size: small;\">\u0130stanbul Eczac\u0131 Odas\u0131<\/span><\/p>\n","protected":false},"excerpt":{"rendered":"<p>T\u00fcrkiye Cumhuriyeti H\u00fck\u00fcmeti Ba\u015fbakan\u0131 Say\u0131n Recep Tayyip Erdo\u011fan taraf\u0131ndan bug\u00fcn \u00f6\u011fleden sonra yap\u0131lan ve 15 Ocak sonras\u0131nda ila\u00e7lar\u0131n marketlerde sat\u0131laca\u011f\u0131n\u0131&#46;&#46;&#46;<\/p>\n","protected":false},"author":1,"featured_media":0,"comment_status":"closed","ping_status":"closed","sticky":false,"template":"","format":"standard","meta":{"_jetpack_memberships_contains_paid_content":false,"footnotes":""},"categories":[1],"tags":[],"class_list":["post-3662","post","type-post","status-publish","format-standard","hentry","category-ced"],"aioseo_notices":[],"jetpack_featured_media_url":"","jetpack_sharing_enabled":true,"jetpack-related-posts":[],"_links":{"self":[{"href":"http:\/\/www.ced.org.tr\/index.php?rest_route=\/wp\/v2\/posts\/3662","targetHints":{"allow":["GET"]}}],"collection":[{"href":"http:\/\/www.ced.org.tr\/index.php?rest_route=\/wp\/v2\/posts"}],"about":[{"href":"http:\/\/www.ced.org.tr\/index.php?rest_route=\/wp\/v2\/types\/post"}],"author":[{"embeddable":true,"href":"http:\/\/www.ced.org.tr\/index.php?rest_route=\/wp\/v2\/users\/1"}],"replies":[{"embeddable":true,"href":"http:\/\/www.ced.org.tr\/index.php?rest_route=%2Fwp%2Fv2%2Fcomments&post=3662"}],"version-history":[{"count":0,"href":"http:\/\/www.ced.org.tr\/index.php?rest_route=\/wp\/v2\/posts\/3662\/revisions"}],"wp:attachment":[{"href":"http:\/\/www.ced.org.tr\/index.php?rest_route=%2Fwp%2Fv2%2Fmedia&parent=3662"}],"wp:term":[{"taxonomy":"category","embeddable":true,"href":"http:\/\/www.ced.org.tr\/index.php?rest_route=%2Fwp%2Fv2%2Fcategories&post=3662"},{"taxonomy":"post_tag","embeddable":true,"href":"http:\/\/www.ced.org.tr\/index.php?rest_route=%2Fwp%2Fv2%2Ftags&post=3662"}],"curies":[{"name":"wp","href":"https:\/\/api.w.org\/{rel}","templated":true}]}}