{"id":3663,"date":"2009-12-29T12:20:50","date_gmt":"2009-12-29T10:20:50","guid":{"rendered":"http:\/\/www.ced.org.tr\/?p=3663"},"modified":"2009-12-29T12:20:50","modified_gmt":"2009-12-29T10:20:50","slug":"tebden-aciklama-tebime-girisi-yapilan-urunler-hakkinda","status":"publish","type":"post","link":"http:\/\/www.ced.org.tr\/?p=3663","title":{"rendered":"TEB\u2019DEN A\u00c7IKLAMA; TEB\u0130M&#8217;E G\u0130R\u0130\u015e\u0130 YAPILAN \u00dcR\u00dcNLER HAKKINDA"},"content":{"rendered":"<p class=\"MsoNormal\" style=\"margin: 0cm 0cm 0pt;\"><span style=\"font-family: Times New Roman; font-size: small;\">B\u00d6LGE ECZACI ODASI <br \/>Y\u00d6NET\u0130M KURULU BA\u015eKANLI\u011eINA<\/span><\/p>\n<p class=\"MsoNormal\" style=\"margin: 0cm 0cm 0pt;\"><span style=\"font-family: Times New Roman; font-size: small;\">\u00a0<\/span><\/p>\n<p class=\"MsoNormal\" style=\"margin: 0cm 0cm 0pt;\"><span style=\"font-family: Times New Roman; font-size: small;\">18.09.2009 tarihli Resmi Gazetede yay\u0131mlanan Sa\u011fl\u0131k Uygulama Tebli\u011fi de\u011fi\u015fikli\u011fi ve \u0130la\u00e7 Fiyatlar\u0131 Hakk\u0131nda Karar gere\u011fince, 04.12.2009 tarihinden ge\u00e7erli olmak \u00fczere 3359 kalem ilac\u0131n fiyat\u0131nda meydana gelen d\u00fc\u015f\u00fc\u015flere ba\u011fl\u0131 olarak, eczanelerin stoklar\u0131nda bulunan \u00fcr\u00fcnlerden kaynaklanan zararlar\u0131n\u0131n telafi edilebilmesi i\u00e7in, ila\u00e7 firmalar\u0131 taraf\u0131ndan \u0130la\u00e7 Fiyat Kararnamesinde ve Sa\u011fl\u0131k Bakanl\u0131\u011f\u0131 \u0130la\u00e7 ve Eczac\u0131l\u0131k Genel M\u00fcd\u00fcrl\u00fc\u011f\u00fc taraf\u0131ndan yay\u0131mlanan Genelgelerde belirtildi\u011fi \u015fekilde i\u015flem yap\u0131lmas\u0131 gerekmekte iken, firmalar\u0131n bu t\u00fcr bir telafi i\u015flemini yapmayaca\u011f\u0131n\u0131n anla\u015f\u0131lmas\u0131 \u00fczerine, bu d\u00f6nemde eczanelerin stoklar\u0131nda bulunan \u00fcr\u00fcnler nedeniyle ma\u011fdur olmamalar\u0131n\u0131 teminen, stok durumlar\u0131n\u0131n tespiti ve bu \u00fcr\u00fcnlerin depolar kanal\u0131yla firmalara iadesi i\u00e7in T\u00fcrk Eczac\u0131lar\u0131 Birli\u011fi \u0130la\u00e7 \u0130ade Mod\u00fcl\u00fc (TEB\u0130M) haz\u0131rlanm\u0131\u015f ve web sayfam\u0131z \u00fczerinde devreye al\u0131nm\u0131\u015ft\u0131r.<\/span><span style=\"font-family: Times New Roman; font-size: small;\">\u00a0<\/p>\n<p><font face=\"Times New Roman\" size=\"3\"><\/p>\n<p class=\"MsoNormal\" style=\"margin: 0cm 0cm 0pt;\">\u00a0<\/p>\n<p><\/font><\/span><\/p>\n<p class=\"MsoNormal\" style=\"margin: 0cm 0cm 0pt;\">\u00a0<\/p>\n<p class=\"MsoNormal\" style=\"margin: 0cm 0cm 0pt;\"><span style=\"font-family: Times New Roman; font-size: small;\">Stok zararlar\u0131n\u0131n iadeye gerek kalmaks\u0131z\u0131n, eczanelerin depolardan al\u0131\u015f-veri\u015fine g\u00f6re bir sistemle yap\u0131lmas\u0131na ili\u015fkin \u00e7al\u0131\u015fmalar ve s\u00fcrd\u00fcr\u00fclen g\u00f6r\u00fc\u015fmeler sonu\u00e7lanmadan; \u00c7al\u0131\u015fma ve Sosyal G\u00fcvenlik Bakan\u0131 Say\u0131n \u00d6mer Din\u00e7er taraf\u0131ndan yap\u0131lan a\u00e7\u0131klama ile, \u00c7al\u0131\u015fma ve Sosyal G\u00fcvenlik Bakanl\u0131\u011f\u0131 ile ila\u00e7 sanayi temsilcileri aras\u0131nda bir mutabakat sa\u011fland\u0131\u011f\u0131 ve protokol imzaland\u0131\u011f\u0131 ifade edilmi\u015ftir. <\/span><\/p>\n<p class=\"MsoNormal\" style=\"margin: 0cm 0cm 0pt;\"><span style=\"font-family: Times New Roman; font-size: small;\">\u0130la\u00e7 ve eczac\u0131l\u0131k uygulamalar\u0131 a\u00e7\u0131s\u0131ndan sonu\u00e7 do\u011furdu\u011fu halde, Birli\u011fimizin bilgisi ve dahli d\u0131\u015f\u0131nda imzalanan bu protokol\u00fcn metni, taraf\u0131m\u0131zca \u00c7al\u0131\u015fma ve Sosyal G\u00fcvenlik Bakanl\u0131\u011f\u0131ndan talep edilmi\u015f, ancak bu tarihe kadar Birli\u011fimize ula\u015fmam\u0131\u015ft\u0131r. Di\u011fer yandan, ila\u00e7 firmalar\u0131 taraf\u0131ndan, Say\u0131n Bakan\u0131n ila\u00e7 sanayi ile imzalad\u0131\u011f\u0131n\u0131 bildirdi\u011fi bu protokole istinaden stok zararlar\u0131n\u0131n telafi edilmesiyle ilgili herhangi bir giri\u015fimde bulunulmam\u0131\u015ft\u0131r. <\/span><\/p>\n<p class=\"MsoNormal\" style=\"margin: 0cm 0cm 0pt;\"><span style=\"font-family: Times New Roman; font-size: small;\">\u00a0<\/span><\/p>\n<p class=\"MsoNormal\" style=\"margin: 0cm 0cm 0pt;\"><span style=\"font-family: Times New Roman; font-size: small;\">S\u00fcre\u00e7te, Birli\u011fimizin bak\u0131\u015f a\u00e7\u0131s\u0131n\u0131n, \u00fcyelerimizin stok zararlar\u0131n\u0131n tam ve eksiksiz olarak kar\u015f\u0131lanmas\u0131 oldu\u011fu defalarca net bir \u015fekilde ifade edilmi\u015f, bu sa\u011flan\u0131rken Kooperatiflerimizin ve ila\u00e7 depolar\u0131n\u0131n i\u015fleyi\u015fini aksatmayacak \u015fekilde \u00fcyelerimizin iade yapmas\u0131na gerek kalmaks\u0131z\u0131n \u00f6nerilecek olan y\u00f6ntemin kabul edilebilmesi i\u00e7in \u00fcyelerimizin stoklar\u0131nda olu\u015fan zarar\u0131 kar\u015f\u0131layaca\u011f\u0131n\u0131n teyidine ihtiya\u00e7 duyuldu\u011fu da belirtilmi\u015ftir.\u00a0<br \/>\u00a0<\/span><\/p>\n<p class=\"MsoNormal\" style=\"margin: 0cm 0cm 0pt;\"><span style=\"font-family: Times New Roman; font-size: small;\">TEB\u0130M\u2019e veri giri\u015flerinin ba\u015flamas\u0131ndan \u00f6nce, \u00e7e\u015fitli firmalar taraf\u0131ndan, uygulaman\u0131n ba\u015flad\u0131\u011f\u0131 4 Aral\u0131k tarihinden geriye d\u00f6n\u00fck olarak farkl\u0131 g\u00fcn say\u0131s\u0131n\u0131 kapsayan d\u00f6nemlere ait stok zarar\u0131n\u0131n kar\u015f\u0131lanaca\u011f\u0131 y\u00f6n\u00fcnde beyanlarda bulunulmu\u015ftur. Firmalar taraf\u0131ndan yap\u0131lan beyanlar\u0131n farkl\u0131l\u0131k arzetmesi nedeniyle, Birli\u011fimizin talebi \u00fczerine, T\u00fcm Eczac\u0131 Kooperatifleri Birli\u011fi ve Depocular Derne\u011fi taraf\u0131ndan, stok zararlar\u0131n\u0131n telafisinde izleyecekleri y\u00f6ntemle ilgili olarak ila\u00e7 firmalar\u0131 ile yap\u0131lan g\u00f6r\u00fc\u015fmelerin sonu\u00e7lar\u0131 Birli\u011fimize yaz\u0131l\u0131 ve s\u00f6zl\u00fc olarak aktar\u0131lm\u0131\u015f; firma temsilcileri ile T\u00fcrk Eczac\u0131lar\u0131 Birli\u011fi Merkez Heyeti taraf\u0131ndan da g\u00f6r\u00fc\u015fmeler s\u00fcrd\u00fcr\u00fclm\u00fc\u015f ve firmalar taraf\u0131ndan uygulanacak standart bir y\u00f6ntem \u00fczerinde uzla\u015fma sa\u011flanmas\u0131 i\u00e7in belli bir noktaya gelinmi\u015ftir. <\/span><\/p>\n<p class=\"MsoNormal\" style=\"margin: 0cm 0cm 0pt;\"><span style=\"font-family: Times New Roman; font-size: small;\">\u00a0<\/span><\/p>\n<p class=\"MsoNormal\" style=\"margin: 0cm 0cm 0pt;\"><span style=\"font-family: Times New Roman; font-size: small;\">Bu a\u015famada, uygulaman\u0131n ba\u015flang\u0131\u00e7 tarihi olan 4 Aral\u0131k 2009 \u00f6ncesi, Kampanyal\u0131 \u00fcr\u00fcnlerde 45 g\u00fcn; Kampanyas\u0131z \u00fcr\u00fcnlerde 30 g\u00fcn; \u0130la\u00e7 fiyat kararnamesine g\u00f6re 5.kademede yer alan \u00fcr\u00fcnlerde (depocuya sat\u0131\u015f fiyat\u0131 200 TLnin \u00fczerinde olan \u00fcr\u00fcnler) 15 g\u00fcn geriye d\u00f6n\u00fck olarak depodan eczaneye yap\u0131lan sevk faturalar\u0131 esas al\u0131narak kar\u015f\u0131lama y\u00f6ntemi de\u011ferlendirmeye al\u0131nm\u0131\u015f ve 15-30-45 g\u00fcn y\u00f6ntemini kabul eden firmalar ile, TEB\u0130M\u2019e yap\u0131lan veri giri\u015flerinin kar\u015f\u0131la\u015ft\u0131r\u0131lmas\u0131 sonucunda bu bildirimler aras\u0131nda uyumluluk oldu\u011fu g\u00f6zlenmi\u015ftir. T\u00fcm Eczac\u0131 Kooperatifleri Birli\u011fi ve Depocular Derne\u011fi\u2019ne g\u00f6nderilen 25.12.2009 tarih 37.K.01.00132 say\u0131l\u0131 yaz\u0131m\u0131z ile, uygulaman\u0131n bu y\u00f6ntem ile yap\u0131lmas\u0131 konusunda bilgi verilmi\u015ftir.<\/span><\/p>\n<p class=\"MsoNormal\" style=\"margin: 0cm 0cm 0pt;\"><span style=\"mso-spacerun: yes;\"><span style=\"font-family: Times New Roman; font-size: small;\">\u00a0<\/span><\/span><\/p>\n<p class=\"MsoNormal\" style=\"margin: 0cm 0cm 0pt;\"><span style=\"font-family: Times New Roman; font-size: small;\">Yukar\u0131da belirtilen y\u00f6ntemi kabul etti\u011fini bildiren firmalar, ecza depolar\u0131na bildirilmi\u015f olup; y\u00f6ntemi kabul etmeyen firmalar ile g\u00f6r\u00fc\u015fmeler devam etmektedir. G\u00f6r\u00fc\u015fmeler sonucunda, stok zarar\u0131n\u0131 kar\u015f\u0131lamamak veya belirlenen standartlara uymayarak kendi y\u00f6ntemini uygulamak konusunda \u0131srarc\u0131 olan firmalar hakk\u0131nda yap\u0131lacak de\u011ferlendirmede, bu firmalar ve \u00fcr\u00fcnleri ile ilgili sergilenecek duru\u015f,\u00a0 meslek \u00f6rg\u00fct\u00fc olarak izleyece\u011fimiz yol ve y\u00f6ntemler, B\u00f6lge Eczac\u0131 Odalar\u0131na yap\u0131lacak bildirim ve web sitemizden yap\u0131lacak duyurular ile payla\u015f\u0131lacakt\u0131r.<\/span><\/p>\n<p class=\"MsoNormal\" style=\"margin: 0cm 0cm 0pt;\"><span style=\"mso-spacerun: yes;\"><span style=\"font-family: Times New Roman; font-size: small;\">\u00a0<\/span><\/span><\/p>\n<p class=\"MsoNormal\" style=\"margin: 0cm 0cm 0pt;\"><span style=\"font-family: Times New Roman; font-size: small;\">Bilgilerinizi ve konunun \u00fcyelerinize duyurulmas\u0131n\u0131 rica ederim. <br \/>\u00a0\u00a0\u00a0\u00a0\u00a0\u00a0\u00a0\u00a0\u00a0<\/span><\/p>\n<p class=\"MsoNormal\" style=\"margin: 0cm 0cm 0pt;\"><span style=\"font-family: Times New Roman; font-size: small;\">Sayg\u0131lar\u0131mla, \u00a0\u00a0\u00a0\u00a0\u00a0<\/span><\/p>\n<p class=\"MsoNormal\" style=\"margin: 0cm 0cm 0pt;\"><span style=\"font-family: Times New Roman; font-size: small;\">Ecz.\u00d6zg\u00fcr \u00d6ZEL<\/span><\/p>\n<p class=\"MsoNormal\" style=\"margin: 0cm 0cm 0pt;\"><span style=\"font-family: Times New Roman; font-size: small;\">Genel Sekreter<\/span><\/p>\n","protected":false},"excerpt":{"rendered":"<p>B\u00d6LGE ECZACI ODASI Y\u00d6NET\u0130M KURULU BA\u015eKANLI\u011eINA \u00a0 18.09.2009 tarihli Resmi Gazetede yay\u0131mlanan Sa\u011fl\u0131k Uygulama Tebli\u011fi de\u011fi\u015fikli\u011fi ve \u0130la\u00e7 Fiyatlar\u0131 Hakk\u0131nda&#46;&#46;&#46;<\/p>\n","protected":false},"author":1,"featured_media":0,"comment_status":"closed","ping_status":"closed","sticky":false,"template":"","format":"standard","meta":{"_jetpack_memberships_contains_paid_content":false,"footnotes":""},"categories":[1],"tags":[],"class_list":["post-3663","post","type-post","status-publish","format-standard","hentry","category-ced"],"aioseo_notices":[],"jetpack_featured_media_url":"","jetpack_sharing_enabled":true,"jetpack-related-posts":[],"_links":{"self":[{"href":"http:\/\/www.ced.org.tr\/index.php?rest_route=\/wp\/v2\/posts\/3663","targetHints":{"allow":["GET"]}}],"collection":[{"href":"http:\/\/www.ced.org.tr\/index.php?rest_route=\/wp\/v2\/posts"}],"about":[{"href":"http:\/\/www.ced.org.tr\/index.php?rest_route=\/wp\/v2\/types\/post"}],"author":[{"embeddable":true,"href":"http:\/\/www.ced.org.tr\/index.php?rest_route=\/wp\/v2\/users\/1"}],"replies":[{"embeddable":true,"href":"http:\/\/www.ced.org.tr\/index.php?rest_route=%2Fwp%2Fv2%2Fcomments&post=3663"}],"version-history":[{"count":0,"href":"http:\/\/www.ced.org.tr\/index.php?rest_route=\/wp\/v2\/posts\/3663\/revisions"}],"wp:attachment":[{"href":"http:\/\/www.ced.org.tr\/index.php?rest_route=%2Fwp%2Fv2%2Fmedia&parent=3663"}],"wp:term":[{"taxonomy":"category","embeddable":true,"href":"http:\/\/www.ced.org.tr\/index.php?rest_route=%2Fwp%2Fv2%2Fcategories&post=3663"},{"taxonomy":"post_tag","embeddable":true,"href":"http:\/\/www.ced.org.tr\/index.php?rest_route=%2Fwp%2Fv2%2Ftags&post=3663"}],"curies":[{"name":"wp","href":"https:\/\/api.w.org\/{rel}","templated":true}]}}