{"id":3664,"date":"2009-12-31T14:19:31","date_gmt":"2009-12-31T12:19:31","guid":{"rendered":"http:\/\/www.ced.org.tr\/?p=3664"},"modified":"2009-12-31T14:19:31","modified_gmt":"2009-12-31T12:19:31","slug":"2010u-adalet-esitlik-baris-ve-kardeslik-umuduyla-karsiliyoruz","status":"publish","type":"post","link":"http:\/\/www.ced.org.tr\/?p=3664","title":{"rendered":"2010&#8217;U ADALET, E\u015e\u0130TL\u0130K, BARI\u015e VE KARDE\u015eL\u0130K UMUDUYLA KAR\u015eILIYORUZ"},"content":{"rendered":"<p>2009 y\u0131l\u0131 toplumsal ma\u011fduriyetin artt\u0131\u011f\u0131 bir y\u0131l oldu. Artan i\u015fsizlik ve yoksullu\u011fun yan\u0131nda, sava\u015f\u0131n yol a\u00e7t\u0131\u011f\u0131 tramva ya\u015fam\u0131m\u0131zda derin izler b\u0131rakt\u0131. Sa\u011fl\u0131k alan\u0131nda ya\u015fananlar ise ma\u011fduriyetin bir ba\u015fka y\u00fcz\u00fcn\u00fc ifade ediyordu. Biz eczac\u0131larda bu y\u0131k\u0131m s\u00fcrecinden pay\u0131m\u0131za d\u00fc\u015feni fazlas\u0131yla ald\u0131k. 2009 y\u0131l\u0131 bizler i\u00e7inde t\u00fcm\u00fcyle bir hak arama ve m\u00fccadele y\u0131l\u0131 oldu. 2009 y\u0131l\u0131nda umudumuzu k\u0131ran bu geli\u015fmelerin, 2010 y\u0131l\u0131nda ya\u015fanmamas\u0131n\u0131 diliyorum.<\/p>\n<p>Dilerim ki; 2010 y\u0131l\u0131 bar\u0131\u015f\u0131n ve karde\u015fli\u011fin filizlendi\u011fi, insanlar\u0131n i\u015fsiz, yoksul ve yoksun b\u0131rak\u0131lmad\u0131\u011f\u0131, kimsenin \u00f6tekile\u015ftirilmedi\u011fi, adalet, e\u015fitlik, bar\u0131\u015f, karde\u015flik ve \u00f6zg\u00fcrl\u00fck umudunun ye\u015ferdi\u011fi bir y\u0131l olsun.<\/p>\n<p><strong>T\u00dcM MESLEKTA\u015eLARIMIN YEN\u0130 YILINI KUTLUYORUM<\/strong><\/p>\n<address><strong>\u00c7a\u011fda\u015f Eczac\u0131lar Derne\u011fi<\/strong><\/address>\n<address><strong>Genel Ba\u015fkan\u0131 Ecz. Rafet \u015eAH\u0130N<\/strong><\/address>\n<p>\u00a0<\/p>\n","protected":false},"excerpt":{"rendered":"<p>2009 y\u0131l\u0131 toplumsal ma\u011fduriyetin artt\u0131\u011f\u0131 bir y\u0131l oldu. Artan i\u015fsizlik ve yoksullu\u011fun yan\u0131nda, sava\u015f\u0131n yol a\u00e7t\u0131\u011f\u0131 tramva ya\u015fam\u0131m\u0131zda derin izler&#46;&#46;&#46;<\/p>\n","protected":false},"author":1,"featured_media":0,"comment_status":"closed","ping_status":"closed","sticky":false,"template":"","format":"standard","meta":{"_jetpack_memberships_contains_paid_content":false,"footnotes":""},"categories":[1],"tags":[],"class_list":["post-3664","post","type-post","status-publish","format-standard","hentry","category-ced"],"aioseo_notices":[],"jetpack_featured_media_url":"","jetpack_sharing_enabled":true,"jetpack-related-posts":[],"_links":{"self":[{"href":"http:\/\/www.ced.org.tr\/index.php?rest_route=\/wp\/v2\/posts\/3664","targetHints":{"allow":["GET"]}}],"collection":[{"href":"http:\/\/www.ced.org.tr\/index.php?rest_route=\/wp\/v2\/posts"}],"about":[{"href":"http:\/\/www.ced.org.tr\/index.php?rest_route=\/wp\/v2\/types\/post"}],"author":[{"embeddable":true,"href":"http:\/\/www.ced.org.tr\/index.php?rest_route=\/wp\/v2\/users\/1"}],"replies":[{"embeddable":true,"href":"http:\/\/www.ced.org.tr\/index.php?rest_route=%2Fwp%2Fv2%2Fcomments&post=3664"}],"version-history":[{"count":0,"href":"http:\/\/www.ced.org.tr\/index.php?rest_route=\/wp\/v2\/posts\/3664\/revisions"}],"wp:attachment":[{"href":"http:\/\/www.ced.org.tr\/index.php?rest_route=%2Fwp%2Fv2%2Fmedia&parent=3664"}],"wp:term":[{"taxonomy":"category","embeddable":true,"href":"http:\/\/www.ced.org.tr\/index.php?rest_route=%2Fwp%2Fv2%2Fcategories&post=3664"},{"taxonomy":"post_tag","embeddable":true,"href":"http:\/\/www.ced.org.tr\/index.php?rest_route=%2Fwp%2Fv2%2Ftags&post=3664"}],"curies":[{"name":"wp","href":"https:\/\/api.w.org\/{rel}","templated":true}]}}