{"id":3665,"date":"2010-01-04T10:00:17","date_gmt":"2010-01-04T08:00:17","guid":{"rendered":"http:\/\/www.ced.org.tr\/?p=3665"},"modified":"2010-01-04T10:00:17","modified_gmt":"2010-01-04T08:00:17","slug":"ilac-takip-sisteminin-uygulanmasi-ile-ilgili-genelge-yayimlandi","status":"publish","type":"post","link":"http:\/\/www.ced.org.tr\/?p=3665","title":{"rendered":"\u0130la\u00e7 Takip Sisteminin Uygulanmas\u0131 \u0130le \u0130lgili Genelge Yay\u0131mland\u0131"},"content":{"rendered":"<p class=\"MsoNormal\" style=\"margin: 0cm 0cm 0pt;\"><span style=\"font-family: Times New Roman; font-size: small;\">Sa\u011fl\u0131k Bakanl\u0131\u011f\u0131 \u0130la\u00e7 ve Eczac\u0131l\u0131k Genel taraf\u0131ndan yay\u0131mlanan\u00a0\u0130la\u00e7 Takip Sisteminin Uygulanmas\u0131 ile ilgili\u00a0 89362 &#8211; 31\/12\/2009 tarih ve 2009\/84 say\u0131l\u0131 genelge ile;<\/span><\/p>\n<p class=\"MsoNormal\" style=\"margin: 0cm 0cm 0pt;\"><span style=\"font-family: Times New Roman; font-size: small;\">\u00a0<\/span><\/p>\n<p class=\"MsoNormal\" style=\"margin: 0cm 0cm 0pt;\"><span style=\"font-family: Times New Roman; font-size: small;\">\u00dcr\u00fcnlerde kare kodun konulma mecburiyeti 01 Ocak 2010 tarihi olarak belirlenmi\u015ftir. Bu tarihten itibaren &#8220;\u00fcretilen&#8221; t\u00fcm \u00fcr\u00fcnlere karekod konulacakt\u0131r. \u0130thal \u00fcr\u00fcnlerin de \u00fcretim tarihleri 2010 i\u00e7inde ise kare kod mutlaka konulacakt\u0131r. 01 Ocak 2010 tarihinden \u00f6nce kup\u00fcrl\u00fc olarak \u00fcretilen \u00fcr\u00fcnler, kup\u00fcrleri iptal edilerek \u00fczerine kare kod konulmak suretiyle sat\u0131labilece\u011fi gibi, 01 Ocak 2011 tarihine kadar eskiden oldu\u011fu gibi kup\u00fcr ile de sat\u0131labilecektir.<\/span><\/p>\n<p class=\"MsoNormal\" style=\"margin: 0cm 0cm 0pt;\"><span style=\"font-family: Times New Roman; font-size: small;\">\u00a0<\/span><\/p>\n<p class=\"MsoNormal\" style=\"margin: 0cm 0cm 0pt;\"><span style=\"font-family: Times New Roman; font-size: small;\">\u0130zleme Komitesi ile yap\u0131lan \u00e7al\u0131\u015fmalarda tas\u0131ma ambalajlar\u0131 \u00fczerine konulmas\u0131 gereken numaralar i\u00e7in 01 Haziran 2010 tarihine kadar s\u00fcre verilmi\u015f oldu\u011fu i\u00e7in \u00fcretici ya da ithalat\u00e7\u0131lar ile ecza depolar\u0131n\u0131n sat\u0131\u015f bildirimi ve eczanelerin mal al\u0131m onay\u0131 bildirimi yapmalar\u0131n\u0131n bu tarihe kadar mecburi olmamas\u0131 karara ba\u011flanm\u0131\u015ft\u0131r. Ancak, \u00fcretici veya ithalat\u00e7\u0131lar ile ecza depolar\u0131 satt\u0131klar\u0131 karekodlu \u00fcr\u00fcnler i\u00e7in bu tarihten \u00f6nce sisteme &#8220;sat\u0131\u015f bildirimi&#8221; yapabilirler.<\/span><\/p>\n<p class=\"MsoNormal\" style=\"margin: 0cm 0cm 0pt;\"><span style=\"font-family: Times New Roman; font-size: small;\">\u00a0<\/span><\/p>\n<p class=\"MsoNormal\" style=\"margin: 0cm 0cm 0pt;\"><span style=\"font-family: Times New Roman; font-size: small;\">Genelge i\u00e7in <\/span><a href=\"http:\/\/www.istanbuleczaciodasi.org.tr\/upload\/pdf\/20090104_ITS_Genelge.pdf\" target=\"_blank\"><span style=\"font-family: Times New Roman; font-size: small;\">t\u0131klay\u0131n\u0131z<\/span><\/a><span style=\"font-family: Times New Roman; font-size: small;\">\u00a0<\/span><\/p>\n<p class=\"MsoNormal\" style=\"margin: 0cm 0cm 0pt;\"><span style=\"font-family: Times New Roman; font-size: small;\">\u0130la\u00e7 ve Eczac\u0131l\u0131k genel M\u00fcd\u00fcrl\u00fc\u011f\u00fc Taraf\u0131ndan yay\u0131mlanan ITS ile ilgili bilgiler i\u00e7in<\/span><a href=\"http:\/\/www.istanbuleczaciodasi.org.tr\/upload\/pdf\/20100104_ITS_ile_Ilgili_Eczanelere_Bilgi.pdf\" target=\"_blank\"><span style=\"font-family: Times New Roman; font-size: small;\"> t\u0131klay\u0131n\u0131z.<\/span><\/a><\/p>\n","protected":false},"excerpt":{"rendered":"<p>Sa\u011fl\u0131k Bakanl\u0131\u011f\u0131 \u0130la\u00e7 ve Eczac\u0131l\u0131k Genel taraf\u0131ndan yay\u0131mlanan\u00a0\u0130la\u00e7 Takip Sisteminin Uygulanmas\u0131 ile ilgili\u00a0 89362 &#8211; 31\/12\/2009 tarih ve 2009\/84 say\u0131l\u0131&#46;&#46;&#46;<\/p>\n","protected":false},"author":1,"featured_media":0,"comment_status":"closed","ping_status":"closed","sticky":false,"template":"","format":"standard","meta":{"_jetpack_memberships_contains_paid_content":false,"footnotes":""},"categories":[1],"tags":[],"class_list":["post-3665","post","type-post","status-publish","format-standard","hentry","category-ced"],"aioseo_notices":[],"jetpack_featured_media_url":"","jetpack_sharing_enabled":true,"jetpack-related-posts":[],"_links":{"self":[{"href":"http:\/\/www.ced.org.tr\/index.php?rest_route=\/wp\/v2\/posts\/3665","targetHints":{"allow":["GET"]}}],"collection":[{"href":"http:\/\/www.ced.org.tr\/index.php?rest_route=\/wp\/v2\/posts"}],"about":[{"href":"http:\/\/www.ced.org.tr\/index.php?rest_route=\/wp\/v2\/types\/post"}],"author":[{"embeddable":true,"href":"http:\/\/www.ced.org.tr\/index.php?rest_route=\/wp\/v2\/users\/1"}],"replies":[{"embeddable":true,"href":"http:\/\/www.ced.org.tr\/index.php?rest_route=%2Fwp%2Fv2%2Fcomments&post=3665"}],"version-history":[{"count":0,"href":"http:\/\/www.ced.org.tr\/index.php?rest_route=\/wp\/v2\/posts\/3665\/revisions"}],"wp:attachment":[{"href":"http:\/\/www.ced.org.tr\/index.php?rest_route=%2Fwp%2Fv2%2Fmedia&parent=3665"}],"wp:term":[{"taxonomy":"category","embeddable":true,"href":"http:\/\/www.ced.org.tr\/index.php?rest_route=%2Fwp%2Fv2%2Fcategories&post=3665"},{"taxonomy":"post_tag","embeddable":true,"href":"http:\/\/www.ced.org.tr\/index.php?rest_route=%2Fwp%2Fv2%2Ftags&post=3665"}],"curies":[{"name":"wp","href":"https:\/\/api.w.org\/{rel}","templated":true}]}}