{"id":3666,"date":"2010-01-06T14:00:07","date_gmt":"2010-01-06T12:00:07","guid":{"rendered":"http:\/\/www.ced.org.tr\/?p=3666"},"modified":"2010-01-06T14:00:07","modified_gmt":"2010-01-06T12:00:07","slug":"ilac-firmalarindan-satislara-blokaj","status":"publish","type":"post","link":"http:\/\/www.ced.org.tr\/?p=3666","title":{"rendered":"\u0130LA\u00c7 F\u0130RMALARINDAN SATI\u015eLARA BLOKAJ!"},"content":{"rendered":"<p class=\"MsoNormal\" style=\"margin: 0cm 0cm 0pt;\"><span style=\"font-family: Times New Roman; font-size: small;\">4 Aral\u0131k2009 Tarihinde y\u00fcr\u00fcrl\u00fc\u011fe giren \u0130la\u00e7 Fiyat Kararnamesi ve SUT nedeni ile ila\u00e7 piyasas\u0131nda olu\u015fan karma\u015fa hali devam ediyor.<\/span><\/p>\n<p class=\"MsoNormal\" style=\"margin: 0cm 0cm 0pt;\"><span style=\"font-family: Times New Roman; font-size: small;\">\u00a0<\/span><\/p>\n<p class=\"MsoNormal\" style=\"margin: 0cm 0cm 0pt;\"><span style=\"font-family: Times New Roman; font-size: small;\">Sa\u011fl\u0131k Bakanl\u0131\u011f\u0131 \u0130la\u00e7 ve Eczac\u0131l\u0131k m\u00fcd\u00fcrl\u00fc\u011f\u00fc ve SGK taraf\u0131ndan ila\u00e7 fiyat d\u00fc\u015f\u00fc\u015fleri nedeniyle yay\u0131mlanan listeler do\u011fruyu yans\u0131tm\u0131yor. Yanl\u0131\u015fl\u0131klarla dolu\u2026 Y\u00fcr\u00fcrl\u00fckteki kararnameye ra\u011fmen ba\u011f\u0131ms\u0131z davranan ila\u00e7 firmalar\u0131 var! SGK \u2019n\u0131n %23 olarak uygulad\u0131\u011f\u0131 kurum iskontolar\u0131n\u0131 Sa\u011fl\u0131k Uygulama Tebli\u011fine ra\u011fmen s\u0131f\u0131r iskonto ile da\u011f\u0131t\u0131m kanallar\u0131na vermeye devam ediyorlar.<\/span><\/p>\n<p class=\"MsoNormal\" style=\"margin: 0cm 0cm 0pt;\"><span style=\"font-family: Times New Roman; font-size: small;\">\u00a0<\/span><\/p>\n<p class=\"MsoNormal\" style=\"margin: 0cm 0cm 0pt;\"><span style=\"font-family: Times New Roman; font-size: small;\">01.01.2010 tarihinde referans fiyat alacak 20 y\u0131ll\u0131k ila\u00e7larla ilgili uygulamada sorunlar var.Bu grub ila\u00e7larda %23 kurum iskontosunun kalkmas\u0131 ve %66 bant sisteminin uygulanmas\u0131 gerekiyor(Yeni kararnameye g\u00f6re) ancak uygulama hi\u00e7te b\u00f6yle de\u011fil!<\/span><\/p>\n<p class=\"MsoNormal\" style=\"margin: 0cm 0cm 0pt;\"><span style=\"font-family: Times New Roman; font-size: small;\">\u00a0<\/span><\/p>\n<p class=\"MsoNormal\" style=\"margin: 0cm 0cm 0pt;\"><span style=\"font-family: Times New Roman; font-size: small;\">1 Ocak 2010 Tarihinde fiyat\u0131 d\u00fc\u015fen ila\u00e7larla ilgili ila\u00e7 firmalar\u0131ndan ciddi itirazlar var, bu itirazlar\u0131n\u0131 ila\u00e7 sat\u0131\u015flar\u0131na blokaj uygulayarak s\u00fcrd\u00fcr\u00fcyorlar. Bir k\u0131s\u0131m ila\u00e7 firmalar\u0131n\u0131n bu tutumlar\u0131 nedeniyle piyasada baz\u0131 ila\u00e7lar\u0131n yoklu\u011fu ya\u015fan\u0131yor.<\/span><\/p>\n<p class=\"MsoNormal\" style=\"margin: 0cm 0cm 0pt;\"><span style=\"font-family: Times New Roman; font-size: small;\">\u00a0<\/span><\/p>\n<p class=\"MsoNormal\" style=\"margin: 0cm 0cm 0pt;\"><span style=\"font-family: Times New Roman; font-size: small;\">Devam eden bu kaotik durum eczanelerde ad\u0131 konulmam\u0131\u015f yeni hak kay\u0131plar\u0131na yol a\u00e7\u0131yor.<\/span><\/p>\n","protected":false},"excerpt":{"rendered":"<p>4 Aral\u0131k2009 Tarihinde y\u00fcr\u00fcrl\u00fc\u011fe giren \u0130la\u00e7 Fiyat Kararnamesi ve SUT nedeni ile ila\u00e7 piyasas\u0131nda olu\u015fan karma\u015fa hali devam ediyor. \u00a0&#46;&#46;&#46;<\/p>\n","protected":false},"author":1,"featured_media":0,"comment_status":"closed","ping_status":"closed","sticky":false,"template":"","format":"standard","meta":{"_jetpack_memberships_contains_paid_content":false,"footnotes":""},"categories":[1],"tags":[],"class_list":["post-3666","post","type-post","status-publish","format-standard","hentry","category-ced"],"aioseo_notices":[],"jetpack_featured_media_url":"","jetpack_sharing_enabled":true,"jetpack-related-posts":[],"_links":{"self":[{"href":"http:\/\/www.ced.org.tr\/index.php?rest_route=\/wp\/v2\/posts\/3666","targetHints":{"allow":["GET"]}}],"collection":[{"href":"http:\/\/www.ced.org.tr\/index.php?rest_route=\/wp\/v2\/posts"}],"about":[{"href":"http:\/\/www.ced.org.tr\/index.php?rest_route=\/wp\/v2\/types\/post"}],"author":[{"embeddable":true,"href":"http:\/\/www.ced.org.tr\/index.php?rest_route=\/wp\/v2\/users\/1"}],"replies":[{"embeddable":true,"href":"http:\/\/www.ced.org.tr\/index.php?rest_route=%2Fwp%2Fv2%2Fcomments&post=3666"}],"version-history":[{"count":0,"href":"http:\/\/www.ced.org.tr\/index.php?rest_route=\/wp\/v2\/posts\/3666\/revisions"}],"wp:attachment":[{"href":"http:\/\/www.ced.org.tr\/index.php?rest_route=%2Fwp%2Fv2%2Fmedia&parent=3666"}],"wp:term":[{"taxonomy":"category","embeddable":true,"href":"http:\/\/www.ced.org.tr\/index.php?rest_route=%2Fwp%2Fv2%2Fcategories&post=3666"},{"taxonomy":"post_tag","embeddable":true,"href":"http:\/\/www.ced.org.tr\/index.php?rest_route=%2Fwp%2Fv2%2Ftags&post=3666"}],"curies":[{"name":"wp","href":"https:\/\/api.w.org\/{rel}","templated":true}]}}