{"id":3667,"date":"2010-01-07T07:46:27","date_gmt":"2010-01-07T05:46:27","guid":{"rendered":"http:\/\/www.ced.org.tr\/?p=3667"},"modified":"2010-01-07T07:46:27","modified_gmt":"2010-01-07T05:46:27","slug":"tebden-ozur-ilani","status":"publish","type":"post","link":"http:\/\/www.ced.org.tr\/?p=3667","title":{"rendered":"TEB&#8217;DEN \u00d6Z\u00dcR \u0130LANI!"},"content":{"rendered":"<p>Bilindi\u011fi gibi \u00c7al\u0131\u015fma ve Sosyal G\u00fcvenlik Bakan\u0131 4 Aral\u0131k eylemini gerek\u00e7e g\u00f6stererek TEB ile yapt\u0131\u011f\u0131 protokol\u00fc tek tarafl\u0131 olarak fesih etmi\u015fti.<\/p>\n<p>T\u0131kanan protokol g\u00f6r\u00fc\u015fmelerinin \u00f6n\u00fcn\u00fc a\u00e7mak i\u00e7in eski \u00c7al\u0131\u015fma ve Sosyal G\u00fcvenlik Bakan\u0131 Faruk \u00c7EL\u0130K ile TEB aras\u0131nda s\u00fcrd\u00fcr\u00fclen g\u00f6r\u00fc\u015fmelerde Ba\u015fbakan\u0131n ve \u00c7al\u0131\u015fma ve Sosyal G\u00fcvenlik Bakan\u0131n\u0131n\u00a0 g\u00f6r\u00fc\u015fmelerin yeniden ba\u015flayabilmesi i\u00e7in ulusal gazetelerin bir ka\u00e7\u0131nda 4 Aral\u0131k eylemine d\u00f6n\u00fck bir \u00f6z\u00fcr ilan\u0131 verilmesi \u015fart\u0131n\u0131 ileri s\u00fcrd\u00fckleri kulislerde herkes taraf\u0131ndan konu\u015fuluyordu.<\/p>\n<p>\u0130\u015fte iktidar\u0131n bekledi\u011fi o \u00f6z\u00fcr ilan\u0131 7 Ocak 2010 tarihli ulusal gazetelerin bir ka\u00e7\u0131nda &#8220;Kamuoyuna&#8221; ba\u015fl\u0131\u011f\u0131yla \u00e7\u0131kt\u0131. TEB&#8217;in bu \u00f6z\u00fcr ilan\u0131ndan sonra protokol g\u00f6r\u00fc\u015fmelerinin \u00f6n\u00fcn\u00fcn a\u00e7\u0131laca\u011f\u0131 bekleniyor.<\/p>\n<p><span style=\"font-family: Times New Roman; font-size: small;\"><strong>KAMUOYUNA<\/strong><\/span>\u00a0<\/p>\n<p class=\"MsoNormal\" style=\"margin: 0cm 0cm 0pt;\">\u00a0<\/p>\n<p class=\"MsoNormal\" style=\"margin: 0cm 0cm 0pt;\"><span style=\"font-family: Times New Roman; font-size: small;\">T\u00fcrk Eczac\u0131lar\u0131 Birli\u011fi, \u00fclkemizde faaliyet g\u00f6steren t\u00fcm eczac\u0131lar\u0131n hak ve menfaatlerini koruma ve bunlar\u0131 halk\u0131n ve devletin menfaatleriyle en iyi \u015fekilde telife \u00e7al\u0131\u015fma g\u00f6revini yasayla \u00fcstlenmi\u015f bir meslek kurulu\u015fudur. Bu g\u00fcne kadar halk\u0131m\u0131z\u0131n ilaca eri\u015febilmesi ve eczac\u0131l\u0131k hizmetlerinin en iyi \u015fekilde y\u00fcr\u00fct\u00fclmesi ve kamuya tasarruf sa\u011flanmas\u0131, Birli\u011fimizin en \u00f6nemli ama\u00e7lar\u0131n\u0131 olu\u015fturmu\u015ftur.<\/span><\/p>\n<p class=\"MsoNormal\" style=\"margin: 0cm 0cm 0pt;\"><span style=\"font-family: Times New Roman; font-size: small;\">\u00a0<\/span><\/p>\n<p class=\"MsoNormal\" style=\"margin: 0cm 0cm 0pt;\"><span style=\"font-family: Times New Roman; font-size: small;\">Halk\u0131m\u0131za b\u00fcy\u00fck bir \u00f6zveriyle hizmet eden eczac\u0131lar\u0131m\u0131z, gelinen s\u00fcre\u00e7te ekonomik anlamda ciddi sorunlarla kar\u015f\u0131 kar\u015f\u0131ya kalm\u0131\u015ft\u0131r. Birli\u011fimiz eczac\u0131lar\u0131n sorunlar\u0131n\u0131n hafifletilmesi, s\u00fcrd\u00fcr\u00fclebilir bir ila\u00e7 temini ve dan\u0131\u015fmanl\u0131\u011f\u0131 hizmeti i\u00e7in muhataplar\u0131yla defalarca g\u00f6r\u00fc\u015fmeler yapm\u0131\u015ft\u0131r. Sonu\u00e7 al\u0131nmayan g\u00f6r\u00fc\u015fme trafi\u011finden sonra, eczac\u0131lar\u0131m\u0131z sorunlar\u0131n\u0131 kamuoyunun dikkatine sunmak amac\u0131yla 4 Aral\u0131k tarihinde bir uyar\u0131 eylemi yapt\u0131lar. Eylemin tek nedeni vard\u0131, o da \u00f6n\u00fcm\u00fczdeki s\u00fcre\u00e7te eczanelerimizin girece\u011fi darbo\u011faz\u0131 kamuoyunun dikkatine sunmakt\u0131.<\/span><\/p>\n<p class=\"MsoNormal\" style=\"margin: 0cm 0cm 0pt;\"><span style=\"font-family: Times New Roman; font-size: small;\">\u00a0<\/span><\/p>\n<p class=\"MsoNormal\" style=\"margin: 0cm 0cm 0pt;\"><span style=\"font-family: Times New Roman; font-size: small;\">Birli\u011fimiz bu s\u00fcre\u00e7te her hangi bir siyasi duru\u015f ve ama\u00e7 i\u00e7erisinde olmam\u0131\u015ft\u0131r. Bundan sonra da olmayacakt\u0131r. Yasal g\u00f6revi gere\u011fi daima \u00fcyesi eczac\u0131lar\u0131n sorunlar\u0131n\u0131n \u00e7\u00f6z\u00fcm\u00fc ve halk sa\u011fl\u0131\u011f\u0131n\u0131n temini ve korunmas\u0131 i\u00e7in gayret sarf edecektir.<\/span><\/p>\n<p class=\"MsoNormal\" style=\"margin: 0cm 0cm 0pt;\"><span style=\"font-family: Times New Roman; font-size: small;\">\u00a0<\/span><\/p>\n<p class=\"MsoNormal\" style=\"margin: 0cm 0cm 0pt;\"><span style=\"font-family: Times New Roman; font-size: small;\">Eczac\u0131lar\u0131m\u0131z g\u00fcncel sorunlar\u0131na \u00e7\u00f6z\u00fcm \u00fcretilmesini beklerken, Birli\u011fimiz ile SGK aras\u0131nda \u00fc\u00e7 y\u0131ll\u0131\u011f\u0131na yap\u0131lan protokol, daha iki y\u0131l\u0131 varken s\u00fcresinden \u00f6nce fesih edilmi\u015f ve 16 Ocak 2010 tarihinden itibaren halk\u0131m\u0131z\u0131n kolay bir \u015fekilde ilaca ula\u015fabilmesinin \u00f6n\u00fc t\u0131kanm\u0131\u015ft\u0131r. Hastalar\u0131m\u0131z\u0131n ilaca ula\u015f\u0131m\u0131n\u0131n kesintisiz olarak s\u00fcrmesi ve meslekta\u015flar\u0131m\u0131z\u0131n birikmi\u015f sorunlar\u0131n\u0131n \u00e7\u00f6z\u00fcm\u00fcne y\u00f6nelik taleplerimizle yeni bir protokol\u00fcn taraf\u0131 olarak g\u00f6r\u00fc\u015fmelere T\u00fcrk Eczac\u0131lar\u0131 Birli\u011fi olarak haz\u0131r oldu\u011fumuzu bir kez daha ilan ediyoruz.<\/span><\/p>\n<p class=\"MsoNormal\" style=\"margin: 0cm 0cm 0pt;\"><span style=\"font-family: Times New Roman; font-size: small;\">\u00a0<\/span><\/p>\n<p class=\"MsoNormal\" style=\"margin: 0cm 0cm 0pt;\"><span style=\"font-family: Times New Roman; font-size: small;\">T\u00fcrk Eczac\u0131lar\u0131 Birli\u011fi, ila\u00e7 fiyatlar\u0131n\u0131n d\u00fc\u015fmesine kar\u015f\u0131 de\u011fildir ve hi\u00e7 olmam\u0131\u015ft\u0131r. Eczac\u0131lar\u0131m\u0131z\u0131n sorunlar\u0131n\u0131n \u00e7\u00f6z\u00fcm\u00fc de ila\u00e7 fiyatlar\u0131n\u0131n y\u00fckseltilmesinden de\u011fil, eczaneleri ayakta tutabilecek uzun \u00f6m\u00fcrl\u00fc iyile\u015ftirmelerin yap\u0131lmas\u0131ndan ge\u00e7mektedir. Talebimiz, ila\u00e7 ve eczac\u0131l\u0131k hizmeti vermeye devam etmemizi sa\u011flayacak bir Protokol\u2019\u00fcn 16 Ocak\u2019a kadar imzalanmas\u0131d\u0131r. Beklentimiz; \u0130la\u00e7 kaosuna neden olacak geli\u015fmelerin seyredilip g\u00f6r\u00fclmesi de\u011fil, bu geli\u015fmeler olmadan m\u00fcdahale edilmesidir. Hangi taraf\u0131n protokols\u00fczl\u00fc\u011fe di\u011fer taraftan daha fazla dayanaca\u011f\u0131n\u0131 test etmeye \u00e7al\u0131\u015fmak, her \u015feyden \u00f6nce hasta sa\u011fl\u0131\u011f\u0131n\u0131 hi\u00e7e saymak anlam\u0131na gelecektir.<\/span><\/p>\n<p class=\"MsoNormal\" style=\"margin: 0cm 0cm 0pt;\"><span style=\"font-family: Times New Roman; font-size: small;\">\u00a0<\/span><\/p>\n<p class=\"MsoNormal\" style=\"margin: 0cm 0cm 0pt;\"><span style=\"font-family: Times New Roman; font-size: small;\">Hem hastalar\u0131 hem de eczac\u0131y\u0131 koruyacak bir Protokol yapmak i\u00e7in hala zaman\u0131m\u0131z vard\u0131r. Say\u0131n Ba\u015fbakan\u0131m\u0131z ve Say\u0131n \u00c7al\u0131\u015fma ve Sosyal G\u00fcvenlik Bakan\u0131m\u0131z\u0131n Protokol g\u00f6r\u00fc\u015fmelerinin \u00e7ok ge\u00e7 olmadan ba\u015flamas\u0131n\u0131 sa\u011flayacaklar\u0131n\u0131 \u00fcmit ediyoruz. Biz, \u00fclkemiz ve halk\u0131m\u0131z i\u00e7in bug\u00fcne kadar oldu\u011fu gibi bundan sonra da hizmet vermeye haz\u0131r\u0131z.<\/span><\/p>\n<p class=\"MsoNormal\" style=\"margin: 0cm 0cm 0pt;\"><span style=\"font-family: Times New Roman; font-size: small;\">\u00a0<\/span><\/p>\n<p class=\"MsoNormal\" style=\"margin: 0cm 0cm 0pt;\"><span style=\"font-family: Times New Roman; font-size: small;\">Kamuoyuna sayg\u0131lar\u0131m\u0131zla duyururuz.<\/span><\/p>\n<p class=\"MsoNormal\" style=\"margin: 0cm 0cm 0pt;\"><span style=\"font-family: Times New Roman; font-size: small;\">\u00a0<\/span><\/p>\n<p class=\"MsoNormal\" style=\"margin: 0cm 0cm 0pt;\"><strong><span style=\"font-family: Times New Roman; font-size: small;\">T\u00dcRK ECZACILARI B\u0130RL\u0130\u011e\u0130 <\/span><span style=\"font-family: Times New Roman; font-size: small;\">MERKEZ HEYET\u0130<\/span><\/strong><\/p>\n","protected":false},"excerpt":{"rendered":"<p>Bilindi\u011fi gibi \u00c7al\u0131\u015fma ve Sosyal G\u00fcvenlik Bakan\u0131 4 Aral\u0131k eylemini gerek\u00e7e g\u00f6stererek TEB ile yapt\u0131\u011f\u0131 protokol\u00fc tek tarafl\u0131 olarak fesih&#46;&#46;&#46;<\/p>\n","protected":false},"author":1,"featured_media":0,"comment_status":"closed","ping_status":"closed","sticky":false,"template":"","format":"standard","meta":{"_jetpack_memberships_contains_paid_content":false,"footnotes":""},"categories":[1],"tags":[],"class_list":["post-3667","post","type-post","status-publish","format-standard","hentry","category-ced"],"aioseo_notices":[],"jetpack_featured_media_url":"","jetpack_sharing_enabled":true,"jetpack-related-posts":[],"_links":{"self":[{"href":"http:\/\/www.ced.org.tr\/index.php?rest_route=\/wp\/v2\/posts\/3667","targetHints":{"allow":["GET"]}}],"collection":[{"href":"http:\/\/www.ced.org.tr\/index.php?rest_route=\/wp\/v2\/posts"}],"about":[{"href":"http:\/\/www.ced.org.tr\/index.php?rest_route=\/wp\/v2\/types\/post"}],"author":[{"embeddable":true,"href":"http:\/\/www.ced.org.tr\/index.php?rest_route=\/wp\/v2\/users\/1"}],"replies":[{"embeddable":true,"href":"http:\/\/www.ced.org.tr\/index.php?rest_route=%2Fwp%2Fv2%2Fcomments&post=3667"}],"version-history":[{"count":0,"href":"http:\/\/www.ced.org.tr\/index.php?rest_route=\/wp\/v2\/posts\/3667\/revisions"}],"wp:attachment":[{"href":"http:\/\/www.ced.org.tr\/index.php?rest_route=%2Fwp%2Fv2%2Fmedia&parent=3667"}],"wp:term":[{"taxonomy":"category","embeddable":true,"href":"http:\/\/www.ced.org.tr\/index.php?rest_route=%2Fwp%2Fv2%2Fcategories&post=3667"},{"taxonomy":"post_tag","embeddable":true,"href":"http:\/\/www.ced.org.tr\/index.php?rest_route=%2Fwp%2Fv2%2Ftags&post=3667"}],"curies":[{"name":"wp","href":"https:\/\/api.w.org\/{rel}","templated":true}]}}