{"id":3669,"date":"2010-01-12T15:35:35","date_gmt":"2010-01-12T13:35:35","guid":{"rendered":"http:\/\/www.ced.org.tr\/?p=3669"},"modified":"2010-01-12T15:35:35","modified_gmt":"2010-01-12T13:35:35","slug":"kolelik-sozlesmesi-dayatilmak-isteniyor","status":"publish","type":"post","link":"http:\/\/www.ced.org.tr\/?p=3669","title":{"rendered":"K\u00d6LEL\u0130K S\u00d6ZLE\u015eMES\u0130 DAYATILMAK \u0130STEN\u0130YOR!"},"content":{"rendered":"<p class=\"MsoNormal\" style=\"margin: 0cm 0cm 0pt;\"><span style=\"font-family: Times New Roman; font-size: small;\">Sosyal G\u00fcvenlik Kurumu (SGK) 4 Aral\u0131k eylemini gerek\u00e7e g\u00f6stererek T\u00fcrk Eczac\u0131lar\u0131 Birli\u011fi (TEB) ile yapt\u0131\u011f\u0131 Protokol\u00fc 16 Aral\u0131k 2009 tarihinde tek tarafl\u0131 olarak feshetmi\u015ftir.<\/span><\/p>\n<p class=\"MsoNormal\" style=\"margin: 0cm 0cm 0pt;\"><span style=\"font-family: Times New Roman; font-size: small;\">\u00a0<\/span><\/p>\n<p class=\"MsoNormal\" style=\"margin: 0cm 0cm 0pt;\"><span style=\"font-family: Times New Roman; font-size: small;\">Bu tarihten ba\u015flayarak TEB&#8217;e kap\u0131lar\u0131n\u0131 kapatan SGK, eczanelerle tek tek s\u00f6zle\u015fme yapmaya d\u00f6n\u00fck bir \u00e7aban\u0131n i\u00e7inde olmu\u015ftur.<\/span><\/p>\n<p class=\"MsoNormal\" style=\"margin: 0cm 0cm 0pt;\"><span style=\"font-family: Times New Roman; font-size: small;\">\u00a0<\/span><\/p>\n<p class=\"MsoNormal\" style=\"margin: 0cm 0cm 0pt;\"><span style=\"font-family: Times New Roman; font-size: small;\">2004 y\u0131l\u0131ndan beri eczac\u0131lar SGK&#8217;dan kaynakl\u0131 ciddi sorunlar ya\u015famaktad\u0131rlar. Bu sorunlar\u0131n \u00e7\u00f6z\u00fcm\u00fc i\u00e7in eczac\u0131lar\u0131n taleplerini dikkate almayanlar, ya\u015fanan krizin sorumlulu\u011funu kendilerinden ba\u015fka yerde aramamal\u0131d\u0131rlar.<\/span><\/p>\n<p><span style=\"font-family: Times New Roman; font-size: small;\"><\/p>\n<p><span style=\"font-family: Times New Roman; font-size: small;\"><\/p>\n<p class=\"MsoNormal\" style=\"margin: 0cm 0cm 0pt;\">\u00a0<\/p>\n<p><\/span><\/span><span style=\"font-family: Times New Roman; font-size: small;\">Ama\u00e7 &#8220;etkin ve kesintisiz&#8221; ila\u00e7 hizmeti ise e\u011fer, sistemde acilen \u00e7\u00f6z\u00fclmesi gereken sorunlar vard\u0131r. \u00d6rne\u011fin;<\/span><span style=\"font-family: Times New Roman; font-size: small;\">\u00a0<\/span><\/p>\n<ul style=\"margin-top: 0cm;\" type=\"disc\">\n<li class=\"MsoNormal\" style=\"margin: 0cm 0cm 0pt; mso-list: l0 level1 lfo1; tab-stops: list 36.0pt;\"><span style=\"font-family: Times New Roman; font-size: small;\">Provizyon sistemi \u00e7al\u0131\u015fmamakta,<\/span><\/li>\n<li class=\"MsoNormal\" style=\"margin: 0cm 0cm 0pt; mso-list: l0 level1 lfo1; tab-stops: list 36.0pt;\"><span style=\"font-family: Times New Roman; font-size: small;\">\u0130la\u00e7 katk\u0131 paylar\u0131 ve muayene \u00fccretleri halk\u0131n cebini yakmakta,<\/span><\/li>\n<li class=\"MsoNormal\" style=\"margin: 0cm 0cm 0pt; mso-list: l0 level1 lfo1; tab-stops: list 36.0pt;\"><span style=\"font-family: Times New Roman; font-size: small;\">SGK&#8217;n\u0131n tahsilat\u00e7\u0131s\u0131 haline getirilen eczac\u0131 sa\u011fl\u0131k dan\u0131\u015fmanl\u0131\u011f\u0131n\u0131 yapamamakta,<\/span><\/li>\n<li class=\"MsoNormal\" style=\"margin: 0cm 0cm 0pt; mso-list: l0 level1 lfo1; tab-stops: list 36.0pt;\"><span style=\"font-family: Times New Roman; font-size: small;\">Halk ilaca ula\u015famamaktad\u0131r.<\/span><\/li>\n<\/ul>\n<p class=\"MsoNormal\" style=\"margin: 0cm 0cm 0pt; mso-list: l0 level1 lfo1; tab-stops: list 36.0pt;\"><span style=\"font-family: Times New Roman; font-size: small;\">Biz eczac\u0131lar, bu ve benzeri sorunlara da \u00e7\u00f6z\u00fcm ar\u0131yor, bunlar i\u00e7in m\u00fccadele ediyoruz.<\/span><\/p>\n<p class=\"MsoNormal\" style=\"margin: 0cm 0cm 0pt;\"><span style=\"font-family: Times New Roman; font-size: small;\">\u00a0<\/span><\/p>\n<p class=\"MsoNormal\" style=\"margin: 0cm 0cm 0pt;\"><span style=\"font-family: Times New Roman; font-size: small;\">SGK, protokol\u00fc neden fesih etti\u011finin alt\u0131n\u0131 dolduram\u0131yor. Ama\u00e7 sa\u011fl\u0131k sistemine \u00e7ekid\u00fczen vermekse, yukar\u0131da s\u0131ralad\u0131\u011f\u0131m\u0131z sorunlara \u00e7\u00f6z\u00fcm \u00fcretilmesi gerekiyor.<\/span><\/p>\n<p class=\"MsoNormal\" style=\"margin: 0cm 0cm 0pt;\"><span style=\"font-family: Times New Roman; font-size: small;\">\u00a0<\/span><\/p>\n<p class=\"MsoNormal\" style=\"margin: 0cm 0cm 0pt;\"><span style=\"font-family: Times New Roman; font-size: small;\">Ancak SGK i\u00e7in sorun bu de\u011fil! Sorun, eczac\u0131lar\u0131n \u00f6rg\u00fctl\u00fc olmas\u0131!<\/span><\/p>\n<p class=\"MsoNormal\" style=\"margin: 0cm 0cm 0pt;\"><span style=\"font-family: Times New Roman; font-size: small;\">\u00a0<\/span><\/p>\n<p class=\"MsoNormal\" style=\"margin: 0cm 0cm 0pt;\"><span style=\"font-family: Times New Roman; font-size: small;\">Eczac\u0131lar\u0131n \u00f6rg\u00fctl\u00fc duru\u015funun, iktidar\u0131, SGK&#8217;y\u0131 ve ilgili bakanl\u0131klar\u0131 rahats\u0131z etti\u011fi ortadad\u0131r. SGK&#8217;n\u0131n fesih gerek\u00e7elerinin alt\u0131nda yatan ger\u00e7ek, eczac\u0131lar\u0131n \u00f6rg\u00fctle olan ba\u011f\u0131n\u0131 kopar\u0131p onlar\u0131 yaln\u0131zla\u015ft\u0131rmak ve TEB ile eczac\u0131 odalar\u0131n\u0131 i\u015flevsiz hale getirmek istenmesidir.<\/span><\/p>\n<p class=\"MsoNormal\" style=\"margin: 0cm 0cm 0pt;\"><span style=\"font-family: Times New Roman; font-size: small;\">\u00a0<\/span><\/p>\n<p class=\"MsoNormal\" style=\"margin: 0cm 0cm 0pt;\"><span style=\"font-family: Times New Roman; font-size: small;\">16 Aral\u0131k&#8217;ta ba\u015flat\u0131lan bu s\u00fcre\u00e7 bug\u00fcn yeni dayatmalarla devam etmektedir. 11 Ocak Pazartesi g\u00fcn\u00fc SGK Ba\u015fkan\u0131 ile TEB Ba\u015fkanl\u0131k Divan\u0131 aras\u0131nda ger\u00e7ekle\u015fen g\u00f6r\u00fc\u015fmede, bu niyetler a\u00e7\u0131k\u00e7a ortaya konmu\u015ftur. SGK feshetti\u011fi s\u00f6zle\u015fmeye adeta k\u00f6lelik ko\u015fullar\u0131 ekleyerek, bu ko\u015fullar\u0131 TEB&#8217;e kabul ettirmek istemektedir.<\/span><\/p>\n<p class=\"MsoNormal\" style=\"margin: 0cm 0cm 0pt;\"><span style=\"font-family: Times New Roman; font-size: small;\">\u00a0<\/span><\/p>\n<p class=\"MsoNormal\" style=\"margin: 0cm 0cm 0pt;\"><span style=\"font-family: Times New Roman; font-size: small;\">Odam\u0131za gelen bilgilere g\u00f6re, SGK, s\u00f6zkonusu g\u00f6r\u00fc\u015fmede, eczac\u0131lar\u0131n kurumdan hi\u00e7bir talebinin olamayaca\u011f\u0131n\u0131 bildirmi\u015f ve TEB ile s\u00f6zle\u015fme yapmak i\u00e7in \u015fu k\u00f6lelik ko\u015fullar\u0131n\u0131 dayatm\u0131\u015ft\u0131r:<\/span><\/p>\n<p class=\"MsoNormal\" style=\"margin: 0cm 0cm 0pt;\"><span style=\"font-family: Times New Roman; font-size: small;\">\u00a0<\/span><\/p>\n<ol style=\"margin-top: 0cm;\" type=\"1\">\n<li class=\"MsoNormal\" style=\"margin: 0cm 0cm 0pt; mso-list: l1 level1 lfo2; tab-stops: list 36.0pt;\"><span style=\"font-family: Times New Roman; font-size: small;\">Temel ko\u015fullardan biri &#8220;eylemsizlik karar\u0131&#8221;d\u0131r. SGK bir daha kepenk kapatma ve benzeri eylemlerin yap\u0131lmamas\u0131n\u0131, eczane vitrinlerinin &#8220;eylem ama\u00e7l\u0131&#8221; (afi\u015f vb.) kullan\u0131lmamas\u0131n\u0131 birinci ko\u015ful olarak \u00f6ne s\u00fcr\u00fcyor.<\/span><\/li>\n<li class=\"MsoNormal\" style=\"margin: 0cm 0cm 0pt; mso-list: l1 level1 lfo2; tab-stops: list 36.0pt;\"><span style=\"font-family: Times New Roman; font-size: small;\">\u0130la\u00e7 Takip Sistemi&#8217;ne ko\u015fulsuz olarak &#8220;evet&#8221; denmesini istiyor.<\/span><\/li>\n<li class=\"MsoNormal\" style=\"margin: 0cm 0cm 0pt; mso-list: l1 level1 lfo2; tab-stops: list 36.0pt;\"><span style=\"font-family: Times New Roman; font-size: small;\">Sa\u011fl\u0131k Uygulama Tebli\u011fi ile ilgili t\u00fcm de\u011fi\u015fikliklerin Kurum taraf\u0131ndan yap\u0131laca\u011f\u0131n\u0131 s\u00f6yl\u00fcyor ve TEB&#8217;in buna ko\u015fulsuz olarak uymas\u0131n\u0131 istiyor. Bunun anlam\u0131; avans \u00f6demesinin, \u00f6deme gecikmelerinin, uygulanamaz h\u00fck\u00fcmlerin, haks\u0131z cezai \u015fartlar\u0131n, keyfi denetlemelerin vb. eczac\u0131ya \u015fimdiden dayat\u0131lmas\u0131d\u0131r.<\/span><\/li>\n<li class=\"MsoNormal\" style=\"margin: 0cm 0cm 0pt; mso-list: l1 level1 lfo2; tab-stops: list 36.0pt;\"><span style=\"font-family: Times New Roman; font-size: small;\">TEB&#8217;in s\u00f6zle\u015fmelerden \u00fccret almamas\u0131n\u0131 istiyor. S\u0131ral\u0131 da\u011f\u0131t\u0131m sistemine devam edilmesi i\u00e7in Oda katk\u0131 paylar\u0131n\u0131n kald\u0131r\u0131lmas\u0131n\u0131 \u015fart ko\u015fuyor. Yani eczac\u0131n\u0131n mesleki birli\u011fini ekonomik anlamda g\u00fc\u00e7s\u00fczle\u015ftirmek istiyor. E\u015fit ve s\u0131ral\u0131 re\u00e7ete da\u011f\u0131t\u0131m sisteminin s\u00fcrd\u00fcr\u00fclemez hale getirilmesini ama\u00e7l\u0131yor.<\/span><\/li>\n<\/ol>\n<p class=\"MsoNormal\" style=\"margin: 0cm 0cm 0pt;\"><span style=\"font-family: Times New Roman; font-size: small;\">\u00a0<\/span><\/p>\n<p class=\"MsoNormal\" style=\"margin: 0cm 0cm 0pt;\"><span style=\"font-family: Times New Roman; font-size: small;\">Eczac\u0131lara &#8220;tek tek s\u00f6zle\u015fme yap\u0131n, biz sizin ad\u0131n\u0131za da d\u00fc\u015f\u00fcn\u00fcr, sizin haklar\u0131n\u0131z\u0131 koruruz&#8221; diyen SGK, Birlik&#8217;le masaya oturdu\u011funda i\u015fte bu ko\u015fullar\u0131 dayat\u0131yor!<\/span><span style=\"font-family: Times New Roman; font-size: small;\">\u00a0<\/span><\/p>\n<p class=\"MsoNormal\" style=\"margin: 0cm 0cm 0pt;\"><span style=\"font-family: Times New Roman; font-size: small;\">\u00a0<\/span><\/p>\n<p class=\"MsoNormal\" style=\"margin: 0cm 0cm 0pt;\"><span style=\"font-family: Times New Roman; font-size: small;\">Birli\u011fimizin kar\u015f\u0131s\u0131nda bu tutumu tak\u0131nan kurumun, \u00f6rg\u00fcts\u00fcz ve tek ba\u015f\u0131na kalan eczac\u0131ya nas\u0131l bir k\u00f6lelik s\u00f6zle\u015fmesi dayataca\u011f\u0131 bug\u00fcnden belli olmu\u015ftur.<\/span><\/p>\n<p class=\"MsoNormal\" style=\"margin: 0cm 0cm 0pt;\"><span style=\"font-family: Times New Roman; font-size: small;\">\u00a0<\/span><\/p>\n<p class=\"MsoNormal\" style=\"margin: 0cm 0cm 0pt;\"><span style=\"font-family: Times New Roman; font-size: small;\">E\u011fer 16 Ocak&#8217;ta s\u00f6zle\u015fmesiz bir s\u00fcre\u00e7 ba\u015flar ve halk\u0131n ilaca ula\u015fmas\u0131 engellenirse, bunun tek sorumlusu SGK olacakt\u0131r. SGK s\u00f6zle\u015fmeyi tek tarafl\u0131 feshederek bu sonucu kendisi yaratm\u0131\u015ft\u0131r.<\/span><\/p>\n<p class=\"MsoNormal\" style=\"margin: 0cm 0cm 0pt;\"><span style=\"font-family: Times New Roman; font-size: small;\">\u00a0<\/span><\/p>\n<p class=\"MsoNormal\" style=\"margin: 0cm 0cm 0pt;\"><span style=\"font-family: Times New Roman; font-size: small;\">\u00c7\u00f6z\u00fcm, SGK&#8217;n\u0131n s\u00f6zle\u015fme fesih karar\u0131n\u0131 ko\u015fulsuz olarak kald\u0131rmas\u0131 ve ila\u00e7 hizmetinin devam\u0131 i\u00e7in adil bir s\u00f6zle\u015fme yap\u0131lmas\u0131d\u0131r.<\/span><\/p>\n<p class=\"MsoNormal\" style=\"margin: 0cm 0cm 0pt;\"><span style=\"font-family: Times New Roman; font-size: small;\">\u00a0<\/span><\/p>\n<p class=\"MsoNormal\" style=\"margin: 0cm 0cm 0pt;\"><span style=\"font-family: Times New Roman; font-size: small;\">Aksi durumda halk\u0131n ilaca ula\u015fmas\u0131nda ya\u015fanacak sorunlar\u0131n sorumlusu biz eczac\u0131lar olmayaca\u011f\u0131z!<\/span><\/p>\n<p class=\"MsoNormal\" style=\"margin: 0cm 0cm 0pt;\"><span style=\"font-family: Times New Roman; font-size: small;\">\u00a0<\/span><\/p>\n<p class=\"MsoNormal\" style=\"margin: 0cm 0cm 0pt;\"><strong style=\"mso-bidi-font-weight: normal;\"><span style=\"font-size: small;\"><span style=\"font-family: Times New Roman;\">\u0130stanbul Eczac\u0131 Odas\u0131<br \/>Y\u00f6netim Kurulu<\/span><\/span><\/strong><\/p>\n","protected":false},"excerpt":{"rendered":"<p>Sosyal G\u00fcvenlik Kurumu (SGK) 4 Aral\u0131k eylemini gerek\u00e7e g\u00f6stererek T\u00fcrk Eczac\u0131lar\u0131 Birli\u011fi (TEB) ile yapt\u0131\u011f\u0131 Protokol\u00fc 16 Aral\u0131k 2009 tarihinde&#46;&#46;&#46;<\/p>\n","protected":false},"author":1,"featured_media":0,"comment_status":"closed","ping_status":"closed","sticky":false,"template":"","format":"standard","meta":{"_jetpack_memberships_contains_paid_content":false,"footnotes":""},"categories":[1],"tags":[],"class_list":["post-3669","post","type-post","status-publish","format-standard","hentry","category-ced"],"aioseo_notices":[],"jetpack_featured_media_url":"","jetpack_sharing_enabled":true,"jetpack-related-posts":[],"_links":{"self":[{"href":"http:\/\/www.ced.org.tr\/index.php?rest_route=\/wp\/v2\/posts\/3669","targetHints":{"allow":["GET"]}}],"collection":[{"href":"http:\/\/www.ced.org.tr\/index.php?rest_route=\/wp\/v2\/posts"}],"about":[{"href":"http:\/\/www.ced.org.tr\/index.php?rest_route=\/wp\/v2\/types\/post"}],"author":[{"embeddable":true,"href":"http:\/\/www.ced.org.tr\/index.php?rest_route=\/wp\/v2\/users\/1"}],"replies":[{"embeddable":true,"href":"http:\/\/www.ced.org.tr\/index.php?rest_route=%2Fwp%2Fv2%2Fcomments&post=3669"}],"version-history":[{"count":0,"href":"http:\/\/www.ced.org.tr\/index.php?rest_route=\/wp\/v2\/posts\/3669\/revisions"}],"wp:attachment":[{"href":"http:\/\/www.ced.org.tr\/index.php?rest_route=%2Fwp%2Fv2%2Fmedia&parent=3669"}],"wp:term":[{"taxonomy":"category","embeddable":true,"href":"http:\/\/www.ced.org.tr\/index.php?rest_route=%2Fwp%2Fv2%2Fcategories&post=3669"},{"taxonomy":"post_tag","embeddable":true,"href":"http:\/\/www.ced.org.tr\/index.php?rest_route=%2Fwp%2Fv2%2Ftags&post=3669"}],"curies":[{"name":"wp","href":"https:\/\/api.w.org\/{rel}","templated":true}]}}