{"id":3672,"date":"2010-01-15T16:02:05","date_gmt":"2010-01-15T14:02:05","guid":{"rendered":"http:\/\/www.ced.org.tr\/?p=3672"},"modified":"2010-01-15T16:02:05","modified_gmt":"2010-01-15T14:02:05","slug":"baskanlar-danisma-kurulu-toplantisinda-neler-oldu","status":"publish","type":"post","link":"http:\/\/www.ced.org.tr\/?p=3672","title":{"rendered":"Ba\u015fkanlar Dan\u0131\u015fma Kurulu Toplant\u0131s\u0131\u2019nda neler oldu?"},"content":{"rendered":"<p class=\"MsoNormal\" style=\"margin: 0cm 0cm 0pt;\"><span style=\"font-family: Times New Roman; font-size: small;\">TEB Merkez Heyeti&#8217;nin \u00e7a\u011fr\u0131s\u0131 \u00fczerine 2. Ba\u015fkanlar Dan\u0131\u015fma Kurulu toplant\u0131s\u0131 14 Ocak 2010 tarihinde Ankara&#8217;da topland\u0131.<\/span><\/p>\n<p class=\"MsoNormal\" style=\"margin: 0cm 0cm 0pt;\"><span style=\"font-family: Times New Roman; font-size: small;\">\u00a0<\/span><\/p>\n<p class=\"MsoNormal\" style=\"margin: 0cm 0cm 0pt;\"><span style=\"font-family: Times New Roman; font-size: small;\">\u0130lki 22 Aral\u0131k 2009 tarihinde yap\u0131lan Ba\u015fkanlar Dan\u0131\u015fma Kurulu toplant\u0131s\u0131n\u0131n, bir ay i\u00e7inde ikincisinin yap\u0131lmas\u0131 bir \u015feylerin iyi gitmedi\u011fini g\u00f6steriyordu. 18 Eyl\u00fcl&#8217;den 22 Aral\u0131k&#8217;a kadar Ba\u015fkanlar Dan\u0131\u015fma Kurulu toplant\u0131s\u0131n\u0131n s\u00f6z\u00fc bile edilmezken, son bir ayda ya\u015fanan bu h\u0131zl\u0131 trafik dikkatlerden ka\u00e7mad\u0131.<\/span><\/p>\n<p><span style=\"font-family: Times New Roman; font-size: small;\"><\/p>\n<p><font face=\"Times New Roman\" size=\"3\"><\/p>\n<p class=\"MsoNormal\" style=\"margin: 0cm 0cm 0pt;\">\u00a0<\/p>\n<p><\/font><\/span><\/p>\n<p class=\"MsoNormal\" style=\"margin: 0cm 0cm 0pt;\"><strong style=\"mso-bidi-font-weight: normal;\"><span style=\"font-size: small;\"><span style=\"font-family: Times New Roman;\">Neydi ya\u015fanan geli\u015fmeler?<\/span><\/span><\/strong><span style=\"font-family: Times New Roman; font-size: small;\">\u00a0<\/span><\/p>\n<\/p>\n<p class=\"MsoNormal\" style=\"margin: 0cm 0cm 0pt;\"><span style=\"font-family: Times New Roman; font-size: small;\">4 Aral\u0131k eyleminin hemen ard\u0131ndan eczac\u0131lar\u0131n bu kararl\u0131 duru\u015fundan rahats\u0131z olan SGK, TEB ile yap\u0131lan protokol\u00fc tek tarafl\u0131 olarak feshetme karar\u0131 ald\u0131. Sonras\u0131nda Ba\u015fbakandan, &#8220;eczac\u0131lar\u0131n eczaneler \u00fczerindeki tekelini kald\u0131racaklar\u0131 ve ilac\u0131 marketlerde satman\u0131n haz\u0131rl\u0131klar\u0131na ba\u015flad\u0131klar\u0131&#8221; yolunda bir a\u00e7\u0131klama geldi.<\/span><\/p>\n<p class=\"MsoNormal\" style=\"margin: 0cm 0cm 0pt;\"><span style=\"font-family: Times New Roman; font-size: small;\">\u00a0<\/span><\/p>\n<p class=\"MsoNormal\" style=\"margin: 0cm 0cm 0pt;\"><span style=\"font-family: Times New Roman; font-size: small;\">Bu arada h\u00fck\u00fcmetin, TEB&#8217;den 4 Aral\u0131k eylemiyle ilgili &#8220;Hata yapt\u0131k, \u00f6z\u00fcr dileriz&#8221; i\u00e7erikli bir a\u00e7\u0131klama yapmas\u0131 konusundaki beklentisi ifade edilmeye ba\u015fland\u0131. Buna, h\u00fck\u00fcmete kar\u015f\u0131 hi\u00e7bir ba\u015fl\u0131kta eylem yap\u0131lmayaca\u011f\u0131 talebi de eklendi. Ba\u015fbakan ile \u00c7al\u0131\u015fma ve Sosyal G\u00fcvenlik Bakan\u0131n\u0131n bu talepleri kar\u015f\u0131land\u0131 ve TEB \u00fc\u00e7 ulusal gazetede &#8220;Kamuoyuna&#8221; ba\u015fl\u0131kl\u0131 \u00f6z\u00fcr ilan\u0131n\u0131 yay\u0131nlad\u0131. Bu ilan eczac\u0131 kamuoyunda \u015fok etkisi yaratt\u0131. Ancak \u00c7al\u0131\u015fma ve Sosyal G\u00fcvenlik Bakanl\u0131\u011f\u0131 bu a\u00e7\u0131klamay\u0131 yeterli bulmam\u0131\u015f olacak ki, TEB Ba\u015fkan\u0131 Erdo\u011fan \u00c7olak Anadolu Ajans\u0131&#8217;na bir a\u00e7\u0131klama yaparak bakanl\u0131\u011fa, verdikleri destekten (!) \u00f6t\u00fcr\u00fc te\u015fekk\u00fcr etti.<\/span><\/p>\n<p class=\"MsoNormal\" style=\"margin: 0cm 0cm 0pt;\"><span style=\"font-family: Times New Roman; font-size: small;\">\u00a0<\/span><\/p>\n<p class=\"MsoNormal\" style=\"margin: 0cm 0cm 0pt;\"><span style=\"font-family: Times New Roman; font-size: small;\">Bu da yetmedi! 30 Aral\u0131k&#8217;ta sa\u011fl\u0131k alan\u0131ndaki t\u00fcm \u00f6rg\u00fctler, yani sa\u011fl\u0131k meslek birlikleri, sendikalar ve derneklerle birlikte haz\u0131rlanan ve TEB&#8217;in de alt\u0131na imza att\u0131\u011f\u0131 bas\u0131n a\u00e7\u0131klamas\u0131 TEB&#8217;in internet sitesinde yay\u0131nland\u0131. Ancak hemen ard\u0131ndan Sa\u011fl\u0131k Bakan\u0131&#8217;n\u0131n bask\u0131s\u0131yla TEB Merkez Heyeti bas\u0131n a\u00e7\u0131klamas\u0131n\u0131 internet sitesinden geri \u00e7ekti.<\/span><\/p>\n<p class=\"MsoNormal\" style=\"margin: 0cm 0cm 0pt;\"><span style=\"font-family: Times New Roman; font-size: small;\">\u00a0<\/span><\/p>\n<p class=\"MsoNormal\" style=\"margin: 0cm 0cm 0pt;\"><span style=\"font-family: Times New Roman; font-size: small;\">TEB&#8217;in gazetelere verdi\u011fi &#8220;\u00f6z\u00fcr&#8221; ilan\u0131 da, \u00c7al\u0131\u015fma ve Sosyal G\u00fcvenlik Bakan\u0131 ile SGK yetkililerini tatmin etmemi\u015f olacak ki yeni ko\u015fullar dikte edilmeye ba\u015fland\u0131.<\/span><\/p>\n<p class=\"MsoNormal\" style=\"margin: 0cm 0cm 0pt;\"><span style=\"font-family: Times New Roman; font-size: small;\">\u00a0<\/span><\/p>\n<p class=\"MsoNormal\" style=\"margin: 0cm 0cm 0pt;\"><span style=\"font-family: Times New Roman; font-size: small;\">11 Ocak 2010 tarihinde SGK taraf\u0131ndan TEB&#8217;e dayat\u0131lan ko\u015fullar, k\u00f6lelik s\u00f6zle\u015fmelerini aratmayacak nitelikteydi.<\/span><\/p>\n<p class=\"MsoNormal\" style=\"margin: 0cm 0cm 0pt;\"><span style=\"font-family: Times New Roman; font-size: small;\">\u00a0<\/span><\/p>\n<ul style=\"margin-top: 0cm;\" type=\"disc\">\n<li class=\"MsoNormal\" style=\"margin: 0cm 0cm 0pt; mso-list: l0 level1 lfo1; tab-stops: list 36.0pt;\"><span style=\"font-family: Times New Roman; font-size: small;\">\u0130TS&#8217;ye ko\u015fulsuz evet denilmesi<\/span><\/li>\n<li class=\"MsoNormal\" style=\"margin: 0cm 0cm 0pt; mso-list: l0 level1 lfo1; tab-stops: list 36.0pt;\"><span style=\"font-family: Times New Roman; font-size: small;\">H\u00fck\u00fcmete ve SGK&#8217;ya kar\u015f\u0131 &#8220;eylemsizlik karar\u0131&#8221;<\/span><\/li>\n<li class=\"MsoNormal\" style=\"margin: 0cm 0cm 0pt; mso-list: l0 level1 lfo1; tab-stops: list 36.0pt;\"><span style=\"font-family: Times New Roman; font-size: small;\">Eczane vitrinlerinde SGK&#8217;ya y\u00f6nelik ele\u015ftirilerden vazge\u00e7ilmesi, vitrinlerin bu ama\u00e7la &#8220;temizlenmesi&#8221;<\/span><\/li>\n<li class=\"MsoNormal\" style=\"margin: 0cm 0cm 0pt; mso-list: l0 level1 lfo1; tab-stops: list 36.0pt;\"><span style=\"font-family: Times New Roman; font-size: small;\">Eczanelerden s\u0131ral\u0131 da\u011f\u0131t\u0131mla ilgili hizmet bedeli al\u0131nmamas\u0131<\/span><\/li>\n<li class=\"MsoNormal\" style=\"margin: 0cm 0cm 0pt; mso-list: l0 level1 lfo1; tab-stops: list 36.0pt;\"><span style=\"font-family: Times New Roman; font-size: small;\">S\u00f6zle\u015fmelerin \u00fccretsiz verilmesi<\/span><\/li>\n<\/ul>\n<p class=\"MsoNormal\" style=\"margin: 0cm 0cm 0pt;\"><span style=\"font-family: Times New Roman; font-size: small;\">\u00a0<\/span><\/p>\n<p class=\"MsoNormal\" style=\"margin: 0cm 0cm 0pt;\"><span style=\"font-family: Times New Roman; font-size: small;\">Bu dayatmalar kar\u015f\u0131s\u0131nda TEB Merkez Heyeti meslek \u00f6rg\u00fct\u00fcne yak\u0131\u015f\u0131r bir tutum alaca\u011f\u0131na tam bir \u00e7aresizlik i\u00e7inde &#8220;mekik diplomasisi&#8221; ad\u0131 alt\u0131nda \u00e7almad\u0131k kap\u0131 b\u0131rakm\u0131yor, kendisinden ne isteniyorsa onu harfiyen uyguluyordu. Eczac\u0131 Odalar\u0131 bilgilendirilmezken baz\u0131 dernekler \u00fczerinden &#8220;a\u00e7\u0131l\u0131m&#8221; siyasetine prim verildi, haftalarca s\u00fcren suskunluk ile bilin\u00e7li ya da bilin\u00e7siz olarak eczac\u0131 kamuoyunun direnci bir \u015fekilde k\u0131r\u0131ld\u0131.<\/span><\/p>\n<p class=\"MsoNormal\" style=\"margin: 0cm 0cm 0pt;\"><span style=\"font-family: Times New Roman; font-size: small;\">\u00a0<\/span><\/p>\n<p class=\"MsoNormal\" style=\"margin: 0cm 0cm 0pt;\"><span style=\"font-family: Times New Roman; font-size: small;\">TEB Merkez Heyeti y\u00f6netsel ve \u00f6rg\u00fctsel zaaf\u0131 ile bu s\u00fcrece \u00f6nc\u00fcl\u00fck edemedi. 2. Ba\u015fkanlar Dan\u0131\u015fma Kurulu toplant\u0131s\u0131 bu zaaf\u0131n giderilmesi, moral motivasyonun y\u00fckseltilmesi bak\u0131m\u0131ndan \u00f6nemli bir toplant\u0131 olacakt\u0131.<\/span><\/p>\n<p class=\"MsoNormal\" style=\"margin: 0cm 0cm 0pt;\"><span style=\"font-family: Times New Roman; font-size: small;\">\u00a0<\/span><\/p>\n<p class=\"MsoNormal\" style=\"margin: 0cm 0cm 0pt;\"><span style=\"font-family: Times New Roman; font-size: small;\">\u0130stanbul Eczac\u0131 Odas\u0131 olarak bu umutla toplant\u0131ya kat\u0131l\u0131yorduk. Toplant\u0131 \u00f6ncesinde Dan\u0131\u015ftay&#8217;a a\u00e7t\u0131\u011f\u0131m\u0131z davada y\u00fcr\u00fctmeyi durdurma karar\u0131n\u0131n \u00e7\u0131kmas\u0131 bu umudumuzu daha da art\u0131rd\u0131.<\/span><\/p>\n<p class=\"MsoNormal\" style=\"margin: 0cm 0cm 0pt;\"><span style=\"font-family: Times New Roman; font-size: small;\">\u00a0<\/span><\/p>\n<p class=\"MsoNormal\" style=\"margin: 0cm 0cm 0pt;\"><span style=\"font-family: Times New Roman; font-size: small;\">\u00c7\u00fcnk\u00fc Dan\u0131\u015ftay 8. ve 10. Daireleri, SGK&#8217;n\u0131n 4 Aral\u0131k eylemini gerek\u00e7e g\u00f6stererek verdi\u011fi fesih karar\u0131n\u0131 durdurdu\u011fu gibi, kurumun eczanelerle tek tek s\u00f6zle\u015fme yapma karar\u0131n\u0131 da hukuka ayk\u0131r\u0131 bularak durdurmu\u015ftu.<\/span><\/p>\n<p class=\"MsoNormal\" style=\"margin: 0cm 0cm 0pt;\"><span style=\"font-family: Times New Roman; font-size: small;\">\u00a0<\/span><\/p>\n<p class=\"MsoNormal\" style=\"margin: 0cm 0cm 0pt;\"><span style=\"font-family: Times New Roman; font-size: small;\">Karar bu boyutuyla TEB&#8217;e ve \u00f6rg\u00fctl\u00fc m\u00fccadelemize de g\u00fc\u00e7 veriyordu. Ayr\u0131ca hukuki zeminde s\u00fcrd\u00fcr\u00fclen bu m\u00fccadele mesleki zeminde s\u00fcrd\u00fcrd\u00fc\u011f\u00fcm\u00fcz m\u00fccadeleye g\u00fc\u00e7 vermesi bak\u0131m\u0131ndan da \u00f6nemliydi.<\/span><\/p>\n<p class=\"MsoNormal\" style=\"margin: 0cm 0cm 0pt;\"><span style=\"font-family: Times New Roman; font-size: small;\">\u00a0<\/span><\/p>\n<p class=\"MsoNormal\" style=\"margin: 0cm 0cm 0pt;\"><span style=\"font-family: Times New Roman; font-size: small;\">SGK \u00fczerinde \u015fok etkisi yaratm\u0131\u015f olan bu karar\u0131n, asl\u0131nda daha \u00e7ok TEB Merkez Heyeti \u00fczerinde \u015fok etkisi yaratt\u0131\u011f\u0131n\u0131 ise tahmin edememi\u015ftik. Bunu 2. Ba\u015fkanlar Dan\u0131\u015fma Kurulu toplant\u0131s\u0131nda \u00f6\u011frenmi\u015f olduk.<\/span><\/p>\n<p class=\"MsoNormal\" style=\"margin: 0cm 0cm 0pt;\"><span style=\"font-family: Times New Roman; font-size: small;\">\u00a0<\/span><\/p>\n<p class=\"MsoNormal\" style=\"margin: 0cm 0cm 0pt;\"><span style=\"font-family: Times New Roman; font-size: small;\">Dan\u0131\u015ftay karar\u0131 TEB Merkez Heyeti&#8217;ni olduk\u00e7a rahats\u0131z etmi\u015fti. Toplant\u0131y\u0131 a\u00e7\u0131\u015f konu\u015fmas\u0131nda TEB Ba\u015fkan\u0131 Ecz. Erdo\u011fan \u00c7olak bu rahats\u0131zl\u0131\u011f\u0131n\u0131 a\u00e7\u0131k bir dille ifade etti ve \u0130stanbul Eczac\u0131 Odas\u0131&#8217;n\u0131 k\u0131nad\u0131\u011f\u0131n\u0131 s\u00f6yledi. \u00c7olak, Dan\u0131\u015ftay karar\u0131 ile ilgili konu\u015fmas\u0131n\u0131n bir b\u00f6l\u00fcm\u00fcnde &#8220;\u0130stanbul Eczac\u0131 Odas\u0131&#8217;n\u0131n Dan\u0131\u015ftay&#8217;dan ald\u0131\u011f\u0131 y\u00fcr\u00fctmeyi durdurma karar\u0131 TEB&#8217;in ve eczac\u0131lar\u0131n de\u011fil, SGK&#8217;n\u0131n elini g\u00fc\u00e7lendiren bir karard\u0131r. \u0130stanbul Eczac\u0131 Odas\u0131&#8217;n\u0131 bu nedenle k\u0131n\u0131yorum&#8221; diyerek karardan duydu\u011fu memnuniyetsizli\u011fi a\u00e7\u0131k\u00e7a ortaya koydu.<\/span><\/p>\n<p class=\"MsoNormal\" style=\"margin: 0cm 0cm 0pt;\"><span style=\"font-family: Times New Roman; font-size: small;\">\u00a0<\/span><\/p>\n<p class=\"MsoNormal\" style=\"margin: 0cm 0cm 0pt;\"><span style=\"font-family: Times New Roman; font-size: small;\">TEB Merkez Heyeti&#8217;nden beklenen, hukuk zemininde kazan\u0131lm\u0131\u015f bu ad\u0131m\u0131n daha da ileri ta\u015f\u0131nmas\u0131yd\u0131. 4 Aral\u0131k&#8217;ta ba\u015flat\u0131lan hak arama m\u00fccadelesi hukuk zemininde de hakl\u0131l\u0131k kazanm\u0131\u015ft\u0131. Bug\u00fcn elimiz, d\u00fcnden daha g\u00fc\u00e7l\u00fcyd\u00fc. Dan\u0131\u015ftay&#8217;\u0131n karar\u0131 toplumsal me\u015fruiyeti olan m\u00fccadelemize bir de hukuki me\u015fruiyet kazand\u0131rm\u0131\u015ft\u0131.<\/span><\/p>\n<p class=\"MsoNormal\" style=\"margin: 0cm 0cm 0pt;\"><span style=\"font-family: Times New Roman; font-size: small;\">\u00a0<\/span><\/p>\n<p class=\"MsoNormal\" style=\"margin: 0cm 0cm 0pt;\"><span style=\"font-family: Times New Roman; font-size: small;\">\u0130\u015fte TEB Merkez Heyeti bunun fark\u0131nda de\u011fildi. Bunun fark\u0131nda olmad\u0131\u011f\u0131 gibi, \u0130stanbul Eczac\u0131 Odas\u0131&#8217;n\u0131n hukuk zemininde s\u00fcrd\u00fcrd\u00fc\u011f\u00fc m\u00fccadeleyi karalamaktan \u00e7ekinmeyerek 2. Ba\u015fkanlar Dan\u0131\u015fma Kurulu toplant\u0131s\u0131n\u0131 da \u0130stanbul Eczac\u0131 Odas\u0131 i\u00e7in bir yarg\u0131lama platformuna d\u00f6n\u00fc\u015ft\u00fcrd\u00fc.<\/span><\/p>\n<p class=\"MsoNormal\" style=\"margin: 0cm 0cm 0pt;\"><span style=\"font-family: Times New Roman; font-size: small;\">\u00a0<\/span><\/p>\n<p class=\"MsoNormal\" style=\"margin: 0cm 0cm 0pt;\"><strong style=\"mso-bidi-font-weight: normal;\"><span style=\"font-size: small;\"><span style=\"font-family: Times New Roman;\">\u0130stanbul Eczac\u0131 Odas\u0131 ne yapm\u0131\u015ft\u0131?<\/span><\/span><\/strong><\/p>\n<p class=\"MsoNormal\" style=\"margin: 0cm 0cm 0pt;\"><span style=\"font-family: Times New Roman; font-size: small;\">\u00a0<\/span><\/p>\n<p class=\"MsoNormal\" style=\"margin: 0cm 0cm 0pt;\"><span style=\"font-family: Times New Roman; font-size: small;\">SGK&#8217;n\u0131n hukuk d\u0131\u015f\u0131 tutumuna hukuk yoluyla &#8220;dur&#8221; demi\u015fti. Eczac\u0131ya bu belirsiz s\u00fcre\u00e7te soluk ald\u0131rm\u0131\u015f, \u00f6rg\u00fctsel m\u00fccadeleye zaman kazand\u0131rm\u0131\u015f ve halk\u0131n da bu s\u00fcre\u00e7te ila\u00e7s\u0131z kalmamas\u0131n\u0131 sa\u011flam\u0131\u015ft\u0131. 4 Aral\u0131k eylemine hukuk zemininde de sahip \u00e7\u0131km\u0131\u015ft\u0131. \u0130stanbul Eczac\u0131 Odas\u0131 hukuki s\u00fcreci ba\u015flatarak ta\u015flar\u0131 yerinden oynatm\u0131\u015ft\u0131.<\/span><\/p>\n<p class=\"MsoNormal\" style=\"margin: 0cm 0cm 0pt;\"><span style=\"font-family: Times New Roman; font-size: small;\">\u00a0<\/span><\/p>\n<p class=\"MsoNormal\" style=\"margin: 0cm 0cm 0pt;\"><strong style=\"mso-bidi-font-weight: normal;\"><span style=\"font-size: small;\"><span style=\"font-family: Times New Roman;\">Peki \u0130stanbul Eczac\u0131 Odas\u0131&#8217;n\u0131 ele\u015ftiren TEB Merkez Heyeti bu s\u00fcre\u00e7te ne yapm\u0131\u015ft\u0131?<\/span><\/span><\/strong><\/p>\n<p class=\"MsoNormal\" style=\"margin: 0cm 0cm 0pt;\"><span style=\"font-family: Times New Roman; font-size: small;\">\u00a0<\/span><\/p>\n<p class=\"MsoNormal\" style=\"margin: 0cm 0cm 0pt;\"><span style=\"font-family: Times New Roman; font-size: small;\">En ba\u015f\u0131ndan bu yana sorunlar\u0131m\u0131z ve taleplerimiz konusunda SGK&#8217;y\u0131 i\u015faret etmi\u015f ve asl\u0131nda sorunlar\u0131m\u0131z\u0131n ger\u00e7ek \u00e7\u00f6z\u00fcm yeri ve muhatab\u0131 olan Sa\u011fl\u0131k Bakanl\u0131\u011f\u0131&#8217;n\u0131 bilin\u00e7li olarak g\u00f6z ard\u0131 etmi\u015fti. Sorunlar\u0131m\u0131z\u0131n kayna\u011f\u0131n\u0131 yanl\u0131\u015f yerde aram\u0131\u015f ve s\u00fcrekli &#8220;SGK b\u00fcrokratlar\u0131&#8221;n\u0131 hedef alm\u0131\u015ft\u0131. Bu tutumunu halen de \u0131srarla s\u00fcrd\u00fcrmektedir.<\/span><\/p>\n<p class=\"MsoNormal\" style=\"margin: 0cm 0cm 0pt;\"><span style=\"font-family: Times New Roman; font-size: small;\">\u00a0<\/span><\/p>\n<p class=\"MsoNormal\" style=\"margin: 0cm 0cm 0pt;\"><span style=\"font-family: Times New Roman; font-size: small;\">Protokol feshinin ard\u0131ndan gelinen s\u00fcre\u00e7teyse, \u00f6nce Ba\u015fbakan ve \u00c7al\u0131\u015fma Bakan\u0131 istedi diye gazetelere &#8220;\u00f6z\u00fcr&#8221; i\u00e7erikli ilan vermi\u015f, bu yetmiyormu\u015f gibi Sa\u011fl\u0131k Bakan\u0131n\u0131n bask\u0131s\u0131na boyun e\u011ferek imza att\u0131\u011f\u0131 bir ortak bas\u0131n a\u00e7\u0131klamas\u0131n\u0131 internet sitesinden kald\u0131rm\u0131\u015f ve bu tutumuyla meslek \u00f6rg\u00fctleri tarihinde bir ilki ger\u00e7ekle\u015ftirerek TEB&#8217;i emir-komuta zinciri i\u00e7inde hareket eden bir \u00f6rg\u00fct haline getirmi\u015fti.<\/span><\/p>\n<p class=\"MsoNormal\" style=\"margin: 0cm 0cm 0pt;\"><span style=\"font-family: Times New Roman; font-size: small;\">\u00a0<\/span><\/p>\n<p class=\"MsoNormal\" style=\"margin: 0cm 0cm 0pt;\"><span style=\"font-family: Times New Roman; font-size: small;\">Eczac\u0131lar\u0131n di\u011fer meslek \u00f6rg\u00fctleri nezdinde sa\u011flad\u0131\u011f\u0131 g\u00fcven TEB&#8217;in bu tutumuyla \u00f6nemli \u00f6l\u00e7\u00fcde zedelenmi\u015ftir.<\/span><\/p>\n<p class=\"MsoNormal\" style=\"margin: 0cm 0cm 0pt;\"><span style=\"font-family: Times New Roman; font-size: small;\">\u00a0<\/span><\/p>\n<p class=\"MsoNormal\" style=\"margin: 0cm 0cm 0pt;\"><strong style=\"mso-bidi-font-weight: normal;\"><span style=\"font-size: small;\"><span style=\"font-family: Times New Roman;\">Bundan sonra ne yap\u0131lmas\u0131 gerekir?<\/span><\/span><\/strong><\/p>\n<p class=\"MsoNormal\" style=\"margin: 0cm 0cm 0pt;\"><span style=\"font-family: Times New Roman; font-size: small;\">\u00a0<\/span><\/p>\n<p class=\"MsoNormal\" style=\"margin: 0cm 0cm 0pt;\"><span style=\"font-family: Times New Roman; font-size: small;\">TEB Merkez Heyeti&#8217;ne yak\u0131\u015fan tutum, eczac\u0131lar\u0131n hak ve hukukunu koruyacak bir tutum ve davran\u0131\u015f\u0131n sahibi olmak ve bunu kararl\u0131l\u0131kla savunmakt\u0131r. Eczac\u0131 kamuoyunun beklentisi de bu y\u00f6ndedir.<\/span><\/p>\n<p class=\"MsoNormal\" style=\"margin: 0cm 0cm 0pt;\"><span style=\"font-family: Times New Roman; font-size: small;\">\u00a0<\/span><\/p>\n<p class=\"MsoNormal\" style=\"margin: 0cm 0cm 0pt;\"><span style=\"font-family: Times New Roman; font-size: small;\">\u0130la\u00e7 fiyat kararnamesinde eczac\u0131 k\u00e2rl\u0131l\u0131\u011f\u0131n\u0131n y\u00fckseltilmesi, stok zararlar\u0131m\u0131z\u0131n kar\u015f\u0131lanmas\u0131, kutu ba\u015f\u0131na meslek hakk\u0131 verilmesi y\u00f6n\u00fcndeki taleplerimiz h\u00e2l\u00e2 ge\u00e7erlili\u011fini korumaktad\u0131r. Bu taleplerin kar\u015f\u0131lanmas\u0131 i\u00e7in g\u00f6r\u00fc\u015f\u00fclecek kurum Sa\u011fl\u0131k Bakanl\u0131\u011f\u0131&#8217;d\u0131r. TEB sorunlar\u0131m\u0131z\u0131 SGK&#8217;yla \u00e7\u00f6zme \u00e7abas\u0131ndan bir an \u00f6nce vazge\u00e7erek Sa\u011fl\u0131k Bakanl\u0131\u011f\u0131 ile taleplerimiz do\u011frultusunda \u00e7al\u0131\u015fma yapmaya ba\u015flamal\u0131, bu taleplerimize sahip \u00e7\u0131kmal\u0131d\u0131r.<\/span><\/p>\n<p class=\"MsoNormal\" style=\"margin: 0cm 0cm 0pt;\"><span style=\"font-family: Times New Roman; font-size: small;\">\u00a0<\/span><\/p>\n<p class=\"MsoNormal\" style=\"margin: 0cm 0cm 0pt;\"><span style=\"font-family: Times New Roman; font-size: small;\">\u0130stanbul Eczac\u0131 Odas\u0131 olarak mesle\u011fimizin gelece\u011fi ve insanca ya\u015famak i\u00e7in s\u00fcrd\u00fcrd\u00fc\u011f\u00fcm\u00fcz m\u00fccadelemizi, her zeminde oldu\u011fu gibi, hukuk zemininde de s\u00fcrd\u00fcrme kararl\u0131l\u0131\u011f\u0131m\u0131z devam edecektir.<\/span><\/p>\n<p class=\"MsoNormal\" style=\"margin: 0cm 0cm 0pt;\"><span style=\"font-family: Times New Roman; font-size: small;\">\u00a0<\/span><\/p>\n<p class=\"MsoNormal\" style=\"margin: 0cm 0cm 0pt;\"><span style=\"font-family: Times New Roman; font-size: small;\">T\u00fcm eczac\u0131 kamuoyunu bu m\u00fccadeleye hep birlikte sahip \u00e7\u0131kmaya \u00e7a\u011f\u0131r\u0131yoruz.<\/span><\/p>\n<p class=\"MsoNormal\" style=\"margin: 0cm 0cm 0pt;\"><span style=\"font-family: Times New Roman; font-size: small;\">\u00a0<\/span><\/p>\n<p class=\"MsoNormal\" style=\"margin: 0cm 0cm 0pt;\"><strong style=\"mso-bidi-font-weight: normal;\"><span style=\"font-size: small;\"><span style=\"font-family: Times New Roman;\">\u0130stanbul Eczac\u0131 Odas\u0131<br \/>Y\u00f6netim Kurulu<\/span><\/span><\/strong><\/p>\n","protected":false},"excerpt":{"rendered":"<p>TEB Merkez Heyeti&#8217;nin \u00e7a\u011fr\u0131s\u0131 \u00fczerine 2. Ba\u015fkanlar Dan\u0131\u015fma Kurulu toplant\u0131s\u0131 14 Ocak 2010 tarihinde Ankara&#8217;da topland\u0131. \u00a0 \u0130lki 22 Aral\u0131k&#46;&#46;&#46;<\/p>\n","protected":false},"author":1,"featured_media":0,"comment_status":"closed","ping_status":"closed","sticky":false,"template":"","format":"standard","meta":{"_jetpack_memberships_contains_paid_content":false,"footnotes":""},"categories":[1],"tags":[],"class_list":["post-3672","post","type-post","status-publish","format-standard","hentry","category-ced"],"aioseo_notices":[],"jetpack_featured_media_url":"","jetpack_sharing_enabled":true,"jetpack-related-posts":[],"_links":{"self":[{"href":"http:\/\/www.ced.org.tr\/index.php?rest_route=\/wp\/v2\/posts\/3672","targetHints":{"allow":["GET"]}}],"collection":[{"href":"http:\/\/www.ced.org.tr\/index.php?rest_route=\/wp\/v2\/posts"}],"about":[{"href":"http:\/\/www.ced.org.tr\/index.php?rest_route=\/wp\/v2\/types\/post"}],"author":[{"embeddable":true,"href":"http:\/\/www.ced.org.tr\/index.php?rest_route=\/wp\/v2\/users\/1"}],"replies":[{"embeddable":true,"href":"http:\/\/www.ced.org.tr\/index.php?rest_route=%2Fwp%2Fv2%2Fcomments&post=3672"}],"version-history":[{"count":0,"href":"http:\/\/www.ced.org.tr\/index.php?rest_route=\/wp\/v2\/posts\/3672\/revisions"}],"wp:attachment":[{"href":"http:\/\/www.ced.org.tr\/index.php?rest_route=%2Fwp%2Fv2%2Fmedia&parent=3672"}],"wp:term":[{"taxonomy":"category","embeddable":true,"href":"http:\/\/www.ced.org.tr\/index.php?rest_route=%2Fwp%2Fv2%2Fcategories&post=3672"},{"taxonomy":"post_tag","embeddable":true,"href":"http:\/\/www.ced.org.tr\/index.php?rest_route=%2Fwp%2Fv2%2Ftags&post=3672"}],"curies":[{"name":"wp","href":"https:\/\/api.w.org\/{rel}","templated":true}]}}