{"id":3674,"date":"2010-01-18T13:42:53","date_gmt":"2010-01-18T11:42:53","guid":{"rendered":"http:\/\/www.ced.org.tr\/?p=3674"},"modified":"2010-01-18T13:42:53","modified_gmt":"2010-01-18T11:42:53","slug":"19-sali-gunu-is-gucu-birakiyoruz","status":"publish","type":"post","link":"http:\/\/www.ced.org.tr\/?p=3674","title":{"rendered":"19 SALI G\u00dcN\u00dc \u0130\u015e G\u00dcC\u00dc BIRAKIYORUZ"},"content":{"rendered":"<p class=\"MsoNormal\" style=\"margin: 0cm 0cm 0pt;\"><span style=\"font-family: Times New Roman; font-size: small;\"><img loading=\"lazy\" decoding=\"async\" src=\"images\/stories\/dernek\/1601ttb.jpg\" border=\"0\" alt=\"tabipler birli\u011fi\" width=\"189\" height=\"124\" style=\"margin: 4px; float: left; border: 0px;\" \/>Sa\u011fl\u0131k \u00e7al\u0131\u015fanlar\u0131, 19 Ocak Sal\u0131 g\u00fcn\u00fc TBMM&#8217;de g\u00f6r\u00fc\u015fmelerine devam edilecek olan &#8220;tam g\u00fcn&#8221; yasa tasar\u0131s\u0131na kar\u015f\u0131, t\u00fcm g\u00fcn eylemde olacaklar\u0131n\u0131 a\u00e7\u0131klad\u0131lar.<\/span><\/p>\n<p class=\"MsoNormal\" style=\"margin: 0cm 0cm 0pt;\">\u00a0<\/p>\n<p class=\"MsoNormal\" style=\"margin: 0cm 0cm 0pt;\">\u00a0<\/p>\n<p class=\"MsoNormal\" style=\"margin: 0cm 0cm 0pt;\">\u00a0<\/p>\n<p class=\"MsoNormal\" style=\"margin: 0cm 0cm 0pt;\">\u00a0<\/p>\n<p class=\"MsoNormal\" style=\"margin: 0cm 0cm 0pt;\">\u00a0<\/p>\n<p class=\"MsoNormal\" style=\"margin: 0cm 0cm 0pt;\">\u00a0<\/p>\n<p class=\"MsoNormal\" style=\"margin: 0cm 0cm 0pt;\">\u00a0<\/p>\n<p class=\"MsoNormal\" style=\"margin: 0cm 0cm 0pt;\"><span style=\"font-family: Times New Roman; font-size: small;\">\u00a0<\/span><\/p>\n<p class=\"MsoNormal\" style=\"text-align: center; margin: 0cm 0cm 0pt;\" align=\"center\"><strong style=\"mso-bidi-font-weight: normal;\"><span style=\"font-size: small;\"><span style=\"font-family: Times New Roman;\">Bas\u0131n A\u00e7\u0131klamas\u0131<\/span><\/span><\/strong><\/p>\n<p class=\"MsoNormal\" style=\"text-align: center; margin: 0cm 0cm 0pt;\" align=\"center\"><strong style=\"mso-bidi-font-weight: normal;\"><span style=\"font-size: small;\"><span style=\"font-family: Times New Roman;\">\u201cTAM G\u00dcN\u201d DAYATMASINA KAR\u015eI<\/span><\/span><\/strong><\/p>\n<p class=\"MsoNormal\" style=\"text-align: center; margin: 0cm 0cm 0pt;\" align=\"center\"><strong style=\"mso-bidi-font-weight: normal;\"><span style=\"font-size: small;\"><span style=\"font-family: Times New Roman;\">19 OCAK SALI T\u00dcM G\u00dcN<\/span><\/span><\/strong><\/p>\n<p class=\"MsoNormal\" style=\"text-align: center; margin: 0cm 0cm 0pt;\" align=\"center\"><strong style=\"mso-bidi-font-weight: normal;\"><span style=\"font-size: small;\"><span style=\"font-family: Times New Roman;\">\u0130\u015e\u0130M\u0130Z\u0130 G\u00dcC\u00dcM\u00dcZ\u00dc BIRAKIP EYLEMDE OLACA\u011eIZ<\/span><\/span><\/strong><\/p>\n<p class=\"MsoNormal\" style=\"margin: 0cm 0cm 0pt;\"><span style=\"font-family: Times New Roman; font-size: small;\">\u201cTam G\u00fcn\u201d Yasa Tasar\u0131s\u0131\u2019n\u0131n Meclis\u2019te g\u00f6r\u00fc\u015f\u00fclmesine 19 Ocak Sal\u0131 g\u00fcn\u00fc devam edilecek.<\/span><\/p>\n<p class=\"MsoNormal\" style=\"margin: 0cm 0cm 0pt;\"><span style=\"font-family: Times New Roman; font-size: small;\">\u00a0<\/span><\/p>\n<p class=\"MsoNormal\" style=\"margin: 0cm 0cm 0pt;\"><span style=\"font-family: Times New Roman; font-size: small;\">Bu yasa tart\u0131\u015fmalar\u0131 boyunca \u201cmuayenehaneleri kapat\u0131yoruz\u201d gibi bir slogan\u0131n arkas\u0131na gizlenen ger\u00e7ekleri bir kez daha tekrarlamak istiyoruz.<\/span><\/p>\n<p class=\"MsoNormal\" style=\"margin: 0cm 0cm 0pt;\"><span style=\"font-family: Times New Roman; font-size: small;\">\u00a0<\/span><\/p>\n<p class=\"MsoNormal\" style=\"margin: 0cm 0cm 0pt;\"><span style=\"font-family: Times New Roman; font-size: small;\">Bu Tasar\u0131;<\/span><\/p>\n<p class=\"MsoNormal\" style=\"margin: 0cm 0cm 0pt;\"><span style=\"font-family: Times New Roman; font-size: small;\">\u00a0<\/span><\/p>\n<ul style=\"margin-top: 0cm;\" type=\"disc\">\n<li class=\"MsoNormal\" style=\"margin: 0cm 0cm 0pt; mso-list: l1 level1 lfo1; tab-stops: list 36.0pt;\"><span style=\"font-family: Times New Roman; font-size: small;\">Sa\u011fl\u0131k \u00e7al\u0131\u015fanlar\u0131n\u0131n \u00fccretlerinde kal\u0131c\u0131 ve emeklili\u011fe yans\u0131yan bir d\u00fczenleme i\u00e7ermemekte,<\/span><\/li>\n<li class=\"MsoNormal\" style=\"margin: 0cm 0cm 0pt; mso-list: l1 level1 lfo1; tab-stops: list 36.0pt;\"><span style=\"font-family: Times New Roman; font-size: small;\">Halk\u0131-hastalar\u0131 hekimlere-sa\u011fl\u0131k \u00e7al\u0131\u015fanlar\u0131na kar\u015f\u0131 k\u0131\u015fk\u0131rtmakta,<\/span><\/li>\n<li class=\"MsoNormal\" style=\"margin: 0cm 0cm 0pt; mso-list: l1 level1 lfo1; tab-stops: list 36.0pt;\"><span style=\"font-family: Times New Roman; font-size: small;\">Hekim \u00fccretleriyle ilgili kamuoyuna yans\u0131t\u0131lan rakamlar hi\u00e7bir \u015fekilde ger\u00e7e\u011fi yans\u0131tmamakta,<\/span><\/li>\n<li class=\"MsoNormal\" style=\"margin: 0cm 0cm 0pt; mso-list: l1 level1 lfo1; tab-stops: list 36.0pt;\"><span style=\"font-family: Times New Roman; font-size: small;\">Sa\u011fl\u0131k \u00e7al\u0131\u015fanlar\u0131n\u0131 ge\u00e7inebilmek i\u00e7in 7 g\u00fcn 24 saat \u00e7al\u0131\u015fmaya zorlayarak hasta g\u00fcvenli\u011fini tehlikeye atmakta,<\/span><\/li>\n<li class=\"MsoNormal\" style=\"margin: 0cm 0cm 0pt; mso-list: l1 level1 lfo1; tab-stops: list 36.0pt;\"><span style=\"font-family: Times New Roman; font-size: small;\">Hekimleri \u201cdaha fazla muayene, daha fazla tetkik, daha fazla ameliyat\u201d yapmaya y\u00f6nlendirmekte,<\/span><\/li>\n<li class=\"MsoNormal\" style=\"margin: 0cm 0cm 0pt; mso-list: l1 level1 lfo1; tab-stops: list 36.0pt;\"><span style=\"font-family: Times New Roman; font-size: small;\">\u00dcniversitelerde ve e\u011fitim hastanelerinde e\u011fitimin kalitesini daha da d\u00fc\u015f\u00fcrmekte,<\/span><\/li>\n<li class=\"MsoNormal\" style=\"margin: 0cm 0cm 0pt; mso-list: l1 level1 lfo1; tab-stops: list 36.0pt;\"><span style=\"font-family: Times New Roman; font-size: small;\">Getirdi\u011fi mesleki sorumluluk sigortas\u0131yla yerli-yabanc\u0131 \u00f6zel sigorta \u015firketlerine yeni bir kazan\u00e7 kap\u0131s\u0131 a\u00e7makta,<\/span><\/li>\n<li class=\"MsoNormal\" style=\"margin: 0cm 0cm 0pt; mso-list: l1 level1 lfo1; tab-stops: list 36.0pt;\"><span style=\"font-family: Times New Roman; font-size: small;\">Radyasyonla \u00e7al\u0131\u015fan sa\u011fl\u0131k mensuplar\u0131n\u0131n haftal\u0131k mesai s\u00fcrelerini 25 saatten 35 saate \u00e7\u0131karmakta,<\/span><\/li>\n<li class=\"MsoNormal\" style=\"margin: 0cm 0cm 0pt; mso-list: l1 level1 lfo1; tab-stops: list 36.0pt;\"><span style=\"font-family: Times New Roman; font-size: small;\">K\u0131sacas\u0131; ne sa\u011fl\u0131k \u00e7al\u0131\u015fanlar\u0131, ne de hastalar i\u00e7in hi\u00e7bir olumlu d\u00fczenleme i\u00e7ermemektedir.<\/span><\/li>\n<\/ul>\n<p class=\"MsoNormal\" style=\"margin: 0cm 0cm 0pt;\"><span style=\"font-family: Times New Roman; font-size: small;\">\u00a0<\/span><\/p>\n<p class=\"MsoNormal\" style=\"margin: 0cm 0cm 0pt;\"><span style=\"font-family: Times New Roman; font-size: small;\">\u00dcstelik\u2026 Bizler biliyoruz ki;<\/span><\/p>\n<p class=\"MsoNormal\" style=\"margin: 0cm 0cm 0pt;\"><span style=\"font-family: Times New Roman; font-size: small;\">\u00a0<\/span><\/p>\n<ul style=\"margin-top: 0cm;\" type=\"disc\">\n<li class=\"MsoNormal\" style=\"margin: 0cm 0cm 0pt; mso-list: l2 level1 lfo2; tab-stops: list 36.0pt;\"><span style=\"font-family: Times New Roman; font-size: small;\">\u201cTam G\u00fcn\u201d Tasar\u0131s\u0131\u2019n\u0131 da i\u00e7eren Sa\u011fl\u0131kta D\u00f6n\u00fc\u015f\u00fcm Program\u0131\u2019n\u0131n temel hedefi sa\u011fl\u0131\u011f\u0131n ticarile\u015ftirilmesidir\/\u00f6zelle\u015ftirilmesidir,<\/span><\/li>\n<li class=\"MsoNormal\" style=\"margin: 0cm 0cm 0pt; mso-list: l2 level1 lfo2; tab-stops: list 36.0pt;\"><span style=\"font-family: Times New Roman; font-size: small;\">Sa\u011fl\u0131k hizmetleri, son yedi y\u0131lda, daha \u00f6nce hi\u00e7 olmad\u0131\u011f\u0131 kadar ticarile\u015fmi\u015f, \u00f6zelle\u015fmi\u015ftir,<\/span><\/li>\n<li class=\"MsoNormal\" style=\"margin: 0cm 0cm 0pt; mso-list: l2 level1 lfo2; tab-stops: list 36.0pt;\"><span style=\"font-family: Times New Roman; font-size: small;\">Sosyal G\u00fcvenlik Kurumu\u2019nun fonlar\u0131yla b\u00fcy\u00fcyen \u00f6zel hastane zincirleri daha \u015fimdiden yabanc\u0131 tekellere sat\u0131lmaya ba\u015flanm\u0131\u015ft\u0131r,<\/span><\/li>\n<li class=\"MsoNormal\" style=\"margin: 0cm 0cm 0pt; mso-list: l2 level1 lfo2; tab-stops: list 36.0pt;\"><span style=\"font-family: Times New Roman; font-size: small;\">H\u0131zla artan sa\u011fl\u0131k harcamalar\u0131n\u0131 kar\u015f\u0131laman\u0131n yolu vatanda\u015f\u0131n cebi olarak g\u00f6r\u00fclmeye ba\u015flanm\u0131\u015ft\u0131r, <\/span><\/li>\n<li class=\"MsoNormal\" style=\"margin: 0cm 0cm 0pt; mso-list: l2 level1 lfo2; tab-stops: list 36.0pt;\"><span style=\"font-family: Times New Roman; font-size: small;\">Vatanda\u015flar, sa\u011fl\u0131k hizmetlerine ula\u015fabilmek i\u00e7in her ge\u00e7en g\u00fcn daha fazla para \u00f6demek zorunda b\u0131rak\u0131lm\u0131\u015ft\u0131r,<\/span><\/li>\n<li class=\"MsoNormal\" style=\"margin: 0cm 0cm 0pt; mso-list: l2 level1 lfo2; tab-stops: list 36.0pt;\"><span style=\"font-family: Times New Roman; font-size: small;\">\u00d6zel hastaneler y\u0131ld\u0131zland\u0131r\u0131lm\u0131\u015f; vatanda\u015flar bizzat devlet taraf\u0131ndan \u00f6deme g\u00fc\u00e7lerine g\u00f6re s\u0131n\u0131flara ayr\u0131lm\u0131\u015ft\u0131r,<\/span><\/li>\n<li class=\"MsoNormal\" style=\"margin: 0cm 0cm 0pt; mso-list: l2 level1 lfo2; tab-stops: list 36.0pt;\"><span style=\"font-family: Times New Roman; font-size: small;\">Sa\u011fl\u0131k Bakanl\u0131\u011f\u0131 i\u015f g\u00fcvenceli istihdam yerine y\u00fcz binin \u00fczerindeki ta\u015feron \u00e7al\u0131\u015fan istihdam\u0131yla Ta\u015feron Bakanl\u0131\u011f\u0131\u2019na d\u00f6n\u00fc\u015fm\u00fc\u015f durumdad\u0131r,<\/span><\/li>\n<li class=\"MsoNormal\" style=\"margin: 0cm 0cm 0pt; mso-list: l2 level1 lfo2; tab-stops: list 36.0pt;\"><span style=\"font-family: Times New Roman; font-size: small;\">Devlet Hastaneleri\u2019nin \u00f6zelle\u015ftirilmesini hedefleyen bir di\u011fer Yasa Tasar\u0131s\u0131 da Meclis\u2019in g\u00fcndeminde beklemektedir.<\/span><\/li>\n<\/ul>\n<p class=\"MsoNormal\" style=\"margin: 0cm 0cm 0pt;\"><span style=\"font-family: Times New Roman; font-size: small;\">\u00a0<\/span><\/p>\n<p class=\"MsoNormal\" style=\"margin: 0cm 0cm 0pt;\"><span style=\"font-family: Times New Roman; font-size: small;\">Bizler mevcut \u201cTam G\u00fcn\u201d Tasar\u0131s\u0131\u2019na ba\u015f\u0131ndan itibaren kar\u015f\u0131 \u00e7\u0131kt\u0131k. Kar\u015f\u0131 \u00e7\u0131kmakla yetinmedik; kendi alternatif talep ve \u00f6nerilerimizi yetkililere defalarca ilettik.<\/span><\/p>\n<p class=\"MsoNormal\" style=\"margin: 0cm 0cm 0pt;\"><span style=\"mso-spacerun: yes;\"><span style=\"font-family: Times New Roman; font-size: small;\">\u00a0<\/span><\/span><\/p>\n<p class=\"MsoNormal\" style=\"margin: 0cm 0cm 0pt;\"><span style=\"font-family: Times New Roman; font-size: small;\">Soruyoruz: Bu yasay\u0131 destekleyen sa\u011fl\u0131k \u00e7al\u0131\u015fanlar\u0131n\u0131 temsil eden herhangi bir \u00f6rg\u00fct var m\u0131d\u0131r? <\/span><\/p>\n<p class=\"MsoNormal\" style=\"margin: 0cm 0cm 0pt;\"><span style=\"font-family: Times New Roman; font-size: small;\">\u00a0<\/span><\/p>\n<p class=\"MsoNormal\" style=\"margin: 0cm 0cm 0pt;\"><span style=\"font-family: Times New Roman; font-size: small;\">A\u00e7\u0131k ki siyasi iktidar sa\u011fl\u0131k \u00e7al\u0131\u015fanlar\u0131n\u0131n sesine kulak vermek yerine kendi program\u0131n\u0131 okumaya devam etti.<\/span><\/p>\n<p class=\"MsoNormal\" style=\"margin: 0cm 0cm 0pt;\"><span style=\"font-family: Times New Roman; font-size: small;\">\u00a0<\/span><\/p>\n<p class=\"MsoNormal\" style=\"margin: 0cm 0cm 0pt;\"><span style=\"font-family: Times New Roman; font-size: small;\">Bizler, sa\u011fl\u0131k \u00e7al\u0131\u015fanlar\u0131n\u0131n \u00f6rg\u00fctleri, bu nedenle 19 Ocak 2010 g\u00fcn\u00fc t\u00fcm g\u00fcn i\u015fimizi g\u00fcc\u00fcm\u00fcz\u00fc b\u0131rak\u0131p eylemde olaca\u011f\u0131z.<\/span><\/p>\n<p class=\"MsoNormal\" style=\"margin: 0cm 0cm 0pt;\"><span style=\"font-family: Times New Roman; font-size: small;\">\u00a0<\/span><\/p>\n<p class=\"MsoNormal\" style=\"margin: 0cm 0cm 0pt;\"><span style=\"font-size: small;\"><span style=\"font-family: Times New Roman;\"><strong style=\"mso-bidi-font-weight: normal;\">\u201c\u00dccretimiz, \u0130\u015f G\u00fcvencemiz, Meslek Onurumuz, Sa\u011fl\u0131k Hakk\u0131\u201d<\/strong> i\u00e7in yapaca\u011f\u0131m\u0131z eylemimizle ilgili olarak bilinmesini isteriz ki;<\/span><\/span><\/p>\n<p class=\"MsoNormal\" style=\"margin: 0cm 0cm 0pt;\"><span style=\"font-family: Times New Roman; font-size: small;\">\u00a0<\/span><\/p>\n<ul style=\"margin-top: 0cm;\" type=\"disc\">\n<li class=\"MsoNormal\" style=\"margin: 0cm 0cm 0pt; mso-list: l0 level1 lfo3; tab-stops: list 36.0pt;\"><span style=\"font-family: Times New Roman; font-size: small;\">Eylemimizin \u00f6ncelikli talebi mevcut Tasar\u0131\u2019n\u0131n acilen geri \u00e7ekilmesidir,<\/span><\/li>\n<\/ul>\n<p class=\"MsoNormal\" style=\"margin: 0cm 0cm 0pt;\"><span style=\"font-family: Times New Roman; font-size: small;\">\u00a0<\/span><\/p>\n<ul style=\"margin-top: 0cm;\" type=\"disc\">\n<li class=\"MsoNormal\" style=\"margin: 0cm 0cm 0pt; mso-list: l0 level1 lfo3; tab-stops: list 36.0pt;\"><span style=\"font-family: Times New Roman; font-size: small;\">Eylemimizden etkilenecek hastalar\u0131m\u0131z\u0131n herhangi bir zarar g\u00f6rmemesi i\u00e7in gerekli tedbirler al\u0131nacak, belirledi\u011fimiz kurallara s\u0131k\u0131 s\u0131k\u0131ya uyulacakt\u0131r,<\/span><\/li>\n<\/ul>\n<p class=\"MsoNormal\" style=\"margin: 0cm 0cm 0pt;\"><span style=\"font-family: Times New Roman; font-size: small;\">\u00a0<\/span><\/p>\n<ul style=\"margin-top: 0cm;\" type=\"disc\">\n<li class=\"MsoNormal\" style=\"margin: 0cm 0cm 0pt; mso-list: l0 level1 lfo3; tab-stops: list 36.0pt;\"><span style=\"font-family: Times New Roman; font-size: small;\">Eylemimiz hi\u00e7bir \u015fekilde halk\u0131m\u0131za, hastalar\u0131m\u0131za kar\u015f\u0131 de\u011fildir,<\/span><\/li>\n<\/ul>\n<p class=\"MsoNormal\" style=\"margin: 0cm 0cm 0pt;\"><span style=\"font-family: Times New Roman; font-size: small;\">\u00a0<\/span><\/p>\n<ul style=\"margin-top: 0cm;\" type=\"disc\">\n<li class=\"MsoNormal\" style=\"margin: 0cm 0cm 0pt; mso-list: l0 level1 lfo3; tab-stops: list 36.0pt;\"><span style=\"font-family: Times New Roman; font-size: small;\">Sa\u011fl\u0131k ocaklar\u0131nda 2 TL, devlet hastanelerinde 10 TL, \u00f6zel hastanelerde hem 15 TL hem de \u00fcst\u00fcne \u201cilave \u00fccret\u201d \u00f6demek zorunda kalanlar ba\u015fta olmak \u00fczere\u2026\u00a0 Uygulanan sa\u011fl\u0131k politikalar\u0131ndan zarar g\u00f6ren, ma\u011fdur olan b\u00fct\u00fcn vatanda\u015flar\u0131m\u0131z davetlimizdir,<\/span><\/li>\n<\/ul>\n<p class=\"MsoNormal\" style=\"margin: 0cm 0cm 0pt;\"><span style=\"font-family: Times New Roman; font-size: small;\">\u00a0<\/span><\/p>\n<ul style=\"margin-top: 0cm;\" type=\"disc\">\n<li class=\"MsoNormal\" style=\"margin: 0cm 0cm 0pt; mso-list: l0 level1 lfo3; tab-stops: list 36.0pt;\"><span style=\"font-family: Times New Roman; font-size: small;\">Eylemimiz, ayn\u0131 zamanda, hastalar\u0131m\u0131z\u0131n seslerini siyasi yetkililere ve kamuoyuna duyurabilmesi i\u00e7in birer \u00f6zg\u00fcr k\u00fcrs\u00fc olacakt\u0131r.<\/span><\/li>\n<\/ul>\n<p class=\"MsoNormal\" style=\"margin: 0cm 0cm 0pt;\"><span style=\"font-family: Times New Roman; font-size: small;\">\u00a0<\/span><\/p>\n<p class=\"MsoNormal\" style=\"margin: 0cm 0cm 0pt;\"><span style=\"font-family: Times New Roman; font-size: small;\">Kamuoyuna sayg\u0131lar\u0131m\u0131zla duyururuz.<\/span><\/p>\n<p class=\"MsoNormal\" style=\"margin: 0cm 0cm 0pt;\"><span style=\"font-family: Times New Roman; font-size: small;\">\u00a0<\/span><\/p>\n<p class=\"MsoNormal\" style=\"margin: 0cm 0cm 0pt;\"><span style=\"font-family: Times New Roman; font-size: small;\">\u00a0<\/span><\/p>\n<p class=\"MsoNormal\" style=\"text-align: right; margin: 0cm 0cm 0pt;\" align=\"right\"><strong style=\"mso-bidi-font-weight: normal;\"><span style=\"font-size: small;\"><span style=\"font-family: Times New Roman;\">T\u00dcRK TAB\u0130PLER\u0130 B\u0130RL\u0130\u011e\u0130<br \/>SA\u011eLIK VE SOSYAL H\u0130ZMET EMEK\u00c7\u0130LER\u0130 SEND\u0130KASI<br \/>DEVR\u0130MC\u0130 SA\u011eLIK \u0130\u015e SEND\u0130KASI<br \/>SA\u011eLIK H\u0130ZMETLER\u0130 SINIFI \u00c7ALI\u015eANLARI DERNE\u011e\u0130<br \/>SA\u011eLIK MEMURLARI DERNE\u011e\u0130<br \/>SA\u011eLIK TEKN\u0130SYEN VE TEKN\u0130KERLER\u0130 DERNE\u011e\u0130<br \/>SOSYAL H\u0130ZMET UZMANLARI DERNE\u011e\u0130<br \/>SA\u011eLIK VE SOSYAL H\u0130ZMET \u00c7ALI\u015eANLARININ S\u00d6Z\u00dc SEND\u0130KASI<br \/>T\u00dcRK MED\u0130KAL RADYO TEKNOLOJ\u0130 DERNE\u011e\u0130<br \/>TIBBI LABORATUVAR TEKN\u0130SYENLER\u0130 VE TEKN\u0130KERLER\u0130 DERNE\u011e\u0130<br \/>T\u00dcM RADYOLOJ\u0130 TEKN\u0130SYENLER\u0130 VE TEKN\u0130KERLER\u0130 DERNE\u011e\u0130<\/span><\/span><\/strong><\/p>\n","protected":false},"excerpt":{"rendered":"<p>Sa\u011fl\u0131k \u00e7al\u0131\u015fanlar\u0131, 19 Ocak Sal\u0131 g\u00fcn\u00fc TBMM&#8217;de g\u00f6r\u00fc\u015fmelerine devam edilecek olan &#8220;tam g\u00fcn&#8221; yasa tasar\u0131s\u0131na kar\u015f\u0131, t\u00fcm g\u00fcn eylemde olacaklar\u0131n\u0131&#46;&#46;&#46;<\/p>\n","protected":false},"author":1,"featured_media":0,"comment_status":"closed","ping_status":"closed","sticky":false,"template":"","format":"standard","meta":{"_jetpack_memberships_contains_paid_content":false,"footnotes":""},"categories":[1],"tags":[],"class_list":["post-3674","post","type-post","status-publish","format-standard","hentry","category-ced"],"aioseo_notices":[],"jetpack_featured_media_url":"","jetpack_sharing_enabled":true,"jetpack-related-posts":[],"_links":{"self":[{"href":"http:\/\/www.ced.org.tr\/index.php?rest_route=\/wp\/v2\/posts\/3674","targetHints":{"allow":["GET"]}}],"collection":[{"href":"http:\/\/www.ced.org.tr\/index.php?rest_route=\/wp\/v2\/posts"}],"about":[{"href":"http:\/\/www.ced.org.tr\/index.php?rest_route=\/wp\/v2\/types\/post"}],"author":[{"embeddable":true,"href":"http:\/\/www.ced.org.tr\/index.php?rest_route=\/wp\/v2\/users\/1"}],"replies":[{"embeddable":true,"href":"http:\/\/www.ced.org.tr\/index.php?rest_route=%2Fwp%2Fv2%2Fcomments&post=3674"}],"version-history":[{"count":0,"href":"http:\/\/www.ced.org.tr\/index.php?rest_route=\/wp\/v2\/posts\/3674\/revisions"}],"wp:attachment":[{"href":"http:\/\/www.ced.org.tr\/index.php?rest_route=%2Fwp%2Fv2%2Fmedia&parent=3674"}],"wp:term":[{"taxonomy":"category","embeddable":true,"href":"http:\/\/www.ced.org.tr\/index.php?rest_route=%2Fwp%2Fv2%2Fcategories&post=3674"},{"taxonomy":"post_tag","embeddable":true,"href":"http:\/\/www.ced.org.tr\/index.php?rest_route=%2Fwp%2Fv2%2Ftags&post=3674"}],"curies":[{"name":"wp","href":"https:\/\/api.w.org\/{rel}","templated":true}]}}