{"id":3676,"date":"2010-01-20T12:14:32","date_gmt":"2010-01-20T10:14:32","guid":{"rendered":"http:\/\/www.ced.org.tr\/?p=3676"},"modified":"2010-01-20T12:14:32","modified_gmt":"2010-01-20T10:14:32","slug":"bu-dava-ne-zaman-baslayacak","status":"publish","type":"post","link":"http:\/\/www.ced.org.tr\/?p=3676","title":{"rendered":"BU DAVA NE ZAMAN BASLAYACAK?"},"content":{"rendered":"<p class=\"MsoNormal\" style=\"margin: 0cm 0cm 0pt;\"><span style=\"font-family: Times New Roman; font-size: small;\"><img loading=\"lazy\" decoding=\"async\" src=\"images\/stories\/dernek\/hrantdink2010.jpg\" border=\"0\" alt=\"hrant dink\" width=\"232\" height=\"174\" style=\"border: 0; float: left; margin: 4px;\" \/>Hrant Dink\u2019in katledili\u015finin y\u0131l d\u00f6n\u00fcm\u00fcnde, kar ve ya\u011fmura ra\u011fmen gazetesi Agos\u2019un \u00f6n\u00fcnde toplananlar, bu soruyu sordu.<\/span><\/p>\n<p class=\"MsoNormal\" style=\"margin: 0cm 0cm 0pt;\"><span style=\"font-family: Times New Roman; font-size: small;\">E\u015fi, \u00e7ocuklar\u0131, arkada\u015flar\u0131, sevenleri, \u2018karde\u015flik\u2019 i\u00e7in onunla birlikte m\u00fccadele edenler Agos \u00f6n\u00fcnden b\u00f6yle seslendi, \u201cBu dava ne zaman ba\u015flayacak?\u201d 3 y\u0131l sonra ilk defa konu\u015fan Hrant\u2019\u0131n o\u011flu Arat Dink \u00f6fkeli konu\u015fmas\u0131nda \u201cMahkeme bizimle dalga m\u0131 ge\u00e7iyor?\u201d diye sordu. <\/span><\/p>\n<p class=\"MsoNormal\" style=\"margin: 0cm 0cm 0pt;\"><strong style=\"mso-bidi-font-weight: normal;\"><span style=\"font-size: small;\"><span style=\"font-family: Times New Roman;\">AYNI YERDE AYNI SAATTE<\/span><\/span><\/strong><\/p>\n<p class=\"MsoNormal\" style=\"margin: 0cm 0cm 0pt;\"><span style=\"font-family: Times New Roman; font-size: small;\">Birka\u00e7 tetik\u00e7i \u00fczerinden y\u00fcr\u00fct\u00fclen yarg\u0131lamaya tepki g\u00f6steren kalabal\u0131k, Agos Gazetesi Genel Yay\u0131n Y\u00f6netmeni Hrant Dink\u2019in vuruldu\u011fu yerde, yo\u011fun kar ya\u011f\u0131\u015f\u0131 alt\u0131nda adalet istedi, cinayetten tam 3 y\u0131l sonra.<br style=\"mso-special-character: line-break;\" \/><br style=\"mso-special-character: line-break;\" \/><\/span><\/p>\n<p class=\"MsoNormal\" style=\"margin: 0cm 0cm 0pt;\"><span style=\"font-family: Times New Roman; font-size: small;\">Hrant Dink, d\u00fcn vuruldu\u011fu yerde, vuruldu\u011fu saatte an\u0131ld\u0131. Saat 15.00\u2019te ba\u015flayan anmada, Dink\u2019in foto\u011fraflar\u0131n\u0131n as\u0131l\u0131 oldu\u011fu Agos\u2019un penceresinden \u00f6nce, Senarist ve Y\u00f6netmen S\u0131rr\u0131 S\u00fcreyya \u00d6nder seslendi arkada\u015f\u0131na: \u201cSevgili karde\u015fim Hrant. Alt\u0131na girmek i\u00e7in bir \u00f6m\u00fcr feda etti\u011fin bu Anadolu topraklar\u0131nda \u00e7ocuklara bir masal anlat\u0131l\u0131r. Kim tutmu\u015f, kim kanad\u0131n\u0131 k\u0131rm\u0131\u015f, kim yemi\u015f, herkes biliyor. Bu kanl\u0131 ziyafeti yiyenler i\u00e7in konu\u015fmaya bile de\u011fmez. Onlar cezaevinde ve mahkemede boyuna semiriyorlar. D\u00fcnyan\u0131n b\u00fct\u00fcn din ve dillerinde arkadan vuran kalle\u015ftir. \u015eerefsizdir. Pu\u015fttur.\u201d<br style=\"mso-special-character: line-break;\" \/><\/p>\n<p><font face=\"Times New Roman\" size=\"3\"><\/p>\n<p class=\"MsoNormal\" style=\"margin: 0cm 0cm 0pt;\"><br style=\"mso-special-character: line-break;\" \/><\/p>\n<p><\/font><\/span><\/p>\n<p class=\"MsoNormal\" style=\"margin: 0cm 0cm 0pt;\">\u00a0<\/p>\n<p class=\"MsoNormal\" style=\"margin: 0cm 0cm 0pt;\"><strong style=\"mso-bidi-font-weight: normal;\"><span style=\"font-size: small;\"><span style=\"font-family: Times New Roman;\">\u2018BU \u00dcLKEN\u0130N ADALET\u0130NE G\u00dcVENM\u0130YORUM\u2019<\/span><\/span><\/strong><\/p>\n<p class=\"MsoNormal\" style=\"margin: 0cm 0cm 0pt;\"><span style=\"font-family: Times New Roman; font-size: small;\">\u00d6nder\u2019in ard\u0131ndan Dink\u2019in e\u015fi Rakel Dink selamlad\u0131 kalabal\u0131\u011f\u0131: \u201cBenim ac\u0131larda akrabalar\u0131m, ho\u015f geldiniz. \u0130nad\u0131na adalet ve sevgi yolunda y\u00fcr\u00fcyece\u011fiz, inad\u0131na birlikte olaca\u011f\u0131z.\u201d<br \/>Cinayetin ard\u0131ndan ilk kez konu\u015fan Dink\u2019in o\u011flu Arat Dink, a\u011flamakl\u0131 ve sinirliydi. T\u00fcrk\u00e7e ve Ermenice \u201cHo\u015f geldiniz\u201d diyen Dink, 3 y\u0131l\u0131n ard\u0131ndan giderek derinle\u015fen karanl\u0131\u011fa \u00f6fkesini dile getirdi: \u201cBuras\u0131 tuhaf bir \u00fclke, bu \u00fclkede insan babas\u0131 \u00f6ld\u00fc\u011f\u00fcnde 3 y\u0131l sonra \u00e7\u0131k\u0131p babas\u0131na a\u011flamaya utan\u0131yor. Bu \u00fclkede 12 ya\u015f\u0131ndaki bir \u00e7ocu\u011fun bedeninden 13 devlet kur\u015funu \u00e7\u0131kabiliyor. 3 y\u0131l oldu ama \u015fu anda neredeyiz, 3 y\u0131l \u00f6nce burada babama a\u011flarken, 3 y\u0131l sonra hesap sorulacak bir 3 y\u0131l daha eklendi. Bu \u00fclkenin adaletine g\u00fcvenmiyorum. Ama sayenizde i\u00e7ime umut do\u011fdu.\u201d<br style=\"mso-special-character: line-break;\" \/><br style=\"mso-special-character: line-break;\" \/><\/span><\/p>\n<p class=\"MsoNormal\" style=\"margin: 0cm 0cm 0pt;\"><strong style=\"mso-bidi-font-weight: normal;\"><span style=\"font-size: small;\"><span style=\"font-family: Times New Roman;\">\u2018MAHKEME B\u0130Z\u0130MLE DALGA MI GE\u00c7T\u0130\u2019<\/span><\/span><\/strong><\/p>\n<p class=\"MsoNormal\" style=\"margin: 0cm 0cm 0pt;\"><span style=\"font-family: Times New Roman; font-size: small;\">\u201c3 y\u0131lda adalet ad\u0131na ne olmu\u015ftur?\u201d diye hayk\u0131ran Arat Dink, \u015f\u00f6yle devam etti: \u201cGe\u00e7en y\u0131l bas\u0131nda en fazla yer alan, 3 tetik\u00e7inin ailemizle alay edi\u015fiydi. \u015eimdi soral\u0131m, bu 3 y\u0131lda bizimle dalga ge\u00e7erken bunlar yaln\u0131zlar m\u0131yd\u0131?<br style=\"mso-special-character: line-break;\" \/><br style=\"mso-special-character: line-break;\" \/><\/span><\/p>\n<p class=\"MsoNormal\" style=\"margin: 0cm 0cm 0pt;\"><span style=\"font-family: Times New Roman; font-size: small;\">Bu \u00fclke fark\u0131nda m\u0131 3 y\u0131ld\u0131r ne oldu\u011funu, emin de\u011filim. Babam \u00f6lmeden 3 g\u00fcn \u00f6nce bir yaz\u0131 yazd\u0131. \u2018(Bana valilikte 2 istihbarat\u00e7\u0131yla birlikte haddim bildirilmeye \u00e7al\u0131\u015f\u0131ld\u0131\u2019 dedi. Mahkemeye s\u00f6yledik bunlar\u0131, valili\u011fe \u2018o iki ki\u015fi kim\u2019 diye soruldu. Ama valilik, bir bu\u00e7uk sayfa masal anlatt\u0131. \u2018O iki ki\u015fi kim\u2019, bu kadar basit bir soru. Avukatlar mahkemeye bir daha sordu tekrar yaz\u0131 yaz\u0131lmas\u0131 i\u00e7in valili\u011fe, mahkeme \u2018cevap kar\u015f\u0131lanm\u0131\u015ft\u0131r\u2019 dedi. Mahkeme bizimle dalga ge\u00e7medi mi?\u201d<br style=\"mso-special-character: line-break;\" \/><br style=\"mso-special-character: line-break;\" \/><\/span><\/p>\n<p class=\"MsoNormal\" style=\"margin: 0cm 0cm 0pt;\"><strong style=\"mso-bidi-font-weight: normal;\"><span style=\"font-size: small;\"><span style=\"font-family: Times New Roman;\">\u2018AVDIK, YEM OLMU\u015eUZ\u2019<\/span><\/span><\/strong><\/p>\n<p class=\"MsoNormal\" style=\"margin: 0cm 0cm 0pt;\"><span style=\"font-family: Times New Roman; font-size: small;\">\u201c\u015eimdi yanl\u0131\u015f bir \u015fey yapt\u0131\u011f\u0131m\u0131n fark\u0131nday\u0131m\u201d diyen Dink, devam etti: \u201cBenim bu hiddetimden \u00f6fkemden ac\u0131mdan baz\u0131lar\u0131 sonu\u00e7 \u00e7\u0131kart\u0131p cam\u0131 \u00e7er\u00e7eveyi indirmeye kalkmas\u0131n. Ben onlar\u0131 da anl\u0131yorum. Ben de d\u00fcnyan\u0131n cam\u0131n\u0131 \u00e7er\u00e7evesini indirmek istiyorum. Babam\u0131n i\u00e7eride bir b\u00fcst\u00fc var, onu k\u0131r\u0131p par\u00e7alamak istiyorum. Ben b\u00fcstleri sevmiyorum, ben insanlar\u0131 seviyorum. Ama bunu yapm\u0131yorum. Vakar\u0131m\u0131z\u0131 koruyal\u0131m. \u00c7\u00fcnk\u00fc o k\u0131r\u0131p d\u00f6kmeleri devlet y\u00f6netebiliyor, ama sizi y\u00f6netemiyor.\u201d<br \/>Kafes operasyonuna da de\u011finen Dink, o belgede t\u00fcm az\u0131nl\u0131klar ve gayrim\u00fcslimlere y\u00f6nelik suikast ve sald\u0131r\u0131 planlar\u0131n\u0131n yer ald\u0131\u011f\u0131n\u0131 vurgulad\u0131. Dink s\u00f6zlerini, \u201cBiz bu \u00fclkede 100 y\u0131l \u00f6nce 100 binlerdik. \u015eimdi binde bir bile de\u011filiz. 100 y\u0131l \u00f6nce avd\u0131k, \u015fimdi yem olmu\u015fuz\u201d diyerek bitirdi.<\/span><\/p>\n","protected":false},"excerpt":{"rendered":"<p>Hrant Dink\u2019in katledili\u015finin y\u0131l d\u00f6n\u00fcm\u00fcnde, kar ve ya\u011fmura ra\u011fmen gazetesi Agos\u2019un \u00f6n\u00fcnde toplananlar, bu soruyu sordu. E\u015fi, \u00e7ocuklar\u0131, arkada\u015flar\u0131, sevenleri,&#46;&#46;&#46;<\/p>\n","protected":false},"author":1,"featured_media":0,"comment_status":"closed","ping_status":"closed","sticky":false,"template":"","format":"standard","meta":{"_jetpack_memberships_contains_paid_content":false,"footnotes":""},"categories":[1],"tags":[],"class_list":["post-3676","post","type-post","status-publish","format-standard","hentry","category-ced"],"aioseo_notices":[],"jetpack_featured_media_url":"","jetpack_sharing_enabled":true,"jetpack-related-posts":[],"_links":{"self":[{"href":"http:\/\/www.ced.org.tr\/index.php?rest_route=\/wp\/v2\/posts\/3676","targetHints":{"allow":["GET"]}}],"collection":[{"href":"http:\/\/www.ced.org.tr\/index.php?rest_route=\/wp\/v2\/posts"}],"about":[{"href":"http:\/\/www.ced.org.tr\/index.php?rest_route=\/wp\/v2\/types\/post"}],"author":[{"embeddable":true,"href":"http:\/\/www.ced.org.tr\/index.php?rest_route=\/wp\/v2\/users\/1"}],"replies":[{"embeddable":true,"href":"http:\/\/www.ced.org.tr\/index.php?rest_route=%2Fwp%2Fv2%2Fcomments&post=3676"}],"version-history":[{"count":0,"href":"http:\/\/www.ced.org.tr\/index.php?rest_route=\/wp\/v2\/posts\/3676\/revisions"}],"wp:attachment":[{"href":"http:\/\/www.ced.org.tr\/index.php?rest_route=%2Fwp%2Fv2%2Fmedia&parent=3676"}],"wp:term":[{"taxonomy":"category","embeddable":true,"href":"http:\/\/www.ced.org.tr\/index.php?rest_route=%2Fwp%2Fv2%2Fcategories&post=3676"},{"taxonomy":"post_tag","embeddable":true,"href":"http:\/\/www.ced.org.tr\/index.php?rest_route=%2Fwp%2Fv2%2Ftags&post=3676"}],"curies":[{"name":"wp","href":"https:\/\/api.w.org\/{rel}","templated":true}]}}