{"id":3677,"date":"2010-01-25T12:44:33","date_gmt":"2010-01-25T10:44:33","guid":{"rendered":"http:\/\/www.ced.org.tr\/?p=3677"},"modified":"2010-01-25T12:44:33","modified_gmt":"2010-01-25T10:44:33","slug":"sifirin-altinda-ekmek-kavgasi","status":"publish","type":"post","link":"http:\/\/www.ced.org.tr\/?p=3677","title":{"rendered":"S\u0131f\u0131r\u0131n alt\u0131nda ekmek kavgas\u0131"},"content":{"rendered":"<p class=\"MsoNormal\" style=\"margin: 0cm 0cm 0pt;\"><span style=\"font-family: Times New Roman; font-size: small;\"><img loading=\"lazy\" decoding=\"async\" src=\"images\/stories\/dernek\/tekeliscisi.jpg\" border=\"0\" alt=\"tekel i\u015fcisi\" width=\"270\" height=\"180\" style=\"margin: 4px; float: left; border: black 4px solid;\" \/>Ankara&#8217;n\u0131n ayaz\u0131nda 41 g\u00fcnd\u00fcr eylem yapan, kimi zaman polisten dayak yiyen, kimi zaman da Ba\u015fbakan&#8217;dan azar i\u015fiten Tekel i\u015f\u00e7ileri haklar\u0131n\u0131 alana kadar Ankara&#8217;da kalacaklar\u0131n\u0131 s\u00f6yl\u00fcyor.<\/span><\/p>\n<p class=\"MsoNormal\" style=\"margin: 0cm 0cm 0pt;\"><span style=\"font-family: Times New Roman; font-size: small;\">\u00a0<\/span><\/p>\n<p class=\"MsoNormal\" style=\"margin: 0cm 0cm 0pt;\"><span style=\"font-family: Times New Roman; font-size: small;\">Derme \u00e7atma \u00e7ad\u0131rlarda, yere a\u00e7\u0131lan yataklarda ve oldukca zor ko\u015fullarda m\u00fccadeleyi s\u00fcrd\u00fcren i\u015f\u00e7iler, \u201c\u00d6lmek var d\u00f6nmek yok.<\/span><\/p>\n<p class=\"MsoNormal\" style=\"margin: 0cm 0cm 0pt;\"><span style=\"font-family: Times New Roman; font-size: small;\">\u00a0<\/span><\/p>\n<p class=\"MsoNormal\" style=\"margin: 0cm 0cm 0pt;\"><span style=\"font-family: Times New Roman; font-size: small;\">Hakk\u0131m\u0131z\u0131 al\u0131ncaya kadar kesinlikle direni\u015fi b\u0131rakmayaca\u011f\u0131z.<\/span><\/p>\n<p class=\"MsoNormal\" style=\"margin: 0cm 0cm 0pt;\"><span style=\"font-family: Times New Roman; font-size: small;\">\u00a0<\/span><\/p>\n<p class=\"MsoNormal\" style=\"margin: 0cm 0cm 0pt;\"><span style=\"font-family: Times New Roman; font-size: small;\">Tekel i\u015f\u00e7isi so\u011fuktan donuyor, betonda yat\u0131yor ama d\u00f6nm\u00fcyor.<\/span><\/p>\n","protected":false},"excerpt":{"rendered":"<p>Ankara&#8217;n\u0131n ayaz\u0131nda 41 g\u00fcnd\u00fcr eylem yapan, kimi zaman polisten dayak yiyen, kimi zaman da Ba\u015fbakan&#8217;dan azar i\u015fiten Tekel i\u015f\u00e7ileri haklar\u0131n\u0131&#46;&#46;&#46;<\/p>\n","protected":false},"author":1,"featured_media":0,"comment_status":"closed","ping_status":"closed","sticky":false,"template":"","format":"standard","meta":{"_jetpack_memberships_contains_paid_content":false,"footnotes":""},"categories":[1],"tags":[],"class_list":["post-3677","post","type-post","status-publish","format-standard","hentry","category-ced"],"aioseo_notices":[],"jetpack_featured_media_url":"","jetpack_sharing_enabled":true,"jetpack-related-posts":[],"_links":{"self":[{"href":"http:\/\/www.ced.org.tr\/index.php?rest_route=\/wp\/v2\/posts\/3677","targetHints":{"allow":["GET"]}}],"collection":[{"href":"http:\/\/www.ced.org.tr\/index.php?rest_route=\/wp\/v2\/posts"}],"about":[{"href":"http:\/\/www.ced.org.tr\/index.php?rest_route=\/wp\/v2\/types\/post"}],"author":[{"embeddable":true,"href":"http:\/\/www.ced.org.tr\/index.php?rest_route=\/wp\/v2\/users\/1"}],"replies":[{"embeddable":true,"href":"http:\/\/www.ced.org.tr\/index.php?rest_route=%2Fwp%2Fv2%2Fcomments&post=3677"}],"version-history":[{"count":0,"href":"http:\/\/www.ced.org.tr\/index.php?rest_route=\/wp\/v2\/posts\/3677\/revisions"}],"wp:attachment":[{"href":"http:\/\/www.ced.org.tr\/index.php?rest_route=%2Fwp%2Fv2%2Fmedia&parent=3677"}],"wp:term":[{"taxonomy":"category","embeddable":true,"href":"http:\/\/www.ced.org.tr\/index.php?rest_route=%2Fwp%2Fv2%2Fcategories&post=3677"},{"taxonomy":"post_tag","embeddable":true,"href":"http:\/\/www.ced.org.tr\/index.php?rest_route=%2Fwp%2Fv2%2Ftags&post=3677"}],"curies":[{"name":"wp","href":"https:\/\/api.w.org\/{rel}","templated":true}]}}