{"id":3678,"date":"2010-01-29T11:08:28","date_gmt":"2010-01-29T09:08:28","guid":{"rendered":"http:\/\/www.ced.org.tr\/?p=3678"},"modified":"2010-01-29T11:08:28","modified_gmt":"2010-01-29T09:08:28","slug":"fiyat-etiketi-olmayan-ilaclar-yasal-mi","status":"publish","type":"post","link":"http:\/\/www.ced.org.tr\/?p=3678","title":{"rendered":"F\u0130YAT ET\u0130KET\u0130 OLMAYAN \u0130LA\u00c7LAR YASAL MI?"},"content":{"rendered":"<p class=\"MsoNormal\" style=\"margin: 0cm 0cm 0pt;\"><span style=\"font-family: Times New Roman; font-size: small;\">Son d\u00f6nemde \u00fczerinde fiyat etiketi olmayan ila\u00e7lar\u0131n piyasaya verildi\u011fi ve \u0130la\u00e7 Eczac\u0131l\u0131k Genel M\u00fcd\u00fcr\u00fcn\u00fcn yasay\u0131 kendince yorumlayarak buna cevaz verdi\u011fi ilgili kurumun internet sitesinden sorulara verdi\u011fi yan\u0131tlardan anla\u015f\u0131l\u0131yor. \u0130la\u00e7 Takip Sisteminin \u00f6n\u00fcn\u00fc a\u00e7maya d\u00f6n\u00fck bu uygulama ile 1262 say\u0131l\u0131 \u0130spen\u00e7iyari ve T\u0131bbi M\u00fcstahzarlar Yasas\u0131\u2019n\u0131n a\u00e7\u0131k\u00e7a ihlal edildi\u011fi g\u00f6r\u00fclmektedir! S\u00f6z konusu yasan\u0131n 12.maddesi: \u2019M\u00fcstahzarlar\u0131n d\u0131\u015f ambalaj k\u0131s\u0131mlar\u0131 \u00fczerinde ve ambalaj i\u00e7indeki tarifnamelerde a\u00e7\u0131k ve T\u00fcrk\u00e7e olarak ruhsat sahibinin ve yap\u0131ld\u0131\u011f\u0131 laboratuar\u0131n ad\u0131 ve adresi, ruhsat numaras\u0131 ve ilac\u0131n nas\u0131l kullan\u0131laca\u011f\u0131 ve fiyat\u0131 yaz\u0131l\u0131 olacak\u2026\u2019diyor. \u0130lgili yasa ila\u00e7 kutusu \u00fczerinde fiyat\u0131n\u0131n olaca\u011f\u0131n\u0131 yoruma yer b\u0131rakmayacak \u015fekilde a\u00e7\u0131k\u00e7a belirtiyor. \u0130la\u00e7 ve Eczac\u0131l\u0131k Genel M\u00fcd\u00fcrl\u00fc\u011f\u00fc\u2019n\u00fcn \u2018\u00fcreticilerin fiyat<span style=\"mso-spacerun: yes;\">\u00a0 <\/span>koymas\u0131 gibi bir d\u00fczenleme hi\u00e7bir yerde bulunmamaktad\u0131r\u2019 tezi yasayla a\u00e7\u0131k\u00e7a \u00e7eli\u015fmektedir.\u0130la\u00e7lar\u0131n fiyatlar\u0131; ilac\u0131n \u00fcretildi\u011fi yer,ruhsat sahibi ve ruhsat numaras\u0131 ile birlikte yap\u0131lacak bir i\u015flemdir ve sorumlulu\u011fu da ila\u00e7 firmalar\u0131na aittir.\u0130la\u00e7 firmalar\u0131 \u00fczerinde fiyat etiketi olmayan ila\u00e7lar\u0131 1262 say\u0131l\u0131 yasaya ra\u011fmen piyasaya sunamazlar,verilirse yasa ihlal edilmi\u015f olur.!<\/span><\/p>\n<p class=\"MsoNormal\" style=\"margin: 0cm 0cm 0pt;\"><span style=\"font-family: Times New Roman; font-size: small;\">\u00a0<\/span><\/p>\n<p class=\"MsoNormal\" style=\"margin: 0cm 0cm 0pt;\"><span style=\"font-family: Times New Roman; font-size: small;\">Fiyat etiketleri ile bir ba\u011flay\u0131c\u0131 h\u00fck\u00fcm TEB ile SGK aras\u0131nda yap\u0131lan protokolde yer almaktad\u0131r. Protokole g\u00f6re Sosyal G\u00fcvenlik Kurumu\u2019na g\u00f6nderilen re\u00e7etelerde ila\u00e7 barkodlar\u0131 ile birlikte fiyat etiketleri de yer alacakt\u0131r. Fiyat etiketsiz re\u00e7eteler bu protokol\u00fcn ihlali anlam\u0131na gelmiyor mu?<\/span><\/p>\n<p class=\"MsoNormal\" style=\"margin: 0cm 0cm 0pt;\"><span style=\"font-family: Times New Roman; font-size: small;\">\u00a0<\/span><\/p>\n<p class=\"MsoNormal\" style=\"margin: 0cm 0cm 0pt;\"><span style=\"font-family: Times New Roman; font-size: small;\">1262 say\u0131l\u0131 yasaya ve protokol h\u00fck\u00fcmlerine ayk\u0131r\u0131 olmas\u0131na kar\u015f\u0131n TEB \u2019nin sessizli\u011fi izaha muhta\u00e7 bir durum!<\/span><\/p>\n","protected":false},"excerpt":{"rendered":"<p>Son d\u00f6nemde \u00fczerinde fiyat etiketi olmayan ila\u00e7lar\u0131n piyasaya verildi\u011fi ve \u0130la\u00e7 Eczac\u0131l\u0131k Genel M\u00fcd\u00fcr\u00fcn\u00fcn yasay\u0131 kendince yorumlayarak buna cevaz verdi\u011fi&#46;&#46;&#46;<\/p>\n","protected":false},"author":1,"featured_media":0,"comment_status":"closed","ping_status":"closed","sticky":false,"template":"","format":"standard","meta":{"_jetpack_memberships_contains_paid_content":false,"footnotes":""},"categories":[1],"tags":[],"class_list":["post-3678","post","type-post","status-publish","format-standard","hentry","category-ced"],"aioseo_notices":[],"jetpack_featured_media_url":"","jetpack_sharing_enabled":true,"jetpack-related-posts":[],"_links":{"self":[{"href":"http:\/\/www.ced.org.tr\/index.php?rest_route=\/wp\/v2\/posts\/3678","targetHints":{"allow":["GET"]}}],"collection":[{"href":"http:\/\/www.ced.org.tr\/index.php?rest_route=\/wp\/v2\/posts"}],"about":[{"href":"http:\/\/www.ced.org.tr\/index.php?rest_route=\/wp\/v2\/types\/post"}],"author":[{"embeddable":true,"href":"http:\/\/www.ced.org.tr\/index.php?rest_route=\/wp\/v2\/users\/1"}],"replies":[{"embeddable":true,"href":"http:\/\/www.ced.org.tr\/index.php?rest_route=%2Fwp%2Fv2%2Fcomments&post=3678"}],"version-history":[{"count":0,"href":"http:\/\/www.ced.org.tr\/index.php?rest_route=\/wp\/v2\/posts\/3678\/revisions"}],"wp:attachment":[{"href":"http:\/\/www.ced.org.tr\/index.php?rest_route=%2Fwp%2Fv2%2Fmedia&parent=3678"}],"wp:term":[{"taxonomy":"category","embeddable":true,"href":"http:\/\/www.ced.org.tr\/index.php?rest_route=%2Fwp%2Fv2%2Fcategories&post=3678"},{"taxonomy":"post_tag","embeddable":true,"href":"http:\/\/www.ced.org.tr\/index.php?rest_route=%2Fwp%2Fv2%2Ftags&post=3678"}],"curies":[{"name":"wp","href":"https:\/\/api.w.org\/{rel}","templated":true}]}}