{"id":3679,"date":"2010-01-30T14:21:47","date_gmt":"2010-01-30T12:21:47","guid":{"rendered":"http:\/\/www.ced.org.tr\/?p=3679"},"modified":"2010-01-30T14:21:47","modified_gmt":"2010-01-30T12:21:47","slug":"tebden-yapilan-ilac-takip-sistemi-ve-karekodlu-urunler-hakkinda-cok-onemli-duyuru","status":"publish","type":"post","link":"http:\/\/www.ced.org.tr\/?p=3679","title":{"rendered":"TEB&#8217;DEN YAPILAN; \u0130LA\u00c7 TAK\u0130P S\u0130STEM\u0130 VE KAREKODLU \u00dcR\u00dcNLER HAKKINDA \u00c7OK \u00d6NEML\u0130 DUYURU"},"content":{"rendered":"<p class=\"MsoNormal\" style=\"margin: 0cm 0cm 0pt;\"><span style=\"font-size: small;\"><span style=\"font-family: Times New Roman;\">Bilindi\u011fi gibi, karekod sisteminin gerekli teknik altyap\u0131 haz\u0131rl\u0131klar\u0131n\u0131n tamamlanmadan y\u00fcr\u00fcrl\u00fc\u011fe girmesinin, eczane uygulamalar\u0131 ve Kurum uygulamalar\u0131 a\u00e7\u0131s\u0131ndan sorunlar ya\u015fanmas\u0131na neden olaca\u011f\u0131 Merkez Heyetimiz taraf\u0131ndan, Sosyal G\u00fcvenlik\u00a0 Kurumu Ba\u015fkanl\u0131\u011f\u0131 ve Sa\u011fl\u0131k Bakanl\u0131\u011f\u0131 \u0130la\u00e7 ve Eczac\u0131l\u0131k Genel M\u00fcd\u00fcrl\u00fc\u011f\u00fc ile yap\u0131lan \u00e7e\u015fitli g\u00f6r\u00fc\u015fmelerde aktar\u0131lm\u0131\u015f ve erteleme taleplerimiz sonucunda, Sa\u011fl\u0131k Bakanl\u0131\u011f\u0131 taraf\u0131ndan 30\/05\/2009 tarihli 27243 say\u0131l\u0131 ve 30\/09\/2009 tarihli 27362 say\u0131l\u0131 Resmi Gazetelerde yay\u0131mlanan Be\u015feri T\u0131bbi \u00dcr\u00fcnler Ambalaj ve Etiketleme Y\u00f6netmeli\u011fi\u2019nde yap\u0131lan de\u011fi\u015fiklikler ile karekod uygulamas\u0131n\u0131n ba\u015flang\u0131\u00e7 tarihi 01.01.2010\u2019a ertelenmi\u015fti.<\/span><\/span><\/p>\n<p><span style=\"font-size: small;\"><span style=\"font-family: Times New Roman;\"><\/p>\n<p class=\"MsoNormal\" style=\"margin: 0cm 0cm 0pt;\">\u00a0<\/p>\n<p><\/span><\/span><span style=\"font-family: Times New Roman; font-size: small;\">Daha sonra \u0130TS ve karekod uygulamalar\u0131 ile ilgili olarak T\u00fcrk Eczac\u0131lar\u0131 Birli\u011fi, SB \u0130la\u00e7 ve Eczac\u0131l\u0131k Genel M\u00fcd\u00fcrl\u00fc\u011f\u00fc ve Sosyal G\u00fcvenlik Kurumu Ba\u015fkanl\u0131\u011f\u0131 aras\u0131nda <strong style=\"mso-bidi-font-weight: normal;\">\u201c\u0130TS kapsam\u0131nda karekod uygulamas\u0131na ge\u00e7i\u015fe ili\u015fkin Pilot Eczane Uygulamas\u0131 Protokol\u00fc\u201d<\/strong> t\u00fcm taraflarca imzalanarak 01.07.2009 tarihinde y\u00fcr\u00fcrl\u00fc\u011fe girmi\u015ftir.<\/span><\/p>\n<p class=\"MsoNormal\" style=\"margin: 0cm 0cm 0pt;\"><span style=\"font-family: Times New Roman; font-size: small;\">\u00a0<\/span><\/p>\n<p class=\"MsoNormal\" style=\"margin: 0cm 0cm 0pt;\"><span style=\"font-family: Times New Roman; font-size: small;\">\u201cPilot Eczane Uygulamas\u0131 Protokol\u00fc\u201dn\u00fcn 4.maddesinin son paragraf\u0131nda \u201c\u2026Pilot eczaneler d\u0131\u015f\u0131ndaki eczanelerin ve herhangi bir nedenle karekodlu ila\u00e7 temin edemeyen pilot eczanelerin re\u00e7ete kar\u015f\u0131lama, faturalama ve bunlar\u0131n SGK taraf\u0131ndan geri \u00f6demeleri y\u00fcr\u00fcrl\u00fckteki mevcut protokollere g\u00f6re eskisi gibi s\u00fcrd\u00fcr\u00fclecektir. <strong style=\"mso-bidi-font-weight: normal;\">Pilot uygulama yeterince izlenip, sistemin yeterince sorunsuz i\u015fledi\u011fine taraflar\u0131n mutabakat\u0131 ile kanaat getirildikten sonra pilot uygulama sonland\u0131r\u0131lacak, TEB taraf\u0131ndan Bakanl\u0131\u011f\u0131n \u0130la\u00e7 ve Eczac\u0131l\u0131k Genel M\u00fcd\u00fcrl\u00fc\u011f\u00fc\u2019ne 12\/06\/2009 tarih 36.B.01.005845 say\u0131l\u0131 yaz\u0131s\u0131 ile (Ek-2) bildirilmi\u015f olan taleplere ili\u015fkin Bakanl\u0131k ve TEB\u2019in mutabakat\u0131n\u0131 takiben y\u00fcr\u00fcrl\u00fckteki protokoller taraflarca revize edilerek t\u00fcm eczaneler i\u00e7in uygulama ba\u015flat\u0131labilecektir\u201d<\/strong> h\u00fckm\u00fc yer almaktad\u0131r.<\/span><\/p>\n<p class=\"MsoNormal\" style=\"margin: 0cm 0cm 0pt;\"><span style=\"font-family: Times New Roman; font-size: small;\">\u00a0<\/span><\/p>\n<p class=\"MsoNormal\" style=\"margin: 0cm 0cm 0pt;\"><span style=\"font-family: Times New Roman; font-size: small;\">Ancak, 31.12.2009 tarihinde Sa\u011fl\u0131k Bakanl\u0131\u011f\u0131 \u0130la\u00e7 ve Eczac\u0131l\u0131k Genel M\u00fcd\u00fcrl\u00fc\u011f\u00fc taraf\u0131ndan resmi web sitelerinde (<\/span><a href=\"http:\/\/www.iegm.gov.tr\/\"><span style=\"font-family: Times New Roman; font-size: small;\">www.iegm.gov.tr<\/span><\/a><span style=\"font-size: small;\"><span style=\"font-family: Times New Roman;\">) 2009\/84 say\u0131l\u0131 ve \u201c\u0130la\u00e7 Takip Sisteminin Uygulanmas\u0131\u201d konulu bir Genelge yay\u0131mlanm\u0131\u015ft\u0131r. Bu genelgede, \u201cPilot Eczane Uygulamas\u0131 Protokol\u00fc\u201d ile imza alt\u0131na al\u0131nan \u015fartlara ayk\u0131r\u0131 bir bi\u00e7imde, Birli\u011fimizin hi\u00e7bir \u015fekilde mutabakat\u0131 bulunmad\u0131\u011f\u0131 halde, pilot uygulaman\u0131n sonland\u0131r\u0131ld\u0131\u011f\u0131 ve \u00fclke genelinde 01.01.2010 tarihinden itibaren \u0130la\u00e7 Takip Sistemine ge\u00e7ilece\u011fi \u015feklinde a\u00e7\u0131klama yap\u0131lm\u0131\u015ft\u0131r.<\/span><\/span><\/p>\n<p class=\"MsoNormal\" style=\"margin: 0cm 0cm 0pt;\"><span style=\"font-family: Times New Roman; font-size: small;\">Sosyal G\u00fcvenlik Kurumu Ba\u015fkanl\u0131\u011f\u0131 taraf\u0131ndan, 29.01.2010 tarihinde, 2010\/11 say\u0131l\u0131, \u0130la\u00e7 Takip Sistemi ile karekodlu \u00fcr\u00fcnlerin bedellerinin \u00f6denmesi konulu bir Genelge yay\u0131mlanm\u0131\u015ft\u0131r. <\/span><\/p>\n<p class=\"MsoNormal\" style=\"margin: 0cm 0cm 0pt;\"><span style=\"font-family: Times New Roman; font-size: small;\">\u00a0<\/span><\/p>\n<p class=\"MsoNormal\" style=\"margin: 0cm 0cm 0pt;\"><span style=\"font-size: small;\"><span style=\"font-family: Times New Roman;\">Bu Genelgede; \u0130la\u00e7 Takip Sistemi ve karekod uygulamalar\u0131 ile ilgili olarak Sa\u011fl\u0131k Bakanl\u0131\u011f\u0131nca Y\u00f6netmelikle yap\u0131lan d\u00fczenlemelere a\u00e7\u0131klay\u0131c\u0131 olarak 31\/12\/2009 tarihinde yay\u0131mlanan \u201c\u0130la\u00e7 Takip Sisteminin Uygulanmas\u0131\u201d konulu 2009\/84 say\u0131l\u0131 Genelgede yer alan:<\/span><\/span><\/p>\n<p class=\"MsoNormal\" style=\"margin: 0cm 0cm 0pt;\"><span style=\"font-family: Times New Roman; font-size: small;\">\u00a0<\/span><\/p>\n<ul style=\"margin-top: 0cm;\" type=\"disc\">\n<li class=\"MsoNormal\" style=\"margin: 0cm 0cm 0pt; mso-list: l1 level1 lfo1; tab-stops: list 36.0pt;\"><span style=\"font-size: small;\"><span style=\"font-family: Times New Roman;\">\u201c\u2026 \u00fcr\u00fcnlerde karekodun konulma mecburiyeti 01 Ocak 2010 tarihi olarak belirlenmi\u015ftir. Bu tarihten itibaren \u2018\u00fcretilen\u2019 t\u00fcm \u00fcr\u00fcnlere karekod konulacakt\u0131r. \u0130thal \u00fcr\u00fcnlerin de \u00fcretim tarihleri 2010 i\u00e7inde ise karekod mutlaka konulacakt\u0131r \u2026\u201d <\/span><\/span><\/li>\n<li class=\"MsoNormal\" style=\"margin: 0cm 0cm 0pt; mso-list: l1 level1 lfo1; tab-stops: list 36.0pt;\"><span style=\"font-size: small;\"><span style=\"font-family: Times New Roman;\">\u201c\u2026 Eczaneler karekodlu ila\u00e7lar\u0131n sat\u0131\u015f\u0131 esnas\u0131nda mutlaka \u0130la\u00e7 Takip Sistemi\u2019ne sat\u0131\u015f bildirimi yapacaklard\u0131r. \u2026\u201d<\/span><\/span><\/li>\n<li class=\"MsoNormal\" style=\"margin: 0cm 0cm 0pt; mso-list: l1 level1 lfo1; tab-stops: list 36.0pt;\"><span style=\"font-size: small;\"><span style=\"font-family: Times New Roman;\">\u201c\u2026 Geri \u00f6deme kurumlar\u0131n\u0131n 01 Ocak 2010 tarihinden itibaren ila\u00e7 \u00f6demelerinde karekodlu ila\u00e7lar\u0131 \u0130la\u00e7 Takip Sistemi\u2019nden kontrol etmeleri gerekmektedir\u201d<\/span><\/span><\/li>\n<\/ul>\n<p class=\"MsoNormal\" style=\"margin: 0cm 0cm 0pt;\"><span style=\"font-family: Times New Roman; font-size: small;\">\u00a0<\/span><\/p>\n<p class=\"MsoNormal\" style=\"margin: 0cm 0cm 0pt;\"><span style=\"font-size: small;\"><span style=\"font-family: Times New Roman;\">h\u00fck\u00fcmleri gere\u011fince,\u00a0 Sosyal G\u00fcvenlik Kurumunun bedelini \u00f6deyece\u011fi ila\u00e7lar\u0131 \u0130la\u00e7 Takip Sistemi \u00fczerinden kontrol etme zorunlulu\u011funun do\u011fdu\u011fu, bu kapsamda, Kurum taraf\u0131ndan 03\/07\/2009 tarihli ve 27277 say\u0131l\u0131 Resmi Gazetede yay\u0131mlanan \u201cSosyal G\u00fcvenlik Kurumlar\u0131 Harcama Belgeleri Y\u00f6netmeli\u011finde De\u011fi\u015fiklik Yap\u0131lmas\u0131na Dair Y\u00f6netmelik\u201d ile karekodlu \u00fcr\u00fcnlerin \u00f6denmesi i\u00e7in re\u00e7ete ekine barkod ve kup\u00fcr yap\u0131\u015ft\u0131r\u0131lmas\u0131 zorunlulu\u011funun kald\u0131r\u0131ld\u0131\u011f\u0131 ifade edilmektedir. <\/span><\/span><\/p>\n<p class=\"MsoNormal\" style=\"margin: 0cm 0cm 0pt;\"><span style=\"font-family: Times New Roman; font-size: small;\">\u00a0<\/span><\/p>\n<p class=\"MsoNormal\" style=\"margin: 0cm 0cm 0pt;\"><span style=\"font-size: small;\"><span style=\"font-family: Times New Roman;\">2010\/11 Say\u0131l\u0131 Genelge ile s\u00f6z konusu ila\u00e7lar\u0131n bedellerinin \u00f6denmesinde Sa\u011fl\u0131k Bakanl\u0131\u011f\u0131 \u0130la\u00e7 ve Eczac\u0131l\u0131k Genel M\u00fcd\u00fcrl\u00fc\u011f\u00fcn\u00fcn \u201c\u0130la\u00e7 Takip Sisteminin Uygulanmas\u0131\u201d konulu 2009\/84 say\u0131l\u0131 Genelgesinde belirtilen \u015fekilde \u0130la\u00e7 Takip Sistemine yap\u0131lacak \u00fcretim ya da ithalat, sat\u0131\u015f, iade, ihracat ve deaktivasyon bildirimlerinin esas al\u0131naca\u011f\u0131 bildirilmektedir. Buna g\u00f6re, \u0130la\u00e7 Takip Sistemi kapsam\u0131nda \u00fcretilen \u00fcr\u00fcnlerin Sa\u011fl\u0131k Bakanl\u0131\u011f\u0131 \u0130la\u00e7 Takip Sistemine kaydedilerek Kuruma faturaland\u0131r\u0131lma i\u015flemlerinde uyulacak usul ve esaslar ile <strong style=\"mso-bidi-font-weight: normal;\">karekodlu \u00fcr\u00fcnlerin \u0130TS\u2019den onay al\u0131narak Kuruma faturaland\u0131r\u0131lmas\u0131 ile ilgili esaslar duyurularak, Genelgenin 29.01.2010 tarihinden itibaren y\u00fcr\u00fcrl\u00fc\u011fe girdi\u011fi bildirilmi\u015ftir.<\/strong><\/span><\/span><\/p>\n<p class=\"MsoNormal\" style=\"margin: 0cm 0cm 0pt;\"><span style=\"font-family: Times New Roman; font-size: small;\">\u00a0<\/span><\/p>\n<p class=\"MsoNormal\" style=\"margin: 0cm 0cm 0pt;\"><span style=\"font-family: Times New Roman; font-size: small;\">Ancak SGK\u2019n\u0131n yay\u0131mlad\u0131\u011f\u0131 Genelge, Birli\u011fimiz ile SGK aras\u0131nda 19.01.2009 tarihinde imzalanm\u0131\u015f olan \u201cSOSYAL G\u00dcVENL\u0130K KURUMU KAPSAMINDAK\u0130 K\u0130\u015e\u0130LER\u0130N T\u00dcRK ECZACILARI B\u0130RL\u0130\u011e\u0130 \u00dcYES\u0130 ECZANELERDEN \u0130LA\u00c7 TEM\u0130N\u0130NE \u0130L\u0130\u015eK\u0130N PROTOKOL\u201d\u2019e ayk\u0131r\u0131 h\u00fck\u00fcmler ta\u015f\u0131maktad\u0131r. \u015e\u00f6yle ki, Protokol\u00fcn;<\/span><\/p>\n<p class=\"MsoNormal\" style=\"margin: 0cm 0cm 0pt;\"><span style=\"font-family: Times New Roman; font-size: small;\">\u00a0<\/span><\/p>\n<p class=\"MsoNormal\" style=\"margin: 0cm 0cm 0pt;\"><strong style=\"mso-bidi-font-weight: normal;\"><span style=\"font-size: small;\"><span style=\"font-family: Times New Roman;\">3.2.5inci maddesinde: \u201cVerilen ila\u00e7lar\u0131n tamam\u0131na ait kup\u00fcr ve barkod diyagramlar\u0131 re\u00e7eteye d\u00fc\u015fmeyecek \u015fekilde eklenecektir\u201d, <\/span><\/span><\/strong><\/p>\n<p class=\"MsoNormal\" style=\"margin: 0cm 0cm 0pt;\"><strong style=\"mso-bidi-font-weight: normal;\"><span style=\"font-family: Times New Roman; font-size: small;\">\u00a0<\/span><\/strong><\/p>\n<p class=\"MsoNormal\" style=\"margin: 0cm 0cm 0pt;\"><strong style=\"mso-bidi-font-weight: normal;\"><span style=\"font-size: small;\"><span style=\"font-family: Times New Roman;\">3.2.6nc\u0131 maddesinde \u201c Fiyat kup\u00fcr\u00fc ve barkodu bulunmayan ila\u00e7lar\u0131n bedeli \u00f6denmez\u2026\u201d h\u00fckm\u00fc yer almaktad\u0131r. <\/span><\/span><\/strong><\/p>\n<p class=\"MsoNormal\" style=\"margin: 0cm 0cm 0pt;\"><span style=\"font-family: Times New Roman; font-size: small;\">\u00a0<\/span><\/p>\n<p class=\"MsoNormal\" style=\"margin: 0cm 0cm 0pt;\"><span style=\"font-size: small;\"><span style=\"font-family: Times New Roman;\">Protokol\u00fcn fesih h\u00fck\u00fcmlerini i\u00e7eren 6.3.4\u00fcnc\u00fc maddesinde ise <strong style=\"mso-bidi-font-weight: normal;\">\u201cRe\u00e7etelere orijinal ambalaj\u0131ndan kesilmi\u015f ila\u00e7 fiyat kup\u00fcrleri ve barkodu yerine ila\u00e7 kutusunun her hangi bir yerinden ila\u00e7 ismi ta\u015f\u0131yan k\u0131s\u0131mlar\u0131n\u0131n re\u00e7etede kup\u00fcr yerine kullan\u0131larak Kuruma fatura edilmesi durumunun ilk tespitinde kup\u00fcr tutar\u0131n\u0131n 5 kat\u0131 tutar\u0131nda cezai \u015fart uygulanarak eczac\u0131 yaz\u0131l\u0131 olarak uyar\u0131l\u0131r, tekrar\u0131 halinde kup\u00fcr tutar\u0131n\u0131n 5 kat\u0131 tutar\u0131nda cezai \u015fart uygulanarak s\u00f6zle\u015fme feshedilir ve 6 (alt\u0131) ay s\u00fcre ile s\u00f6zle\u015fme yap\u0131lmaz\u201d denilmektedir. <\/strong><\/span><\/span><\/p>\n<p class=\"MsoNormal\" style=\"margin: 0cm 0cm 0pt;\"><strong style=\"mso-bidi-font-weight: normal;\"><span style=\"font-family: Times New Roman; font-size: small;\">\u00a0<\/span><\/strong><\/p>\n<p class=\"MsoNormal\" style=\"margin: 0cm 0cm 0pt;\"><span style=\"font-size: small;\"><span style=\"font-family: Times New Roman;\">Ayr\u0131ca, Protokol\u00fcn 7.6 nc\u0131 maddesinde <strong style=\"mso-bidi-font-weight: normal;\">\u201cProtokol h\u00fck\u00fcmleri ancak taraflar\u0131n mutabakat\u0131 ile de\u011fi\u015ftirilebilir\u201d<\/strong> h\u00fckm\u00fc yer almaktad\u0131r. <\/span><\/span><\/p>\n<p class=\"MsoNormal\" style=\"margin: 0cm 0cm 0pt;\"><span style=\"font-family: Times New Roman; font-size: small;\">\u00a0<\/span><\/p>\n<p class=\"MsoNormal\" style=\"margin: 0cm 0cm 0pt;\"><strong style=\"mso-bidi-font-weight: normal;\"><span style=\"font-size: small;\"><span style=\"font-family: Times New Roman;\">Bu nedenle, Birli\u011fimiz taraf\u0131ndan, \u0130la\u00e7 Takip Sistemi ve karekod uygulamalar\u0131 ile ilgili olarak gerekli mutabakat\u0131n sa\u011fland\u0131\u011f\u0131na ili\u015fkin duyurunun yap\u0131laca\u011f\u0131 tarihe kadar; <\/span><\/span><\/strong><\/p>\n<p class=\"MsoNormal\" style=\"margin: 0cm 0cm 0pt;\"><span style=\"font-family: Times New Roman; font-size: small;\">\u00a0<\/span><\/p>\n<ol style=\"margin-top: 0cm;\" type=\"1\">\n<li class=\"MsoNormal\" style=\"margin: 0cm 0cm 0pt; mso-list: l0 level1 lfo2; tab-stops: list 36.0pt;\"><span style=\"font-family: Times New Roman; font-size: small;\">Ambalaj\u0131nda sadece karekod bulunan ve\/veya \u00fczerinde kup\u00fcr ve etiketi i\u00e7ermeyen ila\u00e7lar\u0131n eczanelere kesinlikle kabul edilmemesi, <br style=\"mso-special-character: line-break;\" \/><\/span><\/li>\n<li class=\"MsoNormal\" style=\"margin: 0cm 0cm 0pt; mso-list: l0 level1 lfo2; tab-stops: list 36.0pt;\"><span style=\"font-family: Times New Roman; font-size: small;\">Bu \u015fekilde gelmi\u015f olan ila\u00e7lar var ise, bu ila\u00e7lar\u0131n derhal ilgili ecza deposuna iade edilmesi, <br style=\"mso-special-character: line-break;\" \/><br style=\"mso-special-character: line-break;\" \/><\/span><\/li>\n<li class=\"MsoNormal\" style=\"margin: 0cm 0cm 0pt; mso-list: l0 level1 lfo2; tab-stops: list 36.0pt;\"><span style=\"font-size: small;\"><span style=\"font-family: Times New Roman;\">Firman\u0131n ilgili ilac\u0131 sadece \u201ckarekodlu\u201d olarak \u00fcretti\u011fi bilgisi mevcut ise, bu durumda, kup\u00fcr ve etiket i\u00e7eren muadillerinin temin edilerek, hastalar\u0131n ma\u011fdur edilmemesi <br \/>konular\u0131nda bilgilerinizi ve \u00fcyelerinize ivedi olarak gerekli bilgilendirmenin yap\u0131lmas\u0131n\u0131 rica ederim. <\/span><\/span><\/li>\n<\/ol>\n<p class=\"MsoNormal\" style=\"margin: 0cm 0cm 0pt;\"><span style=\"font-family: Times New Roman; font-size: small;\">\u00a0<\/span><\/p>\n<p class=\"MsoNormal\" style=\"margin: 0cm 0cm 0pt;\"><span style=\"font-family: Times New Roman; font-size: small;\">\u00a0<\/span><\/p>\n<p class=\"MsoNormal\" style=\"margin: 0cm 0cm 0pt;\"><span style=\"font-family: Times New Roman; font-size: small;\">\u00a0<\/span><\/p>\n<p class=\"MsoNormal\" style=\"margin: 0cm 0cm 0pt;\"><span style=\"font-size: small;\"><span style=\"font-family: Times New Roman;\">Sayg\u0131lar\u0131mla, <br \/>Ecz.\u00d6zg\u00fcr \u00d6ZEL <br \/>Genel Sekreter<\/span><\/span><\/p>\n","protected":false},"excerpt":{"rendered":"<p>Bilindi\u011fi gibi, karekod sisteminin gerekli teknik altyap\u0131 haz\u0131rl\u0131klar\u0131n\u0131n tamamlanmadan y\u00fcr\u00fcrl\u00fc\u011fe girmesinin, eczane uygulamalar\u0131 ve Kurum uygulamalar\u0131 a\u00e7\u0131s\u0131ndan sorunlar ya\u015fanmas\u0131na neden&#46;&#46;&#46;<\/p>\n","protected":false},"author":1,"featured_media":0,"comment_status":"closed","ping_status":"closed","sticky":false,"template":"","format":"standard","meta":{"_jetpack_memberships_contains_paid_content":false,"footnotes":""},"categories":[1],"tags":[],"class_list":["post-3679","post","type-post","status-publish","format-standard","hentry","category-ced"],"aioseo_notices":[],"jetpack_featured_media_url":"","jetpack_sharing_enabled":true,"jetpack-related-posts":[],"_links":{"self":[{"href":"http:\/\/www.ced.org.tr\/index.php?rest_route=\/wp\/v2\/posts\/3679","targetHints":{"allow":["GET"]}}],"collection":[{"href":"http:\/\/www.ced.org.tr\/index.php?rest_route=\/wp\/v2\/posts"}],"about":[{"href":"http:\/\/www.ced.org.tr\/index.php?rest_route=\/wp\/v2\/types\/post"}],"author":[{"embeddable":true,"href":"http:\/\/www.ced.org.tr\/index.php?rest_route=\/wp\/v2\/users\/1"}],"replies":[{"embeddable":true,"href":"http:\/\/www.ced.org.tr\/index.php?rest_route=%2Fwp%2Fv2%2Fcomments&post=3679"}],"version-history":[{"count":0,"href":"http:\/\/www.ced.org.tr\/index.php?rest_route=\/wp\/v2\/posts\/3679\/revisions"}],"wp:attachment":[{"href":"http:\/\/www.ced.org.tr\/index.php?rest_route=%2Fwp%2Fv2%2Fmedia&parent=3679"}],"wp:term":[{"taxonomy":"category","embeddable":true,"href":"http:\/\/www.ced.org.tr\/index.php?rest_route=%2Fwp%2Fv2%2Fcategories&post=3679"},{"taxonomy":"post_tag","embeddable":true,"href":"http:\/\/www.ced.org.tr\/index.php?rest_route=%2Fwp%2Fv2%2Ftags&post=3679"}],"curies":[{"name":"wp","href":"https:\/\/api.w.org\/{rel}","templated":true}]}}