{"id":3681,"date":"2010-02-03T08:23:07","date_gmt":"2010-02-03T06:23:07","guid":{"rendered":"http:\/\/www.ced.org.tr\/?p=3681"},"modified":"2010-02-03T08:23:07","modified_gmt":"2010-02-03T06:23:07","slug":"tekel-iscisi-yarin-uretimden-gelen-gucunu-kullanacak","status":"publish","type":"post","link":"http:\/\/www.ced.org.tr\/?p=3681","title":{"rendered":"TEKEL \u0130\u015e\u00c7\u0130S\u0130 YARIN &#8216;\u00dcRET\u0130MDEN GELEN G\u00dcC\u00dcN\u00dc&#8217; KULLANACAK"},"content":{"rendered":"<p class=\"MsoNormal\" style=\"text-align: center; margin: 0cm 0cm 0pt;\"><span style=\"font-family: Times New Roman; font-size: small;\"><img loading=\"lazy\" decoding=\"async\" src=\"images\/stories\/dernek\/tekeliscisi1gunlukgrev.jpg\" border=\"0\" alt=\"tekel i\u015f\u00e7isi grevde\" width=\"510\" height=\"340\" style=\"margin: 4px; border: 0px;\" \/><\/span><\/p>\n<p class=\"MsoNormal\" style=\"margin: 0cm 0cm 0pt;\">\u00a0<\/p>\n<p class=\"MsoNormal\" style=\"margin: 0cm 0cm 0pt;\"><span style=\"font-family: Times New Roman; font-size: small;\">Tekel i\u015f\u00e7ilerinin 4-C kadrosuna kar\u015f\u0131 direni\u015finin 50. g\u00fcn\u00fcnde h\u00fck\u00fcmet ile T\u00fcrk-\u0130\u015f aras\u0131nda s\u00fcren pazarl\u0131klar olumsuz sonu\u00e7land\u0131. Uzla\u015fmazl\u0131k \u00fczerine toplanan i\u015f\u00e7i ve memur sendikalar\u0131 konfederasyonlar\u0131, yar\u0131n sabah 08:00 ak\u015fam 17:00 aras\u0131nda T\u00fcrkiye genelinde i\u015f b\u0131rakma karar\u0131 ald\u0131. Baz\u0131 Tekel i\u015f\u00e7ileri de bireysel olarak a\u00e7l\u0131k grevine ba\u015flad\u0131. <\/p>\n<p>Toplant\u0131 2.5 saat s\u00fcrd\u00fc<\/span><\/p>\n<p class=\"MsoNormal\" style=\"margin: 0cm 0cm 0pt;\"><span style=\"font-size: small;\"><span style=\"font-family: Times New Roman;\"><span style=\"mso-spacerun: yes;\">\u00a0<\/span><br \/>H\u00fck\u00fcmet ile oturulan pazarl\u0131k masas\u0131nda kesin bir sonu\u00e7 \u00e7\u0131kmamas\u0131 \u00fczerine d\u00fcn KESK, T\u00fcrkiye Kamu-Sen, D\u0130SK, Memur-Sen ve Hak-\u0130\u015f olmak \u00fczere i\u015f\u00e7i ve memur sendika konfederasyonlar\u0131n\u0131n y\u00f6neticileri T\u00fcrk-\u0130\u015f ba\u015fkanl\u0131\u011f\u0131nda bir araya gelerek, yol haritas\u0131n\u0131 \u00e7izdi. Yakla\u015f\u0131k iki bu\u00e7uk saat s\u00fcren toplant\u0131n\u0131n ard\u0131ndan bug\u00fcn yap\u0131lmas\u0131 planlanan i\u015f b\u0131rakma eyleminin yar\u0131n ger\u00e7ekle\u015ftirilmesi kararla\u015ft\u0131r\u0131ld\u0131. <\/p>\n<p><span style=\"font-size: small;\"><span style=\"font-family: Times New Roman;\"><\/p>\n<p class=\"MsoNormal\" style=\"margin: 0cm 0cm 0pt;\">\u2018Haz\u0131rl\u0131k s\u00fcreci\u2019<\/p>\n<p class=\"MsoNormal\" style=\"margin: 0cm 0cm 0pt;\">\u00a0<\/p>\n<p><\/span><\/span><\/span><\/span><br \/><span style=\"font-family: Times New Roman; font-size: small;\">Toplant\u0131n\u0131n ard\u0131ndan bas\u0131n a\u00e7\u0131klamas\u0131 yapan T\u00fcrk-\u0130\u015f Ba\u015fkan\u0131 Mustafa Kumlu, bu bir g\u00fcnl\u00fck ertelemeyi haz\u0131rl\u0131k s\u00fcreci olarak nitelendirirken, ekonomi kulislerinde bu erteleme \u2018h\u00fck\u00fcmete s\u00fcre verildi\u2019 yorumlar\u0131na neden oldu. T\u00fcrk-\u0130\u015f Ba\u015fkan\u0131 Mustafa Kumlu, h\u00fck\u00fcmetle anla\u015fma sa\u011flanamad\u0131\u011f\u0131n\u0131 an\u0131msatarak, konfederasyonlar\u0131n yar\u0131n \u2018genel grev\u2019 de\u011fil dokuz saatlik \u2018i\u015f b\u0131rakma\u2019 karar\u0131 ald\u0131klar\u0131n\u0131 a\u00e7\u0131klad\u0131. <\/span><\/p>\n<p class=\"MsoNormal\" style=\"margin: 0cm 0cm 0pt;\"><span style=\"font-family: Times New Roman; font-size: small;\">Yapacaklar\u0131 eylemleri \u2018\u00fcretimden g\u00fcc\u00fc durdurma\u2019 olarak nitelendiren Kumlu, \u015funlar\u0131 s\u00f6yledi: <br \/>\u201c4-C stat\u00fcn\u00fcn belli bir noktaya gelmesini benimsiyoruz. Dayan\u0131\u015fma m\u00fccadelesinde bunun \u00f6rnekleri var. Seka \u00f6rne\u011finin yap\u0131ld\u0131\u011f\u0131 gibi bu i\u015f\u00e7ilerin \u0130zmit B\u00fcy\u00fck\u015fehir Belediyesi\u2019ne devri gibi bir ba\u015fka kamu kurum ve kurulu\u015flar\u0131na devredilmesi olabilir. Bir t\u00fcrl\u00fc h\u00fck\u00fcmeti 4-C\u2019nin d\u0131\u015f\u0131na kapsam olarak \u00e7\u0131kartamad\u0131k. Biz netice olarak d\u00fcn tekrar uyu\u015fmazl\u0131k ile durumu de\u011ferlendirdik. Bug\u00fcn yapaca\u011f\u0131m\u0131z \u00fcretimden gelen g\u00fcc\u00fcm\u00fcz\u00fc durdurma eylemini yar\u0131n olarak kararla\u015ft\u0131rd\u0131k. Zaman olarak yar\u0131n yap\u0131lmas\u0131n\u0131n daha uygun oldu\u011funu d\u00fc\u015f\u00fcnd\u00fck\u201d diye konu\u015ftu. <br \/>Ayr\u0131ca Kumlu, yar\u0131n ger\u00e7ekle\u015ftirilecek eylemin de\u011ferlendirmesinin 5 \u015eubat\u2019ta KESK binas\u0131nda yap\u0131laca\u011f\u0131n\u0131 belirtti. Ba\u015fkan Kumlu, \u201cYar\u0131n \u00fcretimden gelen g\u00fcc\u00fc kulland\u0131ktan sonra konfederasyonlarla de\u011ferlendirece\u011fiz\u201d a\u00e7\u0131klamas\u0131nda bulundu. <\/p>\n<p>\u2018Diyalogdan yanay\u0131z\u2019 <\/span><\/p>\n<p class=\"MsoNormal\" style=\"margin: 0cm 0cm 0pt;\"><span style=\"font-family: Times New Roman; font-size: small;\">Mustafa Kumlu, i\u015f b\u0131rakma eyleminin neden bir g\u00fcn \u00f6telendi\u011fine ili\u015fkin soruya \u201cBiz her zaman masa ba\u015f\u0131nda bu i\u015fin bitirilmesi konusunda diyalogdan yana oldu\u011fumuzu her f\u0131rsatta s\u00f6yl\u00fcyoruz\u201d yan\u0131t\u0131n\u0131 verdi. <\/span><\/p>\n<p class=\"MsoNormal\" style=\"margin: 0cm 0cm 0pt;\"><span style=\"font-family: Times New Roman; font-size: small;\">Kumlu, \u2018genel grev\u2019 olarak nitelendirilmesinden dolay\u0131 serzeni\u015fte bulunurken, herkesin \u00fcretimden gelen g\u00fcc\u00fc en etkili \u015fekilde g\u00f6sterece\u011fini dile getirdi. <\/p>\n<p>28 ki\u015fi s\u00f6zle\u015fme imzalad\u0131 <\/span><\/p>\n<p class=\"MsoNormal\" style=\"margin: 0cm 0cm 0pt;\"><span style=\"font-family: Times New Roman; font-size: small;\">Ba\u015fbakan Tayyip Erdo\u011fan\u2019\u0131n T\u00fcrk-\u0130\u015f \u00f6n\u00fcndeki eyleme 1 ayl\u0131k s\u00fcre tan\u0131d\u0131\u011f\u0131 aksi takdirde m\u00fcdahale edilece\u011fi s\u00f6z\u00fcn\u00fcn an\u0131msat\u0131lmas\u0131 \u00fczerine Kumlu, \u201cO bizim i\u015fimiz de\u011fil. O h\u00fck\u00fcmetin meselesi\u201d diye yan\u0131tlad\u0131. <\/span><\/p>\n<p class=\"MsoNormal\" style=\"margin: 0cm 0cm 0pt;\"><span style=\"font-family: Times New Roman; font-size: small;\">Bu arada i\u015f akdi feshedilen 8 bin 364 Tekel i\u015f\u00e7isinden sadece 28\u2019inin 4-C s\u00f6zle\u015fmesini imzalad\u0131\u011f\u0131 belirtildi.<\/span><\/p>\n","protected":false},"excerpt":{"rendered":"<p>\u00a0 Tekel i\u015f\u00e7ilerinin 4-C kadrosuna kar\u015f\u0131 direni\u015finin 50. g\u00fcn\u00fcnde h\u00fck\u00fcmet ile T\u00fcrk-\u0130\u015f aras\u0131nda s\u00fcren pazarl\u0131klar olumsuz sonu\u00e7land\u0131. Uzla\u015fmazl\u0131k \u00fczerine toplanan&#46;&#46;&#46;<\/p>\n","protected":false},"author":1,"featured_media":0,"comment_status":"closed","ping_status":"closed","sticky":false,"template":"","format":"standard","meta":{"_jetpack_memberships_contains_paid_content":false,"footnotes":""},"categories":[1],"tags":[],"class_list":["post-3681","post","type-post","status-publish","format-standard","hentry","category-ced"],"aioseo_notices":[],"jetpack_featured_media_url":"","jetpack_sharing_enabled":true,"jetpack-related-posts":[],"_links":{"self":[{"href":"http:\/\/www.ced.org.tr\/index.php?rest_route=\/wp\/v2\/posts\/3681","targetHints":{"allow":["GET"]}}],"collection":[{"href":"http:\/\/www.ced.org.tr\/index.php?rest_route=\/wp\/v2\/posts"}],"about":[{"href":"http:\/\/www.ced.org.tr\/index.php?rest_route=\/wp\/v2\/types\/post"}],"author":[{"embeddable":true,"href":"http:\/\/www.ced.org.tr\/index.php?rest_route=\/wp\/v2\/users\/1"}],"replies":[{"embeddable":true,"href":"http:\/\/www.ced.org.tr\/index.php?rest_route=%2Fwp%2Fv2%2Fcomments&post=3681"}],"version-history":[{"count":0,"href":"http:\/\/www.ced.org.tr\/index.php?rest_route=\/wp\/v2\/posts\/3681\/revisions"}],"wp:attachment":[{"href":"http:\/\/www.ced.org.tr\/index.php?rest_route=%2Fwp%2Fv2%2Fmedia&parent=3681"}],"wp:term":[{"taxonomy":"category","embeddable":true,"href":"http:\/\/www.ced.org.tr\/index.php?rest_route=%2Fwp%2Fv2%2Fcategories&post=3681"},{"taxonomy":"post_tag","embeddable":true,"href":"http:\/\/www.ced.org.tr\/index.php?rest_route=%2Fwp%2Fv2%2Ftags&post=3681"}],"curies":[{"name":"wp","href":"https:\/\/api.w.org\/{rel}","templated":true}]}}