{"id":3682,"date":"2010-02-04T12:42:02","date_gmt":"2010-02-04T10:42:02","guid":{"rendered":"http:\/\/www.ced.org.tr\/?p=3682"},"modified":"2010-02-04T12:42:02","modified_gmt":"2010-02-04T10:42:02","slug":"sgknin-112010-sayili-its-uygulamalarina-ait-genelgeye-iliskin-uyarilar","status":"publish","type":"post","link":"http:\/\/www.ced.org.tr\/?p=3682","title":{"rendered":"SGK\u2019NIN 11\/2010 SAYILI ITS UYGULAMALARINA A\u0130T GENELGEYE \u0130L\u0130\u015eK\u0130N UYARILAR"},"content":{"rendered":"<p class=\"MsoNormal\" style=\"margin: 0cm 0cm 0pt;\"><span style=\"font-family: Times New Roman; font-size: small;\">Son d\u00f6nemde sa\u011fl\u0131k ve sosyal g\u00fcvenlik sisteminin \u00fcretti\u011fi krizleri y\u00f6netmek temel u\u011fra\u015f\u0131lar\u0131m\u0131zdan biri haline geldi.Her kriz yeni bir krizi tetikliyor.!<span style=\"mso-spacerun: yes;\">\u00a0 <\/span>Bu kaos ortam\u0131nda k\u00fcresel sistemin \u00fcretti\u011fi genel krizi hep birlikte d\u00fc\u015f\u00fcnmek, de\u011ferlendirmek de pek m\u00fcmk\u00fcn olmuyor.<\/span><\/p>\n<p class=\"MsoNormal\" style=\"margin: 0cm 0cm 0pt;\"><span style=\"font-family: Times New Roman; font-size: small;\">\u00a0<\/span><\/p>\n<p class=\"MsoNormal\" style=\"margin: 0cm 0cm 0pt;\"><span style=\"font-family: Times New Roman; font-size: small;\">G\u00fcndemde \u0130TS krizi var. Sahte ilac\u0131 olmayan bir \u00fclkede, sahte ilac\u0131 takip sistemi dayatmas\u0131 ile kar\u015f\u0131 kar\u015f\u0131yay\u0131z! Ne pahas\u0131na? Ciddi bir altyap\u0131 yat\u0131r\u0131m\u0131na, onbinlercesi S.O.S. veren eczanelerin varl\u0131\u011f\u0131na ra\u011fmen! Ve hangi toplumsal ve sosyal amaca hizmet etti\u011fini bilmedi\u011fimiz bir sistem i\u00e7in\u2026<\/span><\/p>\n<p><span style=\"font-family: Times New Roman; font-size: small;\"><\/p>\n<p><span style=\"font-family: Times New Roman; font-size: small;\"><\/p>\n<p class=\"MsoNormal\" style=\"margin: 0cm 0cm 0pt;\">\u00a0<\/p>\n<p><\/span><\/span><span style=\"font-family: Times New Roman; font-size: small;\">Bu yal\u0131n ger\u00e7e\u011fe ra\u011fmen Sa\u011fl\u0131k ve sosyal g\u00fcvenlik otoriteleri, \u0130la\u00e7 Takip Sistemine ili\u015fkin fiili bir durum yaratma \u00e7abas\u0131 i\u00e7indeler! Yay\u0131nlanan genelge ve tebli\u011flerle bu fiil durum yasalla\u015ft\u0131r\u0131lmak isteniyor. Bu duruma izin vermemek bizlerin ellerinde\u2026<\/span><\/p>\n<p class=\"MsoNormal\" style=\"margin: 0cm 0cm 0pt;\"><span style=\"font-family: Times New Roman; font-size: small;\">\u00a0<\/span><\/p>\n<p class=\"MsoNormal\" style=\"margin: 0cm 0cm 0pt;\"><span style=\"font-family: Times New Roman; font-size: small;\">1262 say\u0131l\u0131 yasaya ve 2009 y\u0131l\u0131 ila\u00e7 al\u0131m protokol\u00fcne ayk\u0131r\u0131 genelgeleri dikkatle takip etmeli ve bir oldubittiye izin vermemeliyiz!<\/span><\/p>\n<p class=\"MsoNormal\" style=\"margin: 0cm 0cm 0pt;\"><span style=\"font-family: Times New Roman; font-size: small;\">\u00a0<\/span><\/p>\n<p class=\"MsoNormal\" style=\"margin: 0cm 0cm 0pt;\"><span style=\"font-family: Times New Roman; font-size: small;\">SGK\u2019n\u0131n 11\/2010 say\u0131l\u0131 \u0130TS uygulamalar\u0131na ait genelgesi uygulamada ekonomik hak kay\u0131plar\u0131na yol a\u00e7acak sorunlu bir genelge, bu nedenle genelgeye ili\u015fkin kimi uyar\u0131lar\u0131 meslekta\u015flar\u0131m\u0131zla payla\u015fmak istedik.<\/span><\/p>\n<p class=\"MsoNormal\" style=\"margin: 0cm 0cm 0pt;\">\u00a0<\/p>\n<p class=\"MsoNormal\" style=\"margin: 0cm 0cm 0pt;\">\u00a0<\/p>\n<p class=\"MsoNormal\" style=\"margin: 0cm 0cm 0pt;\"><strong style=\"mso-bidi-font-weight: normal;\"><span style=\"font-size: 14pt;\"><span style=\"font-family: Times New Roman;\">Genelgenin 2 numaral\u0131 ba\u015fl\u0131\u011f\u0131na ait: <\/span><\/span><\/strong><\/p>\n<p class=\"MsoNormal\" style=\"margin: 0cm 0cm 0pt;\"><span style=\"font-family: Times New Roman; font-size: small;\">\u00a0<\/span><\/p>\n<p class=\"MsoNormal\" style=\"margin: 0cm 0cm 0pt;\"><strong style=\"mso-bidi-font-weight: normal;\"><span style=\"font-size: small;\"><span style=\"font-family: Times New Roman;\">2: Uygulanacak Usul ve Esaslar <span style=\"mso-spacerun: yes;\">\u00a0<\/span><\/span><\/span><\/strong><\/p>\n<p class=\"MsoNormal\" style=\"margin: 0cm 0cm 0pt;\"><strong style=\"mso-bidi-font-weight: normal;\"><span style=\"font-family: Times New Roman; font-size: small;\">\u00a0<\/span><\/strong><\/p>\n<p class=\"MsoNormal\" style=\"margin: 0cm 0cm 0pt;\"><span style=\"font-size: small;\"><span style=\"font-family: Times New Roman;\"><strong style=\"mso-bidi-font-weight: normal;\">2.1 <span style=\"mso-spacerun: yes;\">\u00a0<\/span><\/strong>\u00dcretim tarihi 01.01.2010 \u00f6ncesi ila\u00e7larda; sadece kutuya bas\u0131l\u0131 fiyat kup\u00fcr\u00fc ve barkod kesilerek re\u00e7eteye eklenecektir. ( 31.12.2010 tarihine kadar) <\/span><\/span><\/p>\n<p class=\"MsoNormal\" style=\"margin: 0cm 0cm 0pt;\"><span style=\"font-family: Times New Roman; font-size: small;\">\u00a0<\/span><\/p>\n<p class=\"MsoNormal\" style=\"margin: 0cm 0cm 0pt;\"><span style=\"font-size: small;\"><span style=\"font-family: Times New Roman;\"><strong style=\"mso-bidi-font-weight: normal;\">2.2 <span style=\"mso-spacerun: yes;\">\u00a0<\/span><\/strong>\u00dcretim tarihi 01.01.2010 \u00f6ncesi ila\u00e7larda; kutuya bas\u0131l\u0131 fiyat kup\u00fcr\u00fc olmay\u0131p karekod bas\u0131lmak \u00fczere tasarlanm\u0131\u015f ancak karekod bas\u0131lmam\u0131\u015f, firma taraf\u0131ndan sonradan yap\u0131\u015ft\u0131r\u0131lan firma s\u00fcr\u015farj\u0131 \/ etiketi ve barkod kesilerek re\u00e7eteye eklenecektir. ( 01.04.2010 tarihine kadar) <\/span><\/span><\/p>\n<p class=\"MsoNormal\" style=\"margin: 0cm 0cm 0pt;\"><strong style=\"mso-bidi-font-weight: normal;\"><span style=\"font-family: Times New Roman; font-size: small;\">\u00a0<\/span><\/strong><\/p>\n<p class=\"MsoNormal\" style=\"margin: 0cm 0cm 0pt;\"><span style=\"font-size: small;\"><span style=\"font-family: Times New Roman;\"><strong style=\"mso-bidi-font-weight: normal;\">2.3 <\/strong>\u00dcretim tarihi 01.01.2010 \u00f6ncesi ila\u00e7larda; kutu \u00fczerinde karekod varsa ve bas\u0131l\u0131 fiyat kup\u00fcr\u00fcnde <strong style=\"mso-bidi-font-weight: normal;\">karekodludur <\/strong>ibaresi yer alm\u0131yorsa karekod, bas\u0131l\u0131 fiyat kup\u00fcr\u00fc yada bas\u0131l\u0131 fiyat ve barkod birlikte kesilip re\u00e7eteye eklenecektir. (31.12.2010 tarihine kadar) <\/span><\/span><\/p>\n<p class=\"MsoNormal\" style=\"margin: 0cm 0cm 0pt;\"><span style=\"font-family: Times New Roman; font-size: small;\">\u00a0<\/span><\/p>\n<p class=\"MsoNormal\" style=\"margin: 0cm 0cm 0pt;\"><span style=\"font-size: small;\"><span style=\"font-family: Times New Roman;\"><strong style=\"mso-bidi-font-weight: normal;\">2.4 <span style=\"mso-spacerun: yes;\">\u00a0<\/span><\/strong>2009 \u2013 2010 tarihleri aras\u0131nda \u00fcretilmi\u015f ila\u00e7larda; karekodlu olanlarda bas\u0131l\u0131 fiyat kup\u00fcr\u00fc <strong style=\"mso-bidi-font-weight: normal;\">karekodludur<\/strong> ibaresi ile iptal edildi\u011fi i\u00e7in bu grup ila\u00e7ta bas\u0131l\u0131 fiyat kup\u00fcr\u00fc yada bas\u0131l\u0131 fiyat <span style=\"mso-spacerun: yes;\">\u00a0<\/span>( <strong style=\"mso-bidi-font-weight: normal;\">karekodludur<\/strong>) karekod ve <span style=\"mso-spacerun: yes;\">\u00a0<\/span>barkod (zorunlu de\u011fil) kesilerek re\u00e7eteye eklenecektir. ( 01.04.2010 tarihine kadar)<\/span><\/span><\/p>\n<p class=\"MsoNormal\" style=\"margin: 0cm 0cm 0pt;\"><span style=\"font-family: Times New Roman; font-size: small;\">\u00a0<\/span><\/p>\n<p class=\"MsoNormal\" style=\"margin: 0cm 0cm 0pt;\"><span style=\"font-size: small;\"><span style=\"font-family: Times New Roman;\"><strong style=\"mso-bidi-font-weight: normal;\">2.5 <span style=\"mso-spacerun: yes;\">\u00a0<\/span><\/strong>\u00dcretim tarihi 15.01.2010 sonras\u0131 ila\u00e7larda; bas\u0131l\u0131 fiyat kup\u00fcr\u00fc \u00fczerinde <strong style=\"mso-bidi-font-weight: normal;\">ITS kayd\u0131 yap\u0131lm\u0131\u015ft\u0131r <\/strong>veya k\u0131saca <strong style=\"mso-bidi-font-weight: normal;\">ITS <\/strong>ibaresi yer almaktad\u0131r. ITS onay\u0131 gereken bu grup ila\u00e7lar al\u0131n\u0131p sat\u0131lmayacak ve depolardan bu \u015fekilde gelen ila\u00e7lar iade edilecektir. <\/span><\/span><\/p>\n<p class=\"MsoNormal\" style=\"margin: 0cm 0cm 0pt;\"><span style=\"font-family: Times New Roman; font-size: small;\">\u00a0<\/span><\/p>\n<p class=\"MsoNormal\" style=\"margin: 0cm 0cm 0pt;\"><span style=\"font-family: Times New Roman; font-size: small;\">\u00a0<\/span><\/p>\n<p class=\"MsoNormal\" style=\"margin: 0cm 0cm 0pt;\"><span style=\"font-family: Times New Roman; font-size: small;\">\u00a0<\/span><\/p>\n<p class=\"MsoNormal\" style=\"margin: 0cm 0cm 0pt;\"><strong style=\"mso-bidi-font-weight: normal;\"><span style=\"text-decoration: underline;\"><span style=\"font-size: small;\"><span style=\"font-family: Times New Roman;\">\u00d6NEML\u0130 UYARI: <\/span><\/span><\/span><\/strong><\/p>\n<p class=\"MsoNormal\" style=\"margin: 0cm 0cm 0pt;\"><span style=\"font-family: Times New Roman; font-size: small;\">\u00a0<\/span><\/p>\n<p class=\"MsoNormal\" style=\"margin: 0cm 0cm 0pt;\"><strong style=\"mso-bidi-font-weight: normal;\"><span style=\"font-size: small;\"><span style=\"font-family: Times New Roman;\">* Firma s\u00fcr\u015farj\u0131 \/ etiketinde ilaca ve firmaya ait t\u00fcm bilgiler yer almal\u0131d\u0131r. Yoksa \u00f6nlem olarak kutudan ilac\u0131n ad\u0131n\u0131 i\u00e7erecek \u015fekilde geni\u015f bir b\u00f6l\u00fcm al\u0131nmal\u0131d\u0131r.<\/span><\/span><\/strong><\/p>\n<p class=\"MsoNormal\" style=\"margin: 0cm 0cm 0pt;\"><strong style=\"mso-bidi-font-weight: normal;\"><span style=\"font-family: Times New Roman; font-size: small;\">\u00a0<\/span><\/strong><\/p>\n<p class=\"MsoNormal\" style=\"margin: 0cm 0cm 0pt;\"><strong style=\"mso-bidi-font-weight: normal;\"><span style=\"font-size: small;\"><span style=\"font-family: Times New Roman;\">* \u00d6zellikle bas\u0131l\u0131 fiyat kup\u00fcr\u00fc olmayan ila\u00e7larda kutunun gerekli b\u00f6l\u00fcmleri kesilirken ilac\u0131n ad\u0131n\u0131 da i\u00e7erecek geni\u015flikte olmas\u0131na dikkat edilmelidir.<\/span><\/span><\/strong><\/p>\n","protected":false},"excerpt":{"rendered":"<p>Son d\u00f6nemde sa\u011fl\u0131k ve sosyal g\u00fcvenlik sisteminin \u00fcretti\u011fi krizleri y\u00f6netmek temel u\u011fra\u015f\u0131lar\u0131m\u0131zdan biri haline geldi.Her kriz yeni bir krizi tetikliyor.!\u00a0&#46;&#46;&#46;<\/p>\n","protected":false},"author":1,"featured_media":0,"comment_status":"closed","ping_status":"closed","sticky":false,"template":"","format":"standard","meta":{"_jetpack_memberships_contains_paid_content":false,"footnotes":""},"categories":[1],"tags":[],"class_list":["post-3682","post","type-post","status-publish","format-standard","hentry","category-ced"],"aioseo_notices":[],"jetpack_featured_media_url":"","jetpack_sharing_enabled":true,"jetpack-related-posts":[],"_links":{"self":[{"href":"http:\/\/www.ced.org.tr\/index.php?rest_route=\/wp\/v2\/posts\/3682","targetHints":{"allow":["GET"]}}],"collection":[{"href":"http:\/\/www.ced.org.tr\/index.php?rest_route=\/wp\/v2\/posts"}],"about":[{"href":"http:\/\/www.ced.org.tr\/index.php?rest_route=\/wp\/v2\/types\/post"}],"author":[{"embeddable":true,"href":"http:\/\/www.ced.org.tr\/index.php?rest_route=\/wp\/v2\/users\/1"}],"replies":[{"embeddable":true,"href":"http:\/\/www.ced.org.tr\/index.php?rest_route=%2Fwp%2Fv2%2Fcomments&post=3682"}],"version-history":[{"count":0,"href":"http:\/\/www.ced.org.tr\/index.php?rest_route=\/wp\/v2\/posts\/3682\/revisions"}],"wp:attachment":[{"href":"http:\/\/www.ced.org.tr\/index.php?rest_route=%2Fwp%2Fv2%2Fmedia&parent=3682"}],"wp:term":[{"taxonomy":"category","embeddable":true,"href":"http:\/\/www.ced.org.tr\/index.php?rest_route=%2Fwp%2Fv2%2Fcategories&post=3682"},{"taxonomy":"post_tag","embeddable":true,"href":"http:\/\/www.ced.org.tr\/index.php?rest_route=%2Fwp%2Fv2%2Ftags&post=3682"}],"curies":[{"name":"wp","href":"https:\/\/api.w.org\/{rel}","templated":true}]}}