{"id":3683,"date":"2010-02-05T08:06:26","date_gmt":"2010-02-05T06:06:26","guid":{"rendered":"http:\/\/www.ced.org.tr\/?p=3683"},"modified":"2010-02-05T08:06:26","modified_gmt":"2010-02-05T06:06:26","slug":"kurtulus-yok-tek-basina","status":"publish","type":"post","link":"http:\/\/www.ced.org.tr\/?p=3683","title":{"rendered":"KURTULU\u015e YOK TEK BA\u015eINA"},"content":{"rendered":"<p class=\"MsoNormal\" style=\"margin: 0cm 0cm 0pt;\"><span style=\"font-family: Times New Roman; font-size: small;\"><img loading=\"lazy\" decoding=\"async\" src=\"images\/stories\/dernek\/tekeliscisigenelgrev.jpg\" border=\"0\" alt=\"tekel i\u015fcileri ile genel grev\" width=\"320\" height=\"198\" style=\"float: left; border: 0; margin: 4px;\" \/>\u0130\u015f\u00e7i ve memurlar, TEKEL i\u015f\u00e7ilerine destek vermek i\u00e7in \u201c\u00c7al\u0131\u015fmama hakk\u0131n\u0131 kullanma\u201d ad\u0131 alt\u0131nda \u0130stanbul\u2019da da bir g\u00fcnl\u00fck genel grev yapt\u0131. <\/span><\/p>\n<p class=\"MsoNormal\" style=\"margin: 0cm 0cm 0pt;\"><span style=\"font-family: Times New Roman; font-size: small;\">Sara\u00e7hane Meydan\u0131\u2019nda bir araya gelen T\u00fcrk-\u0130\u015f, Hak-\u0130\u015f, D\u0130SK, T\u00fcrkiye Kamu-Sen, KESK, TMMOB, \u0130stanbul Eczac\u0131 Odas\u0131, \u0130stanbul Tabip Odas\u0131, \u0130stanbul Di\u015f Hekimleri Odas\u0131 \u00fcyeleri \u201cTEKEL i\u015f\u00e7isi yaln\u0131z de\u011fildir\u201d sloganlar\u0131 att\u0131.<\/span><\/p>\n<p class=\"MsoNormal\" style=\"margin: 0cm 0cm 0pt;\"><span style=\"font-family: Times New Roman; font-size: small;\">Eyleme kat\u0131lan \u00e7al\u0131\u015fanlar d\u00fcn saat 11.00 sular\u0131nda Emin\u00f6n\u00fc, Edirnekap\u0131 ve Aksaray\u2019dan y\u00fcr\u00fcyerek Sara\u00e7hane Meydan\u0131\u2019na hareket etti. Sirkeci\u2019deki i\u015f\u00e7i ve memurlardan 50\u2019si Unkapan\u0131\u2019ndaki TEKEL binas\u0131 \u00f6n\u00fcne geldiklerinde yolu Taksim y\u00f6n\u00fcnde trafi\u011fe kapatmak istedi. Yolu a\u00e7mak i\u00e7in polisin gruba m\u00fcdahale etmesi \u00fczerine k\u0131sa s\u00fcreli arbede ya\u015fand\u0131.\u00a0 <\/span><\/p>\n<p class=\"MsoNormal\" style=\"margin: 0cm 0cm 0pt;\"><span style=\"font-family: Times New Roman; font-size: small;\">Sara\u00e7hane Meydan\u0131\u2019nda konu\u015fan T\u00fcrk-\u0130\u015f \u0130stanbul 1. B\u00f6lge Temsilcisi Faruk B\u00fcy\u00fckkucak \u201cTEKEL i\u015f\u00e7isi l\u00fctuf beklemiyor, merhamet dilenmiyor, sadaka istemiyor,\u00a0 hakk\u0131 olmayan bir \u015fey talep etmiyor\u201d dedi.<br \/>D\u0130SK Genel Ba\u015fkan\u0131 S\u00fcleyman \u00c7elebi de, \u201cTEKEL i\u015f\u00e7ilerinin talep etti\u011fi norm kadro kabul edilmedik\u00e7e, 4-C\u2019yi kabul etmeyece\u011fiz\u201d diye konu\u015ftu. <\/span><\/p>\n<p class=\"MsoNormal\" style=\"margin: 0cm 0cm 0pt;\"><span style=\"font-family: Times New Roman; font-size: small;\">Demiryolu \u00e7al\u0131\u015fanlar\u0131 ile THY \u00e7al\u0131\u015fanlar\u0131 greve kat\u0131lmay\u0131nca seferlerde aksama olmad\u0131.<\/span><\/p>\n","protected":false},"excerpt":{"rendered":"<p>\u0130\u015f\u00e7i ve memurlar, TEKEL i\u015f\u00e7ilerine destek vermek i\u00e7in \u201c\u00c7al\u0131\u015fmama hakk\u0131n\u0131 kullanma\u201d ad\u0131 alt\u0131nda \u0130stanbul\u2019da da bir g\u00fcnl\u00fck genel grev yapt\u0131.&#46;&#46;&#46;<\/p>\n","protected":false},"author":1,"featured_media":0,"comment_status":"closed","ping_status":"closed","sticky":false,"template":"","format":"standard","meta":{"_jetpack_memberships_contains_paid_content":false,"footnotes":""},"categories":[1],"tags":[],"class_list":["post-3683","post","type-post","status-publish","format-standard","hentry","category-ced"],"aioseo_notices":[],"jetpack_featured_media_url":"","jetpack_sharing_enabled":true,"jetpack-related-posts":[],"_links":{"self":[{"href":"http:\/\/www.ced.org.tr\/index.php?rest_route=\/wp\/v2\/posts\/3683","targetHints":{"allow":["GET"]}}],"collection":[{"href":"http:\/\/www.ced.org.tr\/index.php?rest_route=\/wp\/v2\/posts"}],"about":[{"href":"http:\/\/www.ced.org.tr\/index.php?rest_route=\/wp\/v2\/types\/post"}],"author":[{"embeddable":true,"href":"http:\/\/www.ced.org.tr\/index.php?rest_route=\/wp\/v2\/users\/1"}],"replies":[{"embeddable":true,"href":"http:\/\/www.ced.org.tr\/index.php?rest_route=%2Fwp%2Fv2%2Fcomments&post=3683"}],"version-history":[{"count":0,"href":"http:\/\/www.ced.org.tr\/index.php?rest_route=\/wp\/v2\/posts\/3683\/revisions"}],"wp:attachment":[{"href":"http:\/\/www.ced.org.tr\/index.php?rest_route=%2Fwp%2Fv2%2Fmedia&parent=3683"}],"wp:term":[{"taxonomy":"category","embeddable":true,"href":"http:\/\/www.ced.org.tr\/index.php?rest_route=%2Fwp%2Fv2%2Fcategories&post=3683"},{"taxonomy":"post_tag","embeddable":true,"href":"http:\/\/www.ced.org.tr\/index.php?rest_route=%2Fwp%2Fv2%2Ftags&post=3683"}],"curies":[{"name":"wp","href":"https:\/\/api.w.org\/{rel}","templated":true}]}}