{"id":3685,"date":"2010-02-19T09:26:59","date_gmt":"2010-02-19T07:26:59","guid":{"rendered":"http:\/\/www.ced.org.tr\/?p=3685"},"modified":"2010-02-19T09:26:59","modified_gmt":"2010-02-19T07:26:59","slug":"tebden-yapilan-sosyal-guvenlik-kurumu-ile-sozlesmeli-eczanelerin-2010-yili-icin-yapacaklari-sozlesme-yenileme-islemleri-hakkinda-duyuru","status":"publish","type":"post","link":"http:\/\/www.ced.org.tr\/?p=3685","title":{"rendered":"TEB&#8217;DEN YAPILAN SOSYAL G\u00dcVENL\u0130K KURUMU \u0130LE S\u00d6ZLE\u015eMEL\u0130 ECZANELER\u0130N 2010 YILI \u0130\u00c7\u0130N YAPACAKLARI S\u00d6ZLE\u015eME YEN\u0130LEME \u0130\u015eLEMLER\u0130 HAKKINDA DUYURU"},"content":{"rendered":"<p class=\"MsoNormal\" style=\"margin: 0cm 0cm 0pt;\"><span style=\"font-family: Times New Roman; font-size: small;\">37.A.00.00698\u00a0\u00a0\u00a0\u00a0\u00a0\u00a0\u00a0\u00a0\u00a0\u00a0\u00a0\u00a0\u00a0\u00a0\u00a0\u00a0\u00a0\u00a0\u00a0\u00a0\u00a0\u00a0\u00a0\u00a0\u00a0\u00a0\u00a0\u00a0\u00a0\u00a0\u00a0\u00a0\u00a0\u00a0\u00a0\u00a0\u00a0\u00a0\u00a0\u00a0\u00a0\u00a0\u00a0\u00a0\u00a0\u00a0\u00a0\u00a0\u00a0\u00a0\u00a0\u00a0\u00a0\u00a0\u00a0\u00a0\u00a0\u00a0\u00a0\u00a0\u00a0\u00a0\u00a0\u00a0\u00a0\u00a0\u00a0\u00a0\u00a0\u00a0\u00a0\u00a0\u00a0\u00a0\u00a0\u00a0\u00a0\u00a0\u00a0\u00a0\u00a0\u00a0\u00a0 \u00a0\u00a0\u00a0\u00a0\u00a0\u00a0 <br \/>Ankara 17.02.2010<\/span><\/p>\n<p class=\"MsoNormal\" style=\"margin: 0cm 0cm 0pt;\"><span style=\"font-family: Times New Roman; font-size: small;\">\u00a0<\/span><\/p>\n<p class=\"MsoNormal\" style=\"margin: 0cm 0cm 0pt;\"><span style=\"font-family: Times New Roman; font-size: small;\">B\u00d6LGE ECZACI ODASI <br \/>Y\u00d6NET\u0130M KURULU BA\u015eKANLI\u011eINA<\/span><\/p>\n<p class=\"MsoNormal\" style=\"margin: 0cm 0cm 0pt;\"><span style=\"font-family: Times New Roman; font-size: small;\">Bilindi\u011fi gibi, Sosyal G\u00fcvenlik Kurumu Ba\u015fkanl\u0131\u011f\u0131 ile T\u00fcrk Eczac\u0131lar\u0131 Birli\u011fi aras\u0131nda 19.01.2009 tarihinde imzalanan \u201cSosyal G\u00fcvenlik Kurumu Kapsam\u0131ndaki Ki\u015filerin T\u00fcrk Eczac\u0131lar\u0131 Birli\u011fi \u00dcyesi Eczanelerden \u0130la\u00e7 Teminine \u0130li\u015fkin Protokol\u201d\u00fcn, 16.12.2009 tarihinde noter arac\u0131l\u0131\u011f\u0131yla Birli\u011fimize ula\u015ft\u0131r\u0131lan tebligat arac\u0131l\u0131\u011f\u0131yla Sosyal G\u00fcvenlik Kurumu taraf\u0131ndan tek tarafl\u0131 olarak feshi ile ba\u015flayan s\u00fcre\u00e7te, Dan\u0131\u015ftay 10.Dairesinin 2009\/16187 ve 2010\/147 Esaslar\u0131na kayden a\u00e7\u0131lan davalarda ald\u0131\u011f\u0131 y\u00fcr\u00fctmeyi durdurma kararlar\u0131 nedeniyle, ilgili protokol y\u00fcr\u00fcrl\u00fckte bulunmaktad\u0131r.<\/span><br \/><span style=\"font-family: Times New Roman; font-size: small;\"><\/p>\n<p><span style=\"font-family: Times New Roman; font-size: small;\"><\/p>\n<p class=\"MsoNormal\" style=\"margin: 0cm 0cm 0pt;\">\u00a0<\/p>\n<p><\/span><\/span><\/p>\n<p class=\"MsoNormal\" style=\"margin: 0cm 0cm 0pt;\">\u00a0<\/p>\n<p class=\"MsoNormal\" style=\"margin: 0cm 0cm 0pt;\"><span style=\"font-family: Times New Roman; font-size: small;\">An\u0131lan Protokol\u00fcn 7.1 Maddesi uyar\u0131nca, Sosyal G\u00fcvenlik Kurumu ile s\u00f6zle\u015fmeli bulunan eczanelerin, s\u00f6zle\u015fmelerini \u015eubat ay\u0131 i\u00e7erisinde yenilemesi gerekti\u011fi h\u00fckme ba\u011flanm\u0131\u015f, 7.9 Maddesi ise, \u201cEczaneler s\u00f6zle\u015fme yaparken 6643 say\u0131l\u0131 T\u00fcrk Eczac\u0131lar\u0131 Birli\u011fi Kanunun 39uncu Maddesine dayan\u0131larak TEB taraf\u0131ndan bast\u0131r\u0131lm\u0131\u015f, bu protokole uygun Tip S\u00f6zle\u015fmeleri kullan\u0131rlar. Eczanenin yapaca\u011f\u0131 indirim oran\u0131n\u0131n tespiti amac\u0131yla SUT eki EK-3\/B formunun bir \u00f6rne\u011fi Kurum ta\u015fra te\u015fkilat\u0131na ibraz edilecektir.\u201d \u015eeklinde d\u00fczenlenmi\u015ftir. <\/span><\/p>\n<p class=\"MsoNormal\" style=\"margin: 0cm 0cm 0pt;\"><span style=\"font-family: Times New Roman; font-size: small;\">Sosyal G\u00fcvenlik Kurumu Ba\u015fkanl\u0131\u011f\u0131 taraf\u0131ndan Birli\u011fimize g\u00f6nderilen 17.02.2010 tarih B.13.2.SGK.0.11.04.01-638-2540365 say\u0131l\u0131 yaz\u0131 ile, s\u00f6zle\u015fme yenileme i\u015flemleri ile ilgili olarak;<\/span><\/p>\n<p class=\"MsoNormal\" style=\"margin: 0cm 0cm 0pt;\"><span style=\"font-family: Times New Roman; font-size: small;\">&#8211;\u00a0\u00a0\u00a0\u00a0\u00a0\u00a0\u00a0\u00a0\u00a0 S\u00f6zle\u015fme yenilenmesi s\u0131ras\u0131nda 2009 y\u0131l\u0131 sat\u0131\u015f has\u0131lat\u0131n\u0131 g\u00f6sterir SUT eki EK-3\/B formunun vergi dairesinden onays\u0131z olarak eczane taraf\u0131ndan doldurulup imzalanarak s\u00f6zle\u015fmeye eklenece\u011fi, daha sonra EK-3\/B formunun vergi dairesinden onayl\u0131 olarak temin edilerek Kuruma teslim edilece\u011fi, <br \/>&#8211;\u00a0\u00a0\u00a0\u00a0\u00a0\u00a0\u00a0\u00a0\u00a0 Ek-3\/B formdaki bilgilerin, eczane taraf\u0131ndan yap\u0131lan beyan ile kar\u015f\u0131la\u015ft\u0131r\u0131larak teyit edilece\u011fi; beyan ile onayl\u0131 form aras\u0131nda eczanenin indirim oran\u0131n\u0131 yanl\u0131\u015f belirleyecek miktarda farkl\u0131l\u0131k bulunmas\u0131 halinde s\u00f6zle\u015fme \u00fczerinde yer alan indirim oran\u0131 k\u0131sm\u0131n\u0131n taraflarca imzalanarak d\u00fczeltilece\u011fi,\u00a0 <br \/>&#8211;\u00a0\u00a0\u00a0\u00a0\u00a0\u00a0\u00a0\u00a0\u00a0 Eczane taraf\u0131ndan hatal\u0131 \u0131skonto oran\u0131 ile Kuruma fatura edilmi\u015f re\u00e7etelerin yer ald\u0131\u011f\u0131 faturalar\u0131n, kontrol edilip edilmedi\u011fine bak\u0131lmaks\u0131z\u0131n eczaneye iade edilece\u011fi, faturan\u0131n ve eki re\u00e7etelerin yeni \u0131skonto oran\u0131na g\u00f6re d\u00fczeltilmesinin ard\u0131ndan Kuruma yeniden teslim edilece\u011fi; bu faturalar\u0131n \u00f6deme i\u015fleminin,<\/span><\/p>\n<p class=\"MsoNormal\" style=\"margin: 0cm 0cm 0pt;\"><span style=\"font-family: Times New Roman; font-size: small;\">\u00a0<\/span><\/p>\n<p class=\"MsoNormal\" style=\"margin: 0cm 0cm 0pt;\"><span style=\"font-family: Times New Roman; font-size: small;\">Kuruma yeniden teslim edildi\u011fi tarih esas al\u0131narak yap\u0131laca\u011f\u0131, <br \/>&#8211;\u00a0\u00a0\u00a0\u00a0\u00a0\u00a0\u00a0\u00a0\u00a0 Eczanelerin 2009 y\u0131l\u0131 indirim oran\u0131 ile 2010 y\u0131l\u0131 indirim oran\u0131 aras\u0131nda farkl\u0131l\u0131k bulunmas\u0131 halinde, 01.02.2010 tarihinden itibaren ba\u015flayarak SGK Provizyon Sistemine kaydettikleri re\u00e7eteleri yeni indirim oranlar\u0131na g\u00f6re Eczane Provizyon Sisteminden yeniden hesaplatt\u0131rmalar\u0131 gerekti\u011fi; ilk beyan veya teyit a\u015famas\u0131nda \u0131skonto oran\u0131n\u0131 hatal\u0131 bildiren eczanelerin hatal\u0131 \u0131skontolu re\u00e7etelerini de provizyon sisteminden yeniden hesaplatmas\u0131 zorunlu oldu\u011fundan, bu i\u015flemlerin yap\u0131lmamas\u0131 halinde d\u00f6nem sonland\u0131rmas\u0131na izin verilmeyece\u011fi, <br \/>Bildirilmi\u015ftir. <br \/>\u00a0\u00a0\u00a0\u00a0\u00a0\u00a0\u00a0\u00a0\u00a0\u00a0\u00a0 <br \/>Sosyal G\u00fcvenlik Kurumu ile T\u00fcrk Eczac\u0131lar\u0131 Birli\u011fi aras\u0131nda<\/span><\/p>\n<p class=\"MsoNormal\" style=\"margin: 0cm 0cm 0pt;\"><span style=\"font-family: Times New Roman; font-size: small;\">\u00a0<\/span><\/p>\n<p class=\"MsoNormal\" style=\"margin: 0cm 0cm 0pt;\"><span style=\"font-family: Times New Roman; font-size: small;\">19.01.2009 tarihinde imzalanarak 01.02.2009 tarihinde y\u00fcr\u00fcrl\u00fc\u011fe giren 2009 Y\u0131l\u0131 protokol\u00fc, 23.06.2009 tarihinde protokol\u00fcn 7.1 Maddesi uyar\u0131nca imzalanan revizyon ile y\u00fcr\u00fcrl\u00fckte bulunan \u015feklini alm\u0131\u015ft\u0131r. 2010 Y\u0131l\u0131nda Kurum ile s\u00f6zle\u015fme yenileyecek\/yeni s\u00f6zle\u015fme yapacak eczaneler taraf\u0131ndan uygulanacak \u0131skonto oran\u0131, protokol\u00fcn 3.4 Maddesinde yap\u0131lan d\u00fczenleme uyar\u0131nca belirlenecek olup, ilgili madde; <\/span><\/p>\n<p class=\"MsoNormal\" style=\"margin: 0cm 0cm 0pt;\"><span style=\"font-family: Times New Roman; font-size: small;\">3.4\u00a0\u00a0\u00a0\u00a0\u00a0 Eczac\u0131 indirim oranlar\u0131, protokol tarihinden itibaren bir \u00f6nceki y\u0131l sat\u0131\u015f has\u0131lat\u0131 (KDV<br \/>hari\u00e7) \u00fczerinden a\u015fa\u011f\u0131da belirtildi\u011fi \u015fekilde uygulanacakt\u0131r;<\/span><\/p>\n<p class=\"MsoNormal\" style=\"margin: 0cm 0cm 0pt;\"><span style=\"font-family: Times New Roman; font-size: small;\">350.000 TL\u2019ye kadar sat\u0131\u015f has\u0131lat\u0131 olan eczaneler taraf\u0131ndan %0 indirim,<br \/>350.000 TL ile 600.000 TL aras\u0131nda sat\u0131\u015f has\u0131lat\u0131 olan eczaneler taraf\u0131ndan %1 indirim,<br \/>600.000 TL ile 900.000 TL aras\u0131nda sat\u0131\u015f has\u0131lat\u0131 olan eczaneler taraf\u0131ndan %1,5 indirim,<br \/>900.000 TL \u00fczerinde sat\u0131\u015f has\u0131lat\u0131 olan eczaneler taraf\u0131ndan % 2,5 indirim <br \/>Bir \u00f6nceki y\u0131l sat\u0131\u015f has\u0131lat\u0131 olmayan yeni a\u00e7\u0131lan eczaneler i\u00e7in en d\u00fc\u015f\u00fck indirim oran\u0131 uygulan\u0131r.<br \/>\u0130malat\u00e7\u0131 ve ithalat\u00e7\u0131 indirimi yap\u0131larak depocuya sat\u0131\u015f fiyat\u0131 \u00fczerinden depocu ve eczac\u0131 kar oranlar\u0131 uyguland\u0131ktan sonra ula\u015f\u0131lan fiyattan eczane indirimi yap\u0131l\u0131r. <br \/>\u015eeklindedir. <\/span><\/p>\n<p class=\"MsoNormal\" style=\"margin: 0cm 0cm 0pt;\"><span style=\"font-family: Times New Roman; font-size: small;\">2010 Y\u0131l\u0131 S\u00f6zle\u015fme Formlar\u0131, y\u00fcr\u00fcrl\u00fckte bulunan protokol metni ile bask\u0131 a\u015famas\u0131na girmi\u015f olup, s\u00f6zle\u015fme formlar\u0131n\u0131n bas\u0131m i\u015flemlerinin tamamlanmas\u0131n\u0131n ard\u0131ndan, formlar\u0131n B\u00f6lge Eczac\u0131 Odalar\u0131na g\u00f6nderimine ba\u015flanacakt\u0131r. <\/span><\/p>\n<p class=\"MsoNormal\" style=\"margin: 0cm 0cm 0pt;\"><span style=\"font-family: Times New Roman; font-size: small;\">Kurum ile 2009 y\u0131l\u0131nda s\u00f6zle\u015fmesi bulunan \u00fcyelerinizin, s\u00f6zle\u015fme yenileme i\u015flemleri i\u00e7in, \u00a0Protokol\u00fcn 7.7 Maddesinde belirtildi\u011fi \u015fekilde, bu maddede say\u0131lan; <br \/>&#8211;\u00a0\u00a0\u00a0\u00a0\u00a0\u00a0\u00a0\u00a0\u00a0 B\u00f6lge Eczac\u0131 Odas\u0131ndan onayl\u0131 s\u00f6zle\u015fme metni, <br \/>&#8211;\u00a0\u00a0\u00a0\u00a0\u00a0\u00a0\u00a0\u00a0\u00a0 M\u00fckellefin ba\u011fl\u0131 oldu\u011fu vergi dairesinden onayl\u0131 form (SUT eki EK-3\/B) <br \/>&#8211;\u00a0\u00a0\u00a0\u00a0\u00a0\u00a0\u00a0\u00a0\u00a0 Ruhsat fotokopisi (de\u011fi\u015fiklik olmas\u0131 halinde) <br \/>&#8211;\u00a0\u00a0\u00a0\u00a0\u00a0\u00a0\u00a0\u00a0\u00a0 Eczac\u0131 odas\u0131ndan al\u0131nan yeni tarihli \u201cS\u00f6zle\u015fmeye Engel Yoktur\u201d belgelerini bir dilek\u00e7e ekinde Kuruma ibraz ederek, <\/span><\/p>\n<p class=\"MsoNormal\" style=\"margin: 0cm 0cm 0pt;\"><span style=\"font-family: Times New Roman; font-size: small;\">01.03.2010 Pazartesi g\u00fcn\u00fc mesai saati bitimine kadar s\u00f6zle\u015fmelerini yenilemeleri, 2009 y\u0131l\u0131 sat\u0131\u015f has\u0131lat\u0131n\u0131 g\u00f6sterir EK-3\/B formunu vergi dairesinden onayl\u0131 olarak 09.04.2010 tarihine kadar Sosyal G\u00fcvenlik Kurumu Ta\u015fra Te\u015fkilat\u0131na teslim etmeleri gerekmektedir.\u00a0<\/span><\/p>\n<p class=\"MsoNormal\" style=\"margin: 0cm 0cm 0pt;\">\u00a0<\/p>\n<p class=\"MsoNormal\" style=\"margin: 0cm 0cm 0pt;\"><span style=\"font-family: Times New Roman; font-size: small;\">Bilgilerinizi ve konunun \u00fcyelerinize duyurulmas\u0131n\u0131 rica ederim. <\/span><\/p>\n<p class=\"MsoNormal\" style=\"margin: 0cm 0cm 0pt;\">\u00a0<\/p>\n<p class=\"MsoNormal\" style=\"margin: 0cm 0cm 0pt;\"><span style=\"font-family: Times New Roman; font-size: small;\">Sayg\u0131lar\u0131mla, <br \/>Ecz.\u00d6zg\u00fcr \u00d6ZEL <br \/>Genel Sekreter <\/p>\n<p><\/span><a href=\"http:\/\/www.teb.org.tr\/images\/upld2\/haberler\/8LX20100218151548SGK.pdf\" target=\"_blank\"><span style=\"font-family: Times New Roman; font-size: small;\">Sosyal G\u00fcvenlik Kurumu Ba\u015fkanl\u0131\u011f\u0131&#8217;n\u0131n 17.02.2010 tarihli yaz\u0131s\u0131<\/span><\/a><br \/><a href=\"http:\/\/www.teb.org.tr\/images\/upld2\/haberler\/NWm20100218151548EKB.doc\" target=\"_blank\"><span style=\"font-family: Times New Roman; font-size: small;\">EK-3\/B Formu<\/span><\/a><\/p>\n","protected":false},"excerpt":{"rendered":"<p>37.A.00.00698\u00a0\u00a0\u00a0\u00a0\u00a0\u00a0\u00a0\u00a0\u00a0\u00a0\u00a0\u00a0\u00a0\u00a0\u00a0\u00a0\u00a0\u00a0\u00a0\u00a0\u00a0\u00a0\u00a0\u00a0\u00a0\u00a0\u00a0\u00a0\u00a0\u00a0\u00a0\u00a0\u00a0\u00a0\u00a0\u00a0\u00a0\u00a0\u00a0\u00a0\u00a0\u00a0\u00a0\u00a0\u00a0\u00a0\u00a0\u00a0\u00a0\u00a0\u00a0\u00a0\u00a0\u00a0\u00a0\u00a0\u00a0\u00a0\u00a0\u00a0\u00a0\u00a0\u00a0\u00a0\u00a0\u00a0\u00a0\u00a0\u00a0\u00a0\u00a0\u00a0\u00a0\u00a0\u00a0\u00a0\u00a0\u00a0\u00a0\u00a0\u00a0\u00a0\u00a0 \u00a0\u00a0\u00a0\u00a0\u00a0\u00a0 Ankara 17.02.2010 \u00a0 B\u00d6LGE ECZACI ODASI Y\u00d6NET\u0130M KURULU BA\u015eKANLI\u011eINA Bilindi\u011fi gibi, Sosyal G\u00fcvenlik Kurumu Ba\u015fkanl\u0131\u011f\u0131 ile T\u00fcrk Eczac\u0131lar\u0131&#46;&#46;&#46;<\/p>\n","protected":false},"author":1,"featured_media":0,"comment_status":"closed","ping_status":"closed","sticky":false,"template":"","format":"standard","meta":{"_jetpack_memberships_contains_paid_content":false,"footnotes":""},"categories":[1],"tags":[],"class_list":["post-3685","post","type-post","status-publish","format-standard","hentry","category-ced"],"aioseo_notices":[],"jetpack_featured_media_url":"","jetpack_sharing_enabled":true,"jetpack-related-posts":[],"_links":{"self":[{"href":"http:\/\/www.ced.org.tr\/index.php?rest_route=\/wp\/v2\/posts\/3685","targetHints":{"allow":["GET"]}}],"collection":[{"href":"http:\/\/www.ced.org.tr\/index.php?rest_route=\/wp\/v2\/posts"}],"about":[{"href":"http:\/\/www.ced.org.tr\/index.php?rest_route=\/wp\/v2\/types\/post"}],"author":[{"embeddable":true,"href":"http:\/\/www.ced.org.tr\/index.php?rest_route=\/wp\/v2\/users\/1"}],"replies":[{"embeddable":true,"href":"http:\/\/www.ced.org.tr\/index.php?rest_route=%2Fwp%2Fv2%2Fcomments&post=3685"}],"version-history":[{"count":0,"href":"http:\/\/www.ced.org.tr\/index.php?rest_route=\/wp\/v2\/posts\/3685\/revisions"}],"wp:attachment":[{"href":"http:\/\/www.ced.org.tr\/index.php?rest_route=%2Fwp%2Fv2%2Fmedia&parent=3685"}],"wp:term":[{"taxonomy":"category","embeddable":true,"href":"http:\/\/www.ced.org.tr\/index.php?rest_route=%2Fwp%2Fv2%2Fcategories&post=3685"},{"taxonomy":"post_tag","embeddable":true,"href":"http:\/\/www.ced.org.tr\/index.php?rest_route=%2Fwp%2Fv2%2Ftags&post=3685"}],"curies":[{"name":"wp","href":"https:\/\/api.w.org\/{rel}","templated":true}]}}