{"id":3686,"date":"2010-02-22T11:50:10","date_gmt":"2010-02-22T09:50:10","guid":{"rendered":"http:\/\/www.ced.org.tr\/?p=3686"},"modified":"2010-02-22T11:50:10","modified_gmt":"2010-02-22T09:50:10","slug":"sosyal-guvenlik-kurumundan-its-tesviki","status":"publish","type":"post","link":"http:\/\/www.ced.org.tr\/?p=3686","title":{"rendered":"SOSYAL G\u00dcVENL\u0130K KURUMU\u2019NDAN \u0130TS TE\u015eV\u0130K\u0130!"},"content":{"rendered":"<p class=\"MsoNormal\" style=\"text-align: justify; text-indent: 14.2pt; margin: 0cm 0cm 8pt;\"><span style=\"line-height: 115%; font-family: Times; font-size: 12pt; mso-bidi-font-size: 11.0pt; mso-bidi-font-family: 'Times New Roman';\">\u0130la\u00e7 Takip Sistemini (\u0130TS) uygulamakta zorlanan, eczac\u0131 taban\u0131nda ciddi bir diren\u00e7le kar\u015f\u0131lanan Sosyal G\u00fcvenlik Kurumu (SGK) \u00f6nce aba alt\u0131ndan soba politikas\u0131 izleyerek bu direnci k\u0131rma \u00e7abas\u0131 i\u00e7inde oldu. Ancak izlenen bu politika sonu\u00e7 vermemi\u015f olacak ki \u015fimdi \u201c<em style=\"mso-bidi-font-style: normal;\">\u0130TS Te\u015fvik Paketi<\/em>\u201d ad\u0131 alt\u0131nda yeni bir politika devreye sokulmaya \u00e7al\u0131\u015f\u0131l\u0131yor.<span style=\"mso-spacerun: yes;\">\u00a0 <\/span><\/span><\/p>\n<p class=\"MsoNormal\" style=\"text-align: justify; text-indent: 14.2pt; margin: 0cm 0cm 8pt;\"><span style=\"line-height: 115%; font-family: Times; font-size: 12pt; mso-bidi-font-size: 11.0pt; mso-bidi-font-family: 'Times New Roman';\">Bu paketin i\u00e7inde karekod uygulamas\u0131na ge\u00e7en eczaneler i\u00e7in erken \u00f6deme sistemi g\u00fcndeme getiriliyor. Bunun ne anlama geldi\u011fini meslekta\u015flar\u0131m\u0131z iyi bilir\u2026<\/span><\/p>\n<p class=\"MsoNormal\" style=\"text-align: justify; text-indent: 14.2pt; margin: 0cm 0cm 8pt;\"><span style=\"line-height: 115%; font-family: Times; font-size: 12pt; mso-bidi-font-size: 11.0pt; mso-bidi-font-family: 'Times New Roman';\">SGK internet sitesinde 20.02.2010 tarihinde yay\u0131mlad\u0131\u011f\u0131 duyurusunda \u201c<em style=\"mso-bidi-font-style: normal;\">KAREKODLU ila\u00e7lar\u0131n sat\u0131\u015f\u0131n\u0131 sa\u011flamak \u00fczere eczac\u0131lar\u0131m\u0131z\u0131n yapaca\u011f\u0131 yat\u0131r\u0131m maliyetlerine destek olabilmek ve uygulamay\u0131 te\u015fvik etmek amac\u0131yla, 5510 say\u0131l\u0131 Kanunun 97 nci maddesi gere\u011fince Kurumumuza teslim ettikleri faturalar\u0131 kapsam\u0131nda KAREKODLU ila\u00e7lara ait re\u00e7eteleri bulunan s\u00f6zle\u015fmeli eczanelere (\u015eubat 2010 ay\u0131 dahil) avans \u00f6demeleri fatura teslim tarihini takip eden 30 g\u00fcn i\u00e7inde yap\u0131lacakt\u0131r.\u201d <\/em>denilmektedir.<\/span><\/p>\n<p class=\"MsoNormal\" style=\"text-align: justify; text-indent: 14.2pt; margin: 0cm 0cm 8pt;\"><span style=\"line-height: 115%; font-family: Times; font-size: 12pt; mso-bidi-font-size: 11.0pt; mso-bidi-font-family: 'Times New Roman';\">\u0130TS ye d\u00f6n\u00fck eczac\u0131 direncini k\u0131rmak amac\u0131yla g\u00fcndeme getirilen te\u015fvik uygulamas\u0131 anayasan\u0131n e\u015fitlik ilkesine ve hukuka ayk\u0131r\u0131 bir uygulamad\u0131r.<\/span><\/p>\n<p class=\"MsoNormal\" style=\"text-align: justify; text-indent: 14.2pt; margin: 0cm 0cm 8pt;\"><span style=\"line-height: 115%; font-family: Times; font-size: 12pt; mso-bidi-font-size: 11.0pt; mso-bidi-font-family: 'Times New Roman';\">Bilindi\u011fi gibi TEB ile SGK aras\u0131nda imzalanan 2009 protokol\u00fc \u00f6demelerin ne \u015fekilde yap\u0131laca\u011f\u0131n\u0131 ve s\u00fcrelerini belirlemi\u015ftir. Kald\u0131 ki SGK bu protokol g\u00f6r\u00fc\u015fmeleri s\u00fcrecinde \u00f6deme ko\u015fullar\u0131n\u0131n uzat\u0131lmas\u0131na donuk ciddi bir \u00e7aban\u0131n taraf\u0131 olmu\u015ftur. \u015eimdi ise erken \u00f6deme sistemini devreye sokarak ad\u0131 konmayan bir \u0130TS te\u015fvik sistemi \u00fcretmektedir.<span style=\"mso-spacerun: yes;\">\u00a0 <\/span><\/span><\/p>\n<p class=\"MsoNormal\" style=\"text-align: justify; text-indent: 14.2pt; margin: 0cm 0cm 8pt;\"><span style=\"line-height: 115%; font-family: Times; font-size: 12pt; mso-bidi-font-size: 11.0pt; mso-bidi-font-family: 'Times New Roman';\">E\u015fitlik ilkesine, hukuka ve imzalanan protokole ayk\u0131r\u0131 olan bu hukuk d\u0131\u015f\u0131 tutuma eczac\u0131lar mesle\u011fine ve gelece\u011fine sahip \u00e7\u0131karak gereken yan\u0131t\u0131 vereceklerdir.<span style=\"mso-spacerun: yes;\">\u00a0\u00a0 <\/span><\/span><\/p>\n","protected":false},"excerpt":{"rendered":"<p>\u0130la\u00e7 Takip Sistemini (\u0130TS) uygulamakta zorlanan, eczac\u0131 taban\u0131nda ciddi bir diren\u00e7le kar\u015f\u0131lanan Sosyal G\u00fcvenlik Kurumu (SGK) \u00f6nce aba alt\u0131ndan soba&#46;&#46;&#46;<\/p>\n","protected":false},"author":1,"featured_media":0,"comment_status":"closed","ping_status":"closed","sticky":false,"template":"","format":"standard","meta":{"_jetpack_memberships_contains_paid_content":false,"footnotes":""},"categories":[1],"tags":[],"class_list":["post-3686","post","type-post","status-publish","format-standard","hentry","category-ced"],"aioseo_notices":[],"jetpack_featured_media_url":"","jetpack_sharing_enabled":true,"jetpack-related-posts":[],"_links":{"self":[{"href":"http:\/\/www.ced.org.tr\/index.php?rest_route=\/wp\/v2\/posts\/3686","targetHints":{"allow":["GET"]}}],"collection":[{"href":"http:\/\/www.ced.org.tr\/index.php?rest_route=\/wp\/v2\/posts"}],"about":[{"href":"http:\/\/www.ced.org.tr\/index.php?rest_route=\/wp\/v2\/types\/post"}],"author":[{"embeddable":true,"href":"http:\/\/www.ced.org.tr\/index.php?rest_route=\/wp\/v2\/users\/1"}],"replies":[{"embeddable":true,"href":"http:\/\/www.ced.org.tr\/index.php?rest_route=%2Fwp%2Fv2%2Fcomments&post=3686"}],"version-history":[{"count":0,"href":"http:\/\/www.ced.org.tr\/index.php?rest_route=\/wp\/v2\/posts\/3686\/revisions"}],"wp:attachment":[{"href":"http:\/\/www.ced.org.tr\/index.php?rest_route=%2Fwp%2Fv2%2Fmedia&parent=3686"}],"wp:term":[{"taxonomy":"category","embeddable":true,"href":"http:\/\/www.ced.org.tr\/index.php?rest_route=%2Fwp%2Fv2%2Fcategories&post=3686"},{"taxonomy":"post_tag","embeddable":true,"href":"http:\/\/www.ced.org.tr\/index.php?rest_route=%2Fwp%2Fv2%2Ftags&post=3686"}],"curies":[{"name":"wp","href":"https:\/\/api.w.org\/{rel}","templated":true}]}}