{"id":3688,"date":"2010-03-03T15:31:03","date_gmt":"2010-03-03T13:31:03","guid":{"rendered":"http:\/\/www.ced.org.tr\/?p=3688"},"modified":"2010-03-03T15:31:03","modified_gmt":"2010-03-03T13:31:03","slug":"istanbul-eczaci-odasi-basin-toplantisi","status":"publish","type":"post","link":"http:\/\/www.ced.org.tr\/?p=3688","title":{"rendered":"\u0130stanbul Eczac\u0131 Odas\u0131 Bas\u0131n Toplant\u0131s\u0131"},"content":{"rendered":"<p class=\"MsoNormal\" style=\"margin: 0cm 0cm 0pt;\"><span style=\"font-size: small;\"><span style=\"font-family: Times New Roman;\">Bug\u00fcn(02.03.2010) \u00f6\u011fle saatlerinde Oda merkezimizde bas\u0131n toplant\u0131s\u0131 d\u00fczenleyen Oda Ba\u015fkan\u0131m\u0131z Ecz. Semih G\u00fcng\u00f6r ve Genel Sekreterimiz Ecz. Hakan Ertem, Medula Re\u00e7ete Provizyon Sistemi&#8217;ne ge\u00e7ilmesi sonucu ya\u015fanan ila\u00e7 krizi konusunda de\u011ferlendirmelerde bulundular. Oda Ba\u015fkan\u0131m\u0131z Ecz. G\u00fcng\u00f6r&#8217;\u00fcn yapt\u0131\u011f\u0131 a\u00e7\u0131klamay\u0131 a\u015fa\u011f\u0131da meslekta\u015flar\u0131m\u0131z\u0131n bilgisine sunar\u0131z.\u00a0<\/span><\/span><\/p>\n<p class=\"MsoNormal\" style=\"margin: 0cm 0cm 0pt;\"><span style=\"font-family: Times New Roman; font-size: small;\">\u00a0<\/span><\/p>\n<p class=\"MsoNormal\" style=\"margin: 0cm 0cm 0pt;\"><strong style=\"mso-bidi-font-weight: normal;\"><span style=\"font-size: small;\"><span style=\"font-family: Times New Roman;\">BASINA VE KAMUOYUNA <\/span><\/span><\/strong><\/p>\n<p class=\"MsoNormal\" style=\"margin: 0cm 0cm 0pt;\"><strong style=\"mso-bidi-font-weight: normal;\"><span style=\"font-size: small;\"><span style=\"font-family: Times New Roman;\">\u00a0<\/span><\/span><\/strong><\/p>\n<p class=\"MsoNormal\" style=\"margin: 0cm 0cm 0pt;\"><strong style=\"mso-bidi-font-weight: normal;\"><span style=\"font-size: small;\"><span style=\"font-family: Times New Roman;\">SOSYAL G\u00dcVENL\u0130K KURUMU \u0130LA\u00c7 H\u0130ZMET\u0130N\u0130 Y\u0130NE DURDURDU!<\/span><\/span><\/strong><span style=\"font-size: small;\"><span style=\"font-family: Times New Roman;\">\u00a0<\/p>\n<p><font size=\"3\"><font face=\"Times New Roman\"><\/p>\n<p class=\"MsoNormal\" style=\"margin: 0cm 0cm 0pt;\">\u00a0<\/p>\n<p><\/font><\/font><\/span><font size=\"3\"><\/p>\n<p class=\"MsoNormal\" style=\"margin: 0cm 0cm 0pt;\">\u00a0<\/p>\n<p><\/font><\/span><\/p>\n<p class=\"MsoNormal\" style=\"margin: 0cm 0cm 0pt;\">\u00a0<\/p>\n<p class=\"MsoNormal\" style=\"margin: 0cm 0cm 0pt;\"><span style=\"font-size: small;\"><\/span><\/p>\n<p class=\"MsoNormal\" style=\"margin: 0cm 0cm 0pt;\"><span style=\"font-size: small;\"><span style=\"font-family: Times New Roman;\">Aylard\u0131r t\u00fcm eczac\u0131 \u00f6rg\u00fctlerinin tespitleri, uyar\u0131lar\u0131 yine g\u00f6z ard\u0131 edildi, yine \u00f6nemsenmedi. Sosyal G\u00fcvenlik Kurumu&#8217;nun biz eczac\u0131lara ve hastalar\u0131m\u0131za ya\u015fatt\u0131\u011f\u0131 kara g\u00fcnlere 1 Mart 2010 g\u00fcn\u00fc de eklendi.<\/span><\/span><\/p>\n<p class=\"MsoNormal\" style=\"margin: 0cm 0cm 0pt;\"><span style=\"font-size: small;\"><span style=\"font-family: Times New Roman;\">Sosyal G\u00fcvenlik Kurumu&#8217;nun altyap\u0131s\u0131 tamamlanmadan uygulamaya ge\u00e7ti\u011fi Medula Re\u00e7ete Provizyon Sistemi nedeniyle T\u00fcrkiye genelinde hastalar 36 saattir ila\u00e7lar\u0131na ula\u015fam\u0131yor. Kurumdan d\u00fcn yap\u0131lan a\u00e7\u0131klamada &#8220;zaman zaman sistemde yava\u015flamalar olmakla birlikte, gerekli \u00f6nlemler al\u0131nm\u0131\u015ft\u0131r&#8221; denildi. Ancak sorun bug\u00fcn de devam ediyor! Sosyal G\u00fcvenlik Kurumu ila\u00e7 hizmetini durduran yeni provizyon sisteminin ertelenmesi konusundaki uyar\u0131lar\u0131 acilen dikkate almal\u0131d\u0131r. \u00d6zellikle hayati \u00f6nem ta\u015f\u0131yan ila\u00e7lar\u0131na ula\u015famayan hastalar\u0131n ya\u015faca\u011f\u0131 sorunlar bir toplumsal faciaya d\u00f6n\u00fc\u015fmeden uygulama ertelenmelidir.<\/span><\/span><\/p>\n<p class=\"MsoNormal\" style=\"margin: 0cm 0cm 0pt;\"><span style=\"font-size: small;\"><span style=\"font-family: Times New Roman;\">Hastalar\u0131n re\u00e7etelerinin girildi\u011fi ve ila\u00e7lar\u0131n\u0131 vermek i\u00e7in gerekli onay\u0131n al\u0131nd\u0131\u011f\u0131 SGK&#8217;n\u0131n eski provizyon sistemindeki sorunlar\u0131 aktard\u0131\u011f\u0131m\u0131z kurum yetkililerinin canl\u0131 yay\u0131nlanan bir TV program\u0131nda Haziran 2009 tarihi itibariyle yeni provizyon sisteminin devreye girece\u011fi ve t\u00fcm sorunlar\u0131n giderilece\u011fi vaatleri h\u00e2l\u00e2 belleklerimizde. Ancak g\u00f6r\u00fcyoruz ki defalarca yap\u0131lan ertelemeler ve bir y\u0131l\u0131 a\u015fk\u0131n bir s\u00fcredir y\u00fcr\u00fct\u00fclen \u00e7al\u0131\u015fmalar gene tam bir fiyaskoyla sonu\u00e7land\u0131.<\/span><\/span><\/p>\n<p class=\"MsoNormal\" style=\"margin: 0cm 0cm 0pt;\"><span style=\"font-size: small;\"><span style=\"font-family: Times New Roman;\">Eczac\u0131lar ila\u00e7 veremiyor, hastalar\u0131m\u0131z ila\u00e7 alam\u0131yor!<\/span><\/span><\/p>\n<p class=\"MsoNormal\" style=\"margin: 0cm 0cm 0pt;\"><span style=\"font-size: small;\"><span style=\"font-family: Times New Roman;\">Yeni ge\u00e7ilen Medula Re\u00e7ete Provizyon Sistemi, \u00e7al\u0131\u015fmamas\u0131n\u0131n yan\u0131nda, bir\u00e7ok konuda da sisteme yap\u0131lan ek giri\u015f b\u00f6l\u00fcmleri nedeniyle eczac\u0131lar\u0131n y\u00fck\u00fcn\u00fc a\u011f\u0131rla\u015ft\u0131r\u0131yor. \u00d6nceki provizyon sisteminde sadece hasta ve ila\u00e7 ile ilgili sorgulama yap\u0131l\u0131rken, yeni sistemde bir de buna doktor bilgisi sorgusu eklendi. Art\u0131k eczac\u0131n\u0131n raporsuz bir re\u00e7eteyi sisteme kaydedip provizyon alabilmesi i\u00e7in onlarca bilgiyi sisteme girmesi gerekecek. Eczac\u0131y\u0131 bilgisayar ba\u015f\u0131na kilitleyen, asli g\u00f6revi olan ila\u00e7 dan\u0131\u015fmanl\u0131\u011f\u0131 hizmetini ortadan kald\u0131ran bu yeni provizyon sistemi, daha ilk g\u00fcnden ila\u00e7 hizmetini de durdurdu.<\/span><\/span><\/p>\n<p class=\"MsoNormal\" style=\"margin: 0cm 0cm 0pt;\"><span style=\"font-size: small;\"><span style=\"font-family: Times New Roman;\">Raporlu re\u00e7etelerde ise durum di\u011ferlerinden farkl\u0131 de\u011fil. Yeni sistemde rapor bilgileri sistemde kay\u0131tl\u0131 olmad\u0131\u011f\u0131ndan ve t\u00fcm raporlu hasta giri\u015fleri eczanelerde tek tek yap\u0131lmak zorunda oldu\u011fundan sistemin t\u00fcm y\u00fck\u00fc gene biz eczac\u0131lar\u0131n s\u0131rt\u0131na y\u00fckleniyor. Bu da b\u00fcy\u00fck bir yeni i\u015f g\u00fcc\u00fc anlam\u0131na geliyor.<\/span><\/span><\/p>\n<p class=\"MsoNormal\" style=\"margin: 0cm 0cm 0pt;\"><span style=\"font-size: small;\"><span style=\"font-family: Times New Roman;\">Sistem hi\u00e7bir \u015fekilde d\u00fczenli ve do\u011fru kay\u0131t yapma imkan\u0131n\u0131 tan\u0131m\u0131yor. Sisteme eklenen yeni butonlarla doktor tescil numaras\u0131, doktor ad\u0131-soyad\u0131, doktor diploma numaras\u0131 ve doktor bran\u015f\u0131n\u0131n sistemden sorgulanmas\u0131 isteniyor. Bu durum da ba\u015fl\u0131 ba\u015f\u0131na ayr\u0131 bir sorgulama ve hastalar\u0131m\u0131z bu sorgulama s\u00fcresince daha \u00e7ok beklemek zorundalar. Bu da yetmezmi\u015f gibi Medula Re\u00e7ete Provizyon Sisteminin konu ile ilgili veritaban\u0131 hem eksik, hem yanl\u0131\u015f bilgiler i\u00e7eriyor. Bu b\u00f6l\u00fcmle ilgili d\u00fczeltmeler hi\u00e7bir \u015fekilde eczanelerden yap\u0131lamad\u0131\u011f\u0131 i\u00e7in hastalar bilgilerin eklenmesi veya d\u00fczeltilmesi i\u00e7in ikinci ve \u00fc\u00e7\u00fcnc\u00fc basamak sa\u011fl\u0131k kurulu\u015flar\u0131na geri g\u00f6nderilmek zorunda kal\u0131n\u0131yor. Bir\u00e7ok hastanede hastalar sisteme do\u011fru giri\u015fleri yapacak yetkililere ula\u015famad\u0131klar\u0131ndan, hastane-eczane aras\u0131nda adeta mekik dokuyarak ila\u00e7lar\u0131n\u0131 bir t\u00fcrl\u00fc alma imkan\u0131na kavu\u015fam\u0131yorlar.<\/span><\/span><\/p>\n<p class=\"MsoNormal\" style=\"margin: 0cm 0cm 0pt;\"><span style=\"font-size: small;\"><span style=\"font-family: Times New Roman;\">Sistem o kadar acele ve haz\u0131rl\u0131ks\u0131z uygulanmaya al\u0131nm\u0131\u015f ki kurum bile ilk g\u00fcn sistem \u00fczerinde yay\u0131nlad\u0131\u011f\u0131 \u00fc\u00e7 yeni duyuru ile kaosu hafifletmeye \u00e7al\u0131\u015f\u0131yor.<\/span><\/span><\/p>\n<p class=\"MsoNormal\" style=\"margin: 0cm 0cm 0pt;\"><span style=\"font-size: small;\"><span style=\"font-family: Times New Roman;\">Yap\u0131lan bir\u00e7ok giri\u015f sistem taraf\u0131ndan anlams\u0131z ve mevzuatlara ayk\u0131r\u0131 bir \u015fekilde hata kodlar\u0131yla beraber uyar\u0131 veriyor. \u00d6rne\u011fin bir re\u00e7ete giri\u015finde sistemin verdi\u011fi mesajda a\u015fa\u011f\u0131daki ifadeler dikkat \u00e7ekiyor:<\/span><\/span><\/p>\n<p class=\"MsoNormal\" style=\"margin: 0cm 0cm 0pt;\"><span style=\"font-size: small;\"><span style=\"font-family: Times New Roman;\">&#8220;Re\u00e7eteyi yazan tesis t\u00fcr\u00fc uyumsuz, rapor d\u00fczenleme t\u00fcr\u00fc uyumsuz, raporu yazan doktorun bran\u015f\u0131 uyumsuz, (95374)&#8221;<\/span><\/span><\/p>\n<p class=\"MsoNormal\" style=\"margin: 0cm 0cm 0pt;\"><span style=\"font-size: small;\"><span style=\"font-family: Times New Roman;\">\u00a0<\/span><\/span><\/p>\n<p class=\"MsoNormal\" style=\"margin: 0cm 0cm 0pt;\"><span style=\"font-size: small;\"><span style=\"font-family: Times New Roman;\">Sosyal G\u00fcvenlik Kurumu yetkililerine sesleniyoruz! Ne tesis t\u00fcr\u00fc uyumsuz, ne raporlar uyumsuz, ne doktorun bran\u015f\u0131 uyumsuz. Uyumsuz olan sizlersiniz! Defalarca uygulamalar\u0131n\u0131z\u0131n hayata ge\u00e7irilmesinde g\u00f6sterdi\u011finiz \u00f6zensizlik ile ilgili uyar\u0131lar\u0131m\u0131za kulak vermediniz ve hizmet sunan taraflarla uyum sa\u011flamakta g\u00fc\u00e7l\u00fck \u00e7ekiyorsunuz.<\/span><\/span><\/p>\n<p class=\"MsoNormal\" style=\"margin: 0cm 0cm 0pt;\"><span style=\"font-size: small;\"><span style=\"font-family: Times New Roman;\">Bir\u00e7ok ilac\u0131n te\u015fhis kodlar\u0131 hatal\u0131, 1 ayl\u0131k tedavi uygulanan ila\u00e7larda sistem otomatik olarak 1 kutuya d\u00fc\u015f\u00fcr\u00fcyor.<\/span><\/span><\/p>\n<p class=\"MsoNormal\" style=\"margin: 0cm 0cm 0pt;\"><span style=\"font-size: small;\"><span style=\"font-family: Times New Roman;\">Evet, k\u0131saca \u00f6rneklemeye \u00e7al\u0131\u015ft\u0131\u011f\u0131m\u0131z y\u00fczlerce sistem hatas\u0131 meslekta\u015flar\u0131m\u0131z taraf\u0131ndan d\u00fcn g\u00fcn boyunca telefon, elektronik posta ve faks yoluyla odam\u0131za iletildi.<\/p>\n<p>Meslekta\u015flar\u0131m\u0131z taraf\u0131ndan gerek \u0130la\u00e7 Takip Sistemi uygulamas\u0131n\u0131n, gerekse Medula Re\u00e7ete Provizyon Sisteminin acilen kald\u0131r\u0131lmas\u0131 talep edildi.<\/span><\/span><\/p>\n<p class=\"MsoNormal\" style=\"margin: 0cm 0cm 0pt;\"><span style=\"font-size: small;\"><span style=\"font-family: Times New Roman;\">Biz de sistemi bu hali ile uygulamaya alan ba\u015fta Sosyal G\u00fcvenlik Kurumu Ba\u015fkan\u0131 Say\u0131n Emin Zarars\u0131z olmak \u00fczere t\u00fcm yetkililere sesleniyoruz. Eczac\u0131lar\u0131m\u0131za, hastalar\u0131m\u0131za verdi\u011finiz zarar art\u0131k yetti! Uygulamalar\u0131n\u0131z\u0131 ya \u00e7a\u011fda\u015f devlet anlay\u0131\u015f\u0131n\u0131n gere\u011fi olarak tek tarafl\u0131 dayatmalardan uzak, ilgili t\u00fcm taraflarla mutabakat\u0131n\u0131z\u0131 sa\u011flayarak hayata ge\u00e7irin ya da derhal istifa edin!<\/span><\/span><\/p>\n<p class=\"MsoNormal\" style=\"margin: 0cm 0cm 0pt;\"><span style=\"font-size: small;\"><span style=\"font-family: Times New Roman;\">Sayg\u0131lar\u0131m\u0131zla.<\/span><\/span><\/p>\n<p class=\"MsoNormal\" style=\"text-align: right; margin: 0cm 0cm 0pt;\" align=\"right\"><strong style=\"mso-bidi-font-weight: normal;\"><span style=\"font-size: small;\"><span style=\"font-family: Times New Roman;\">\u0130stanbul Eczac\u0131 Odas\u0131<br \/>Y\u00f6netim Kurulu<\/span><\/span><\/strong><\/p>\n","protected":false},"excerpt":{"rendered":"<p>Bug\u00fcn(02.03.2010) \u00f6\u011fle saatlerinde Oda merkezimizde bas\u0131n toplant\u0131s\u0131 d\u00fczenleyen Oda Ba\u015fkan\u0131m\u0131z Ecz. Semih G\u00fcng\u00f6r ve Genel Sekreterimiz Ecz. Hakan Ertem, Medula&#46;&#46;&#46;<\/p>\n","protected":false},"author":1,"featured_media":0,"comment_status":"closed","ping_status":"closed","sticky":false,"template":"","format":"standard","meta":{"_jetpack_memberships_contains_paid_content":false,"footnotes":""},"categories":[1],"tags":[],"class_list":["post-3688","post","type-post","status-publish","format-standard","hentry","category-ced"],"aioseo_notices":[],"jetpack_featured_media_url":"","jetpack_sharing_enabled":true,"jetpack-related-posts":[],"_links":{"self":[{"href":"http:\/\/www.ced.org.tr\/index.php?rest_route=\/wp\/v2\/posts\/3688","targetHints":{"allow":["GET"]}}],"collection":[{"href":"http:\/\/www.ced.org.tr\/index.php?rest_route=\/wp\/v2\/posts"}],"about":[{"href":"http:\/\/www.ced.org.tr\/index.php?rest_route=\/wp\/v2\/types\/post"}],"author":[{"embeddable":true,"href":"http:\/\/www.ced.org.tr\/index.php?rest_route=\/wp\/v2\/users\/1"}],"replies":[{"embeddable":true,"href":"http:\/\/www.ced.org.tr\/index.php?rest_route=%2Fwp%2Fv2%2Fcomments&post=3688"}],"version-history":[{"count":0,"href":"http:\/\/www.ced.org.tr\/index.php?rest_route=\/wp\/v2\/posts\/3688\/revisions"}],"wp:attachment":[{"href":"http:\/\/www.ced.org.tr\/index.php?rest_route=%2Fwp%2Fv2%2Fmedia&parent=3688"}],"wp:term":[{"taxonomy":"category","embeddable":true,"href":"http:\/\/www.ced.org.tr\/index.php?rest_route=%2Fwp%2Fv2%2Fcategories&post=3688"},{"taxonomy":"post_tag","embeddable":true,"href":"http:\/\/www.ced.org.tr\/index.php?rest_route=%2Fwp%2Fv2%2Ftags&post=3688"}],"curies":[{"name":"wp","href":"https:\/\/api.w.org\/{rel}","templated":true}]}}