{"id":3690,"date":"2010-03-04T15:35:50","date_gmt":"2010-03-04T13:35:50","guid":{"rendered":"http:\/\/www.ced.org.tr\/?p=3690"},"modified":"2010-03-04T15:35:50","modified_gmt":"2010-03-04T13:35:50","slug":"sgk-onunde-medula-protestosu","status":"publish","type":"post","link":"http:\/\/www.ced.org.tr\/?p=3690","title":{"rendered":"SGK \u00f6n\u00fcnde MEDULA protestosu"},"content":{"rendered":"<p class=\"MsoNormal\" style=\"text-align: center; margin: 0cm 0cm 0pt;\"><span style=\"font-family: Times New Roman; font-size: small;\"><img loading=\"lazy\" decoding=\"async\" src=\"images\/stories\/dernek\/medulaaciklama04032010.jpg\" border=\"0\" alt=\"bas\u0131n a\u00e7\u0131klamas\u0131\" width=\"404\" height=\"250\" style=\"margin: 4px 0px; vertical-align: top; border: 0px;\" \/><\/span><\/p>\n<p class=\"MsoNormal\" style=\"margin: 0cm 0cm 0pt;\">\u00a0<\/p>\n<p class=\"MsoNormal\" style=\"margin: 0cm 0cm 0pt;\"><span style=\"font-family: Times New Roman; font-size: small;\">\u00dc<\/span><span style=\"font-family: Times New Roman; font-size: small;\">sk\u00fcdar Do\u011fanc\u0131lar Sa\u011fl\u0131k Sosyal G\u00fcvenlik Merkezi \u00f6n\u00fcnde sabah saatlerinde beyaz \u00f6nl\u00fckleriyle toplanan y\u00fczlerce meslekta\u015flar\u0131m\u0131z MEDULA Re\u00e7ete Provizyon Sistemi&#8217;nin 4 g\u00fcnd\u00fcr \u00e7al\u0131\u015fmamas\u0131 nedeniyle ya\u015fanan ila\u00e7 krizini protesto etti. <\/p>\n<p>\u0130stanbul Tabip Odas\u0131 Genel Sekreteri Dr. H\u00fcseyin Demirdizen&#8217;in de kat\u0131larak destek verdi\u011fi bas\u0131n a\u00e7\u0131klamas\u0131 s\u0131ras\u0131nda Habert\u00fcrk televizyonu canl\u0131 yay\u0131n yapt\u0131.<\/span><\/p>\n<p class=\"MsoNormal\" style=\"margin: 0cm 0cm 0pt;\"><span style=\"font-family: Times New Roman; font-size: small;\">Bas\u0131n a\u00e7\u0131klamas\u0131n\u0131 \u0130stanbul Eczac\u0131 Odas\u0131 Ba\u015fkan\u0131 Ecz. Semih G\u00fcng\u00f6r yapt\u0131\u011f\u0131 a\u00e7\u0131klamada, \u00fclke genelinde ila\u00e7 hizmetini durduran bu sorun \u00e7\u00f6z\u00fclmedi\u011fi takdirde daha etkili eylemler yap\u0131laca\u011f\u0131n\u0131 vurgulad\u0131. Bas\u0131n a\u00e7\u0131klamas\u0131n\u0131 a\u015fa\u011f\u0131da bilginize sunuyoruz.<\/span><span style=\"font-family: Times New Roman; font-size: small;\"> <\/p>\n<p><span style=\"font-family: Times New Roman; font-size: small;\"><\/p>\n<p><p class=\"MsoNormal\" style=\"margin: 0cm 0cm 0pt;\">\u00a0<\/p>\n<\/p>\n<p><\/span><\/span><\/p>\n<p><p class=\"MsoNormal\" style=\"margin: 0cm 0cm 0pt;\"><strong style=\"mso-bidi-font-weight: normal;\"><span style=\"font-size: small;\"><span style=\"font-family: Times New Roman;\">BASINA VE KAMUOYUNA<\/span><\/span><\/strong><\/p>\n<\/p>\n<p class=\"MsoNormal\" style=\"margin: 0cm 0cm 0pt;\"><strong style=\"mso-bidi-font-weight: normal;\"><span style=\"font-size: small;\"><span style=\"font-family: Times New Roman;\">4 g\u00fcn oldu, hastalar ila\u00e7s\u0131z, eczac\u0131 \u00e7aresiz!<\/span><\/span><\/strong><\/p>\n<p class=\"MsoNormal\" style=\"margin: 0cm 0cm 0pt;\"><span style=\"font-family: Times New Roman; font-size: small;\">Sosyal G\u00fcvenlik Kurumu, MEDULA Re\u00e7ete Provizyon Sistemi&#8217;ne ge\u00e7eli 4 g\u00fcn oldu ve daha ilk saatlerde ba\u015flayan ila\u00e7 krizi h\u00e2l\u00e2 devam ediyor. Re\u00e7ete giri\u015fleri yap\u0131lamad\u0131\u011f\u0131 i\u00e7in hastalar ila\u00e7lar\u0131na ula\u015fam\u0131yor, eczac\u0131lar ila\u00e7 hizmeti veremiyor.<\/span><\/p>\n<p class=\"MsoNormal\" style=\"margin: 0cm 0cm 0pt;\"><span style=\"font-family: Times New Roman; font-size: small;\">Hastalar\u0131n re\u00e7etelerinin girildi\u011fi ve ila\u00e7lar\u0131n\u0131 vermek i\u00e7in gerekli onay\u0131n al\u0131nd\u0131\u011f\u0131 provizyon sisteminde, 1 Mart Pazartesi g\u00fcn\u00fc itibariyle MEDULA&#8217;ya ge\u00e7ildi. Ancak daha ilk saatlerinde \u00e7\u00f6ken yeni sistem nedeniyle, \u00fclke genelinde ila\u00e7 hizmeti durdu.<\/span><\/p>\n<p class=\"MsoNormal\" style=\"margin: 0cm 0cm 0pt;\"><span style=\"font-family: Times New Roman; font-size: small;\">Hastalar d\u00f6rt g\u00fcnd\u00fcr ila\u00e7lar\u0131n\u0131 ceplerinden \u00f6demek zorunda b\u0131rak\u0131l\u0131yor. \u00d6zellikle kanser vb. hastal\u0131klarda kullan\u0131lan pahal\u0131 ila\u00e7lar\u0131 almak zorunda olan acil hastalar kaderlerine terk edilmi\u015f durumda. Sorun yaln\u0131zca ila\u00e7 hizmetinde ya\u015fanm\u0131yor, hastanelerde de kullan\u0131lan MEDULA sisteminin i\u015flememesi nedeniyle hastalar\u0131n muayene, tahlil ve tetkik i\u015flemleri yap\u0131lam\u0131yor.<\/span><\/p>\n<p class=\"MsoNormal\" style=\"margin: 0cm 0cm 0pt;\"><span style=\"font-family: Times New Roman; font-size: small;\">D\u00fcn Anadolu Ajans\u0131, MEDULA sisteminin ertelendi\u011fi y\u00f6n\u00fcnde bir haber ge\u00e7ti. Ancak bu haber do\u011fru de\u011fildir. Ertelenen \u0130la\u00e7 Takip Sistemi&#8217;ne ge\u00e7i\u015ftir. MEDULA Re\u00e7ete Provizyon Sistemi d\u00f6rt g\u00fcnd\u00fcr ya\u015fanan sorunlara kar\u015f\u0131n h\u00e2l\u00e2 ertelenmemi\u015ftir ve sorunlar\u0131m\u0131z devam etmektedir. \u0130la\u00e7 Takip Sistemi&#8217;nin ertelenmesi ile sorun \u00e7\u00f6z\u00fclm\u00fc\u015f gibi bir hava yarat\u0131lmak istenmektedir. Ancak MEDULA Re\u00e7ete Provizyon Sistemi&#8217;nin altyap\u0131 eksikliklerine kar\u015f\u0131n uygulanmas\u0131 nedeniyle ila\u00e7 hizmetinde ya\u015fanan sorun aynen devam etmektedir. Bu sorunun \u00e7\u00f6z\u00fclmesi i\u00e7in, Sosyal G\u00fcvenlik Kurumu&#8217;nun MEDULA Re\u00e7ete Provizyon Sistemi&#8217;ni gerekli altyap\u0131 \u00e7al\u0131\u015fmalar\u0131 tamamlan\u0131ncaya kadar ertelemesi gerekmektedir. Sosyal G\u00fcvenlik Kurumu bu s\u00fcre\u00e7te eski re\u00e7ete provizyon sisteminden i\u015flemlerin yap\u0131lmas\u0131n\u0131 sa\u011flamal\u0131d\u0131r.<\/span><\/p>\n<p class=\"MsoNormal\" style=\"margin: 0cm 0cm 0pt;\"><span style=\"font-family: Times New Roman; font-size: small;\">SGK yetkililerine sesleniyoruz: Daha fazla ma\u011fduriyete yol a\u00e7madan MEDULA Re\u00e7ete Provizyon Sistemini erteleyin!<\/span><\/p>\n<p class=\"MsoNormal\" style=\"margin: 0cm 0cm 0pt;\"><span style=\"font-family: Times New Roman; font-size: small;\">Say\u0131n Sa\u011fl\u0131k Bakan\u0131 Recep Akda\u011f da yapt\u0131\u011f\u0131 a\u00e7\u0131klamada &#8220;sahada baz\u0131 problemler ya\u015fand\u0131\u011f\u0131n\u0131 g\u00f6zlemlediklerini ve bu g\u00f6zlemlerini Kurum yetkililerine ilettiklerini&#8221; belirtmi\u015ftir. Akda\u011f konuyla ilgili olarak SGK yetkililerinin hummal\u0131 bir \u00e7al\u0131\u015fma i\u00e7erisinde olduklar\u0131n\u0131 da ifade etmi\u015ftir. Biz eczac\u0131lar olarak sa\u011fl\u0131k alan\u0131nda yap\u0131lan d\u00fczenlemelerin &#8220;\u00d6nce bir ba\u015flayal\u0131m, uygulama s\u0131ras\u0131nda aksakl\u0131klar\u0131 da d\u00fczeltiriz&#8221; mant\u0131\u011f\u0131yla yap\u0131lamayaca\u011f\u0131n\u0131, sorumlulu\u011fumuz gere\u011fi bir kez daha yetkililere hat\u0131rlatmay\u0131 g\u00f6rev biliyoruz. Umar\u0131z Say\u0131n Sa\u011fl\u0131k Bakan\u0131n\u0131n s\u00f6z\u00fcn\u00fc etti\u011fi &#8220;hummal\u0131 \u00e7al\u0131\u015fmalar&#8221;, sa\u011fl\u0131k alan\u0131nda ya\u015fanan bu fiyasko daha da a\u011f\u0131r bir tabloya neden olmadan sonu\u00e7 verir.<\/span><\/p>\n<p class=\"MsoNormal\" style=\"margin: 0cm 0cm 0pt;\"><span style=\"font-family: Times New Roman; font-size: small;\">Yetkilileri, i\u015flemeyen MEDULA Re\u00e7ete Provizyon Sistemi&#8217;ni sa\u011fl\u0131kta b\u00fcy\u00fck bir faciaya neden olmadan bir an \u00f6nce ertelenmeye \u00e7a\u011f\u0131r\u0131yoruz. Ya\u015fanan t\u00fcm sorunlara kar\u015f\u0131n b+u sistemi s\u00fcrd\u00fcrmekte \u0131srar eden ba\u015fta SGK Ba\u015fkan\u0131 Emin Zarars\u0131z olmak \u00fczere t\u00fcm kurum yetkililerine \u00e7a\u011fr\u0131m\u0131zd\u0131r: Eczac\u0131lar\u0131m\u0131za, hastalar\u0131m\u0131za verdi\u011finiz zarar art\u0131k yetti! Uygulamalar\u0131n\u0131z\u0131 ya \u00e7a\u011fda\u015f devlet anlay\u0131\u015f\u0131n\u0131n gere\u011fi olarak tek tarafl\u0131 dayatmalardan uzak, ilgili t\u00fcm taraflarla mutabakat\u0131n\u0131z\u0131 sa\u011flayarak hayata ge\u00e7irin ya da istifa edin!<\/span><\/p>\n<p class=\"MsoNormal\" style=\"margin: 0cm 0cm 0pt;\"><span style=\"font-family: Times New Roman; font-size: small;\">\u00a0<\/span><\/p>\n<p class=\"MsoNormal\" style=\"text-align: right; margin: 0cm 0cm 0pt;\" align=\"right\"><strong style=\"mso-bidi-font-weight: normal;\"><span style=\"font-size: small;\"><span style=\"font-family: Times New Roman;\">\u0130stanbul Eczac\u0131 Odas\u0131<br \/>Y\u00f6netim Kurulu<\/span><\/span><\/strong><\/p>\n","protected":false},"excerpt":{"rendered":"<p>\u00a0 \u00dcsk\u00fcdar Do\u011fanc\u0131lar Sa\u011fl\u0131k Sosyal G\u00fcvenlik Merkezi \u00f6n\u00fcnde sabah saatlerinde beyaz \u00f6nl\u00fckleriyle toplanan y\u00fczlerce meslekta\u015flar\u0131m\u0131z MEDULA Re\u00e7ete Provizyon Sistemi&#8217;nin 4&#46;&#46;&#46;<\/p>\n","protected":false},"author":1,"featured_media":0,"comment_status":"closed","ping_status":"closed","sticky":false,"template":"","format":"standard","meta":{"_jetpack_memberships_contains_paid_content":false,"footnotes":""},"categories":[1],"tags":[],"class_list":["post-3690","post","type-post","status-publish","format-standard","hentry","category-ced"],"aioseo_notices":[],"jetpack_featured_media_url":"","jetpack_sharing_enabled":true,"jetpack-related-posts":[],"_links":{"self":[{"href":"http:\/\/www.ced.org.tr\/index.php?rest_route=\/wp\/v2\/posts\/3690","targetHints":{"allow":["GET"]}}],"collection":[{"href":"http:\/\/www.ced.org.tr\/index.php?rest_route=\/wp\/v2\/posts"}],"about":[{"href":"http:\/\/www.ced.org.tr\/index.php?rest_route=\/wp\/v2\/types\/post"}],"author":[{"embeddable":true,"href":"http:\/\/www.ced.org.tr\/index.php?rest_route=\/wp\/v2\/users\/1"}],"replies":[{"embeddable":true,"href":"http:\/\/www.ced.org.tr\/index.php?rest_route=%2Fwp%2Fv2%2Fcomments&post=3690"}],"version-history":[{"count":0,"href":"http:\/\/www.ced.org.tr\/index.php?rest_route=\/wp\/v2\/posts\/3690\/revisions"}],"wp:attachment":[{"href":"http:\/\/www.ced.org.tr\/index.php?rest_route=%2Fwp%2Fv2%2Fmedia&parent=3690"}],"wp:term":[{"taxonomy":"category","embeddable":true,"href":"http:\/\/www.ced.org.tr\/index.php?rest_route=%2Fwp%2Fv2%2Fcategories&post=3690"},{"taxonomy":"post_tag","embeddable":true,"href":"http:\/\/www.ced.org.tr\/index.php?rest_route=%2Fwp%2Fv2%2Ftags&post=3690"}],"curies":[{"name":"wp","href":"https:\/\/api.w.org\/{rel}","templated":true}]}}