{"id":3693,"date":"2010-03-09T15:25:24","date_gmt":"2010-03-09T13:25:24","guid":{"rendered":"http:\/\/www.ced.org.tr\/?p=3693"},"modified":"2010-03-09T15:25:24","modified_gmt":"2010-03-09T13:25:24","slug":"bes-eczaci-odasindan-ortak-deklarasyon","status":"publish","type":"post","link":"http:\/\/www.ced.org.tr\/?p=3693","title":{"rendered":"BE\u015e ECZACI ODASI&#8217;NDAN ORTAK DEKLARASYON"},"content":{"rendered":"<p class=\"MsoNormal\" style=\"margin: 0cm 0cm 0pt;\"><strong style=\"mso-bidi-font-weight: normal;\"><span style=\"font-size: small;\"><span style=\"font-family: Times New Roman;\">Eczac\u0131 Kamuoyuna<\/span><\/span><\/strong><\/p>\n<p class=\"MsoNormal\" style=\"margin: 0cm 0cm 0pt;\"><span style=\"font-family: Times New Roman; font-size: small;\">\u00a0<\/span><\/p>\n<p class=\"MsoNormal\" style=\"margin: 0cm 0cm 0pt;\"><span style=\"font-family: Times New Roman; font-size: small;\">Sa\u011fl\u0131k Bakanl\u0131\u011f\u0131 \u0130la\u00e7 ve Eczac\u0131l\u0131k Genel M\u00fcd\u00fcrl\u00fc\u011f\u00fc taraf\u0131ndan 2 Mart 2010 tarihinde yay\u0131nlanan 2010\/12 say\u0131l\u0131 genelge ile \u0130la\u00e7 Takip Sistemi&#8217;nin 16 May\u0131s 2010 tarihine ertelenmesi ile sistemin 01.01.2011 olan ba\u015flang\u0131\u00e7 tarihi 6 ay \u00f6ne \u00e7ekilmi\u015ftir.<\/span><\/p>\n<p class=\"MsoNormal\" style=\"margin: 0cm 0cm 0pt;\"><span style=\"font-family: Times New Roman; font-size: small;\">T\u00fcrk Eczac\u0131lar\u0131 Birli\u011fi, \u0130la\u00e7 Takip Sistemi&#8217;ne ge\u00e7i\u015fi h\u0131zland\u0131ran bu genelge kar\u015f\u0131s\u0131nda bug\u00fcne kadar suskunlu\u011funu korumu\u015f ve ortaya herhangi bir tepki koymam\u0131\u015ft\u0131r. Bu sessizlik eczac\u0131 kamuoyunun akl\u0131na kapal\u0131 kap\u0131lar ard\u0131nda nas\u0131l bir pazarl\u0131k yap\u0131ld\u0131\u011f\u0131 ile ilgili soru i\u015faretleri getirmektedir. \u0130la\u00e7 sanayisi ile ilgili bakanl\u0131klar aras\u0131nda s\u00fcregelen, \u0130la\u00e7 Takip Sistemi&#8217;nin ertelenmesi talepli g\u00f6r\u00fc\u015fmelerin i\u00e7erisinde yer alan T\u00fcrk Eczac\u0131lar\u0131 Birli\u011fi Merkez Heyeti&#8217;nin, geli\u015fmelerle ilgili bilgi sahibi olmamas\u0131 m\u00fcmk\u00fcn de\u011fildir.<\/span><\/p>\n<p class=\"MsoNormal\" style=\"margin: 0cm 0cm 0pt;\"><span style=\"font-family: Times New Roman; font-size: small;\">\u0130la\u00e7 Takip Sistemi ile ilgili b\u00fct\u00fcn olmazsa olmazlar\u0131 h\u00e2l\u00e2 \u00e7\u00f6z\u00fcm beklerken, TEB&#8217;in yay\u0131mlanan genelgeye tepkisiz kalarak neyi ama\u00e7lad\u0131\u011f\u0131n\u0131 anlamak m\u00fcmk\u00fcn de\u011fildir. Bu sessizlik 5 Mart Cuma g\u00fcn\u00fc hem SGK Ba\u015fkan\u0131 Emin Zarars\u0131z&#8217;\u0131n hem de \u00c7al\u0131\u015fma ve Sosyal G\u00fcvenlik Bakan\u0131 \u00d6mer Din\u00e7er&#8217;in a\u00e7\u0131klamalar\u0131 kar\u015f\u0131s\u0131nda da devam etmektedir.<\/span><\/p>\n<p class=\"MsoNormal\" style=\"margin: 0cm 0cm 0pt;\"><span style=\"font-family: Times New Roman; font-size: small;\">SGK Ba\u015fkan\u0131 Emin Zarars\u0131z eczac\u0131lar\u0131n ilac\u0131n denetlenmesine kar\u015f\u0131 \u00e7\u0131kt\u0131klar\u0131n\u0131, eczanelerinde faturas\u0131z ila\u00e7 satmalar\u0131 nedeni ile olu\u015fan stok fazlal\u0131\u011f\u0131n\u0131n aff\u0131 i\u00e7in SGK&#8217;y\u0131 kulland\u0131klar\u0131n\u0131, eczanelerin iddia edilenin aksine h\u00e2l\u00e2 kapanmad\u0131\u011f\u0131n\u0131, T\u00fcrk Eczac\u0131lar\u0131 Birli\u011fi&#8217;nin Kurum ile olan g\u00f6r\u00fc\u015fmelerinde farkl\u0131, eczac\u0131 kamuoyuna farkl\u0131 mesajlar verdi\u011fini ifade etmi\u015ftir.<\/span><\/p>\n<p class=\"MsoNormal\" style=\"margin: 0cm 0cm 0pt;\"><span style=\"font-family: Times New Roman; font-size: small;\">\u00c7al\u0131\u015fma ve Sosyal G\u00fcvenlik Bakan\u0131 Say\u0131n \u00d6mer Din\u00e7er ise yapt\u0131\u011f\u0131 a\u00e7\u0131klamada, 16 May\u0131s&#8217;a kadar kapal\u0131 olacak bir sisteme, yani karekoda, erken ge\u00e7en eczanelere erken \u00f6deme yap\u0131laca\u011f\u0131n\u0131, sisteme ge\u00e7meyen eczac\u0131lara ise hi\u00e7bir \u00f6deme yap\u0131lmayaca\u011f\u0131n\u0131 (ki bu hukuken ve \u0130la\u00e7 Al\u0131m Protokol\u00fc gere\u011fi m\u00fcmk\u00fcn de\u011fildir) belirterek eczac\u0131 kamuoyunu etkilemeye \u00e7al\u0131\u015fm\u0131\u015f, Medula Re\u00e7ete Provizyon Sistemi&#8217;ndeki aksamalar\u0131n sorumlusu olarak eczac\u0131y\u0131 adres g\u00f6stermi\u015ftir. Eczac\u0131lar\u0131 a\u00e7\u0131k\u00e7a tehdit eden ve b\u00f6lmeyi ama\u00e7layan bu a\u00e7\u0131klamaya T\u00fcrk Eczac\u0131lar\u0131 Birli\u011fi&#8217;nin sessiz kalmas\u0131 kabul edilemez bir davran\u0131\u015ft\u0131r.<\/span><\/p>\n<p class=\"MsoNormal\" style=\"margin: 0cm 0cm 0pt;\"><span style=\"font-family: Times New Roman; font-size: small;\">Sa\u011fl\u0131k Bakanl\u0131\u011f\u0131&#8217;nca yay\u0131nlanan ve \u0130la\u00e7 Takip Sistemi uygulamas\u0131n\u0131 6 ay \u00f6ne \u00e7eken 2010\/12 say\u0131l\u0131 genelge, bu sistemin ilac\u0131 denetleyece\u011fi ve sahte ilac\u0131 \u00f6nleyece\u011fi mant\u0131\u011f\u0131na da ters d\u00fc\u015fen bir uygulama getirmektedir. Hem ila\u00e7 deposundaki hem de eczanedeki ilac\u0131n karekodlanmas\u0131 nas\u0131l m\u00fcmk\u00fcn olacakt\u0131r? \u00a0E\u011fer T\u00fcrkiye&#8217;de iddia edildi\u011fi gibi sahte ila\u00e7 varsa bu y\u00f6ntem sahte ilac\u0131 da legal hale getirmeyecek midir? Yoksa as\u0131l ama\u00e7 bize ve kamuoyuna anlat\u0131ld\u0131\u011f\u0131 gibi ilac\u0131 takip etmek de\u011fil de sadece eczac\u0131y\u0131 ve eczanede olu\u015fan verileri mi takip etmektir?<\/span><\/p>\n<p class=\"MsoNormal\" style=\"margin: 0cm 0cm 0pt;\"><span style=\"font-family: Times New Roman; font-size: small;\">Medula Re\u00e7ete Provizyon program\u0131n\u0131n i\u015fletim sisteminin mant\u0131\u011f\u0131n\u0131n h\u0131zl\u0131 re\u00e7ete giri\u015fine imkan sa\u011flayamayaca\u011f\u0131 bilgi i\u015flem uzmanlar\u0131nca \u0131srarla dile getirilmesine ve bu sistemin d\u00fczg\u00fcn \u00e7al\u0131\u015fmas\u0131n\u0131n m\u00fcmk\u00fcn olamayaca\u011f\u0131n\u0131n belirtilmesine ra\u011fmen, T\u00fcrk Eczac\u0131lar\u0131 Birli\u011fi Merkez Heyeti taraf\u0131ndan sadece sistemin ertelenmesi i\u00e7in Sosyal G\u00fcvenlik Kurumu&#8217;na yaz\u0131 yaz\u0131lmas\u0131 ya\u015fanan kaos ortam\u0131n\u0131 ortadan kald\u0131racak ve eczac\u0131y\u0131 rahatlatacak bir giri\u015fim de\u011fildir.<\/span><\/p>\n<p class=\"MsoNormal\" style=\"margin: 0cm 0cm 0pt;\"><span style=\"font-family: Times New Roman; font-size: small;\">Kamu Kurum \u0130skontosu zararlar\u0131 h\u00e2l\u00e2 eczac\u0131n\u0131n \u00fczerinde bir y\u00fck olarak durmaktad\u0131r.<\/span><\/p>\n<p class=\"MsoNormal\" style=\"margin: 0cm 0cm 0pt;\"><span style=\"font-family: Times New Roman; font-size: small;\">\u0130la\u00e7 Fiyat Kararnamesi&#8217;nde yap\u0131lacak de\u011fi\u015fiklikle eczac\u0131 k\u00e2rl\u0131l\u0131\u011f\u0131n\u0131n art\u0131r\u0131lmas\u0131 ve eczac\u0131ya meslek hakk\u0131 verilmesi hususunda bug\u00fcne kadar hi\u00e7bir somut ad\u0131m at\u0131lmam\u0131\u015ft\u0131r.<\/span><\/p>\n<p class=\"MsoNormal\" style=\"margin: 0cm 0cm 0pt;\"><span style=\"font-family: Times New Roman; font-size: small;\">T\u00fcrk Eczac\u0131lar\u0131 Birli\u011fi&#8217;nin ya\u015fanan bu s\u00fcre\u00e7te yetersiz ve pasif kalmas\u0131, eczac\u0131n\u0131n ekonomik sorunlar\u0131na kar\u015f\u0131 hi\u00e7bir \u00e7\u00f6z\u00fcm \u00fcretememesi, eczac\u0131n\u0131n dayanma g\u00fcc\u00fcn\u00fc ortadan kald\u0131rm\u0131\u015f ve Birli\u011fine olan g\u00fcvenini zay\u0131flatm\u0131\u015ft\u0131r.<\/span><\/p>\n<p class=\"MsoNormal\" style=\"margin: 0cm 0cm 0pt;\"><span style=\"font-family: Times New Roman; font-size: small;\">Amasya, Bursa, \u0130stanbul, Kocaeli ve Zonguldak Eczac\u0131 Odalar\u0131 olarak, T\u00fcrk Eczac\u0131lar\u0131 Birli\u011fi Merkez Heyeti taraf\u0131ndan ivedilikle Ba\u015fkanlar Dan\u0131\u015fma Kurulu&#8217;nun toplanmas\u0131n\u0131 ve sorunlar\u0131m\u0131za \u00e7\u00f6z\u00fcm \u00fcretecek, aktif, payla\u015f\u0131mc\u0131, kat\u0131l\u0131mc\u0131 bir yap\u0131n\u0131n olu\u015fturulmas\u0131n\u0131n sa\u011flanmas\u0131n\u0131 talep ediyoruz.<\/span><\/p>\n<p class=\"MsoNormal\" style=\"margin: 0cm 0cm 0pt;\"><span style=\"font-family: Times New Roman; font-size: small;\">Bu \u00e7a\u011fr\u0131m\u0131z sonu\u00e7suz kald\u0131\u011f\u0131 takdirde, biz yukar\u0131da ad\u0131 ge\u00e7en eczac\u0131 odalar\u0131 sorunun de\u011fil ama \u00e7\u00f6z\u00fcm\u00fcn bir par\u00e7as\u0131 olmak ad\u0131na, \u00fczerimize d\u00fc\u015fen g\u00f6revi yerine getirece\u011fimizin eczac\u0131 kamuoyunca bilinmesini istiyoruz.<\/span><\/p>\n<p class=\"MsoNormal\" style=\"margin: 0cm 0cm 0pt;\"><span style=\"font-family: Times New Roman; font-size: small;\">Sayg\u0131lar\u0131m\u0131zla,<\/span><\/p>\n<p class=\"MsoNormal\" style=\"margin: 0cm 0cm 0pt;\"><span style=\"font-family: Times New Roman; font-size: small;\">\u00a0<\/span><\/p>\n<p class=\"MsoNormal\" style=\"text-align: right; margin: 0cm 0cm 0pt;\" align=\"right\"><strong style=\"mso-bidi-font-weight: normal;\"><span style=\"font-size: small;\"><span style=\"font-family: Times New Roman;\">Amasya Eczac\u0131 Odas\u0131<br \/>Bursa Eczac\u0131 Odas\u0131<br \/>\u0130stanbul Eczac\u0131 Odas\u0131<br \/>Kocaeli Eczac\u0131 Odas\u0131<br \/>Zonguldak Eczac\u0131 Odas\u0131<\/span><\/span><\/strong><\/p>\n","protected":false},"excerpt":{"rendered":"<p>Eczac\u0131 Kamuoyuna \u00a0 Sa\u011fl\u0131k Bakanl\u0131\u011f\u0131 \u0130la\u00e7 ve Eczac\u0131l\u0131k Genel M\u00fcd\u00fcrl\u00fc\u011f\u00fc taraf\u0131ndan 2 Mart 2010 tarihinde yay\u0131nlanan 2010\/12 say\u0131l\u0131 genelge ile&#46;&#46;&#46;<\/p>\n","protected":false},"author":1,"featured_media":0,"comment_status":"closed","ping_status":"closed","sticky":false,"template":"","format":"standard","meta":{"_jetpack_memberships_contains_paid_content":false,"footnotes":""},"categories":[1],"tags":[],"class_list":["post-3693","post","type-post","status-publish","format-standard","hentry","category-ced"],"aioseo_notices":[],"jetpack_featured_media_url":"","jetpack_sharing_enabled":true,"jetpack-related-posts":[],"_links":{"self":[{"href":"http:\/\/www.ced.org.tr\/index.php?rest_route=\/wp\/v2\/posts\/3693","targetHints":{"allow":["GET"]}}],"collection":[{"href":"http:\/\/www.ced.org.tr\/index.php?rest_route=\/wp\/v2\/posts"}],"about":[{"href":"http:\/\/www.ced.org.tr\/index.php?rest_route=\/wp\/v2\/types\/post"}],"author":[{"embeddable":true,"href":"http:\/\/www.ced.org.tr\/index.php?rest_route=\/wp\/v2\/users\/1"}],"replies":[{"embeddable":true,"href":"http:\/\/www.ced.org.tr\/index.php?rest_route=%2Fwp%2Fv2%2Fcomments&post=3693"}],"version-history":[{"count":0,"href":"http:\/\/www.ced.org.tr\/index.php?rest_route=\/wp\/v2\/posts\/3693\/revisions"}],"wp:attachment":[{"href":"http:\/\/www.ced.org.tr\/index.php?rest_route=%2Fwp%2Fv2%2Fmedia&parent=3693"}],"wp:term":[{"taxonomy":"category","embeddable":true,"href":"http:\/\/www.ced.org.tr\/index.php?rest_route=%2Fwp%2Fv2%2Fcategories&post=3693"},{"taxonomy":"post_tag","embeddable":true,"href":"http:\/\/www.ced.org.tr\/index.php?rest_route=%2Fwp%2Fv2%2Ftags&post=3693"}],"curies":[{"name":"wp","href":"https:\/\/api.w.org\/{rel}","templated":true}]}}