{"id":3698,"date":"2010-03-26T08:55:41","date_gmt":"2010-03-26T06:55:41","guid":{"rendered":"http:\/\/www.ced.org.tr\/?p=3698"},"modified":"2010-03-26T08:55:41","modified_gmt":"2010-03-26T06:55:41","slug":"ilac-takip-sistemi-eczaciya-denetimle-dayatilamaz","status":"publish","type":"post","link":"http:\/\/www.ced.org.tr\/?p=3698","title":{"rendered":"\u0130la\u00e7 Takip Sistemi eczac\u0131ya denetimle dayat\u0131lamaz!"},"content":{"rendered":"<p class=\"MsoNormal\" style=\"margin: 0cm 0cm 0pt;\"><span style=\"font-family: Times New Roman; font-size: small;\">Son iki g\u00fcnd\u00fcr \u0130stanbul genelinde Sa\u011fl\u0131k Grup Ba\u015fkanl\u0131klar\u0131 taraf\u0131ndan eczanelerimize y\u00f6nelik denetimler ba\u015flat\u0131lm\u0131\u015ft\u0131r. Bu denetimlerde \u0130la\u00e7 Takip Sistemi&#8217;nin altyap\u0131s\u0131n\u0131 olu\u015fturan karekod okuyucu ve gerekli yaz\u0131l\u0131m\u0131n eczanede bulunup bulunmad\u0131\u011f\u0131, GLN numaralar\u0131n\u0131n aktif hale getirilip getirilmedi\u011fi sorgulanmaktad\u0131r. Baz\u0131 b\u00f6lgelerde eczaneleri ziyaret eden grup ba\u015fkanl\u0131klar\u0131n\u0131n yetkilileri \u0130TS i\u00e7in gereken altyap\u0131y\u0131 haz\u0131rlamayan meslekta\u015flar\u0131m\u0131za, her hafta bu denetimlerin ger\u00e7ekle\u015ftirilece\u011fini ve altyap\u0131y\u0131 haz\u0131rlamayanlar\u0131n Sa\u011fl\u0131k Bakanl\u0131\u011f\u0131&#8217;na d\u00fczenli olarak rapor edilece\u011fini bildirmektedirler. Meslekta\u015flar\u0131m\u0131z \u00fczerinde bu konuda giderek artan bir bask\u0131 olu\u015fturulmaya \u00e7al\u0131\u015f\u0131lmaktad\u0131r.<\/span><\/p>\n<p class=\"MsoNormal\" style=\"margin: 0cm 0cm 0pt;\"><span style=\"font-family: Times New Roman; font-size: small;\">Eczanelerimizde \u0130la\u00e7 Takip Sistemi&#8217;nin hayata ge\u00e7mesine y\u00f6nelik altyap\u0131 olu\u015fturulmas\u0131 amac\u0131yla yap\u0131lan denetimler hukuka ayk\u0131r\u0131d\u0131r.<\/span><\/p>\n<p class=\"MsoNormal\" style=\"margin: 0cm 0cm 0pt;\"><span style=\"font-family: Times New Roman; font-size: small;\">\u0130l Sa\u011fl\u0131k M\u00fcd\u00fcrl\u00fc\u011f\u00fc&#8217;ne ba\u011fl\u0131 grup ba\u015fkanl\u0131klar\u0131nca yap\u0131lan bu denetimler, kanun ve y\u00f6netmelik h\u00fck\u00fcmleri gere\u011fi eczac\u0131lar\u0131n uymakla m\u00fckellef oldu\u011fu hususlar\u0131 denetlemekten ibaret olmal\u0131d\u0131r. Eczanelerde yaz\u0131l\u0131m, karekod okuyucusu vb. hususlar\u0131 d\u00fczenleyen bir kanun ve y\u00f6netmelik ise bulunmamaktad\u0131r. Bu denetimler, 6197 say\u0131l\u0131 Yasaya ve Eczane ve Eczane Hizmetleri Hakk\u0131nda Y\u00f6netmelik h\u00fck\u00fcmlerine uygun olmak zorundad\u0131r.<\/span><\/p>\n<p class=\"MsoNormal\" style=\"margin: 0cm 0cm 0pt;\"><span style=\"font-family: Times New Roman; font-size: small;\">Sa\u011fl\u0131k Bakanl\u0131\u011f\u0131&#8217;na eczanelerimize yap\u0131lan denetlemelerde hukuka uygun davran\u0131lmas\u0131 konusunda Oda olarak ba\u015fvuruda bulunduk. T\u00fcm meslekta\u015flar\u0131m\u0131z\u0131 da \u0130TS konusunda olu\u015fturulmaya \u00e7al\u0131\u015f\u0131lan bask\u0131 ortam\u0131n\u0131 kabul etmemeye ve eczanelerine gelen yetkililere bu konuda bir denetim yapamayacaklar\u0131n\u0131 hat\u0131rlatmaya \u00e7a\u011f\u0131r\u0131yoruz.<\/span><\/p>\n<p class=\"MsoNormal\" style=\"margin: 0cm 0cm 0pt;\"><span style=\"font-family: Times New Roman; font-size: small;\">Meslekta\u015flar\u0131m\u0131z\u0131n bilgisine \u00f6nemle sunar\u0131z.<\/span><\/p>\n<p class=\"MsoNormal\" style=\"margin: 0cm 0cm 0pt;\"><span style=\"font-family: Times New Roman; font-size: small;\">\u00a0<\/span><\/p>\n<p class=\"MsoNormal\" style=\"text-align: right; margin: 0cm 0cm 0pt;\"><span style=\"font-family: Times New Roman; font-size: small;\"><strong>\u0130stanbul Eczac\u0131 Odas\u0131<br \/>Y\u00f6netim Kurulu<\/strong><\/span><\/p>\n","protected":false},"excerpt":{"rendered":"<p>Son iki g\u00fcnd\u00fcr \u0130stanbul genelinde Sa\u011fl\u0131k Grup Ba\u015fkanl\u0131klar\u0131 taraf\u0131ndan eczanelerimize y\u00f6nelik denetimler ba\u015flat\u0131lm\u0131\u015ft\u0131r. Bu denetimlerde \u0130la\u00e7 Takip Sistemi&#8217;nin altyap\u0131s\u0131n\u0131 olu\u015fturan&#46;&#46;&#46;<\/p>\n","protected":false},"author":1,"featured_media":0,"comment_status":"closed","ping_status":"closed","sticky":false,"template":"","format":"standard","meta":{"_jetpack_memberships_contains_paid_content":false,"footnotes":""},"categories":[1],"tags":[],"class_list":["post-3698","post","type-post","status-publish","format-standard","hentry","category-ced"],"aioseo_notices":[],"jetpack_featured_media_url":"","jetpack_sharing_enabled":true,"jetpack-related-posts":[],"_links":{"self":[{"href":"http:\/\/www.ced.org.tr\/index.php?rest_route=\/wp\/v2\/posts\/3698","targetHints":{"allow":["GET"]}}],"collection":[{"href":"http:\/\/www.ced.org.tr\/index.php?rest_route=\/wp\/v2\/posts"}],"about":[{"href":"http:\/\/www.ced.org.tr\/index.php?rest_route=\/wp\/v2\/types\/post"}],"author":[{"embeddable":true,"href":"http:\/\/www.ced.org.tr\/index.php?rest_route=\/wp\/v2\/users\/1"}],"replies":[{"embeddable":true,"href":"http:\/\/www.ced.org.tr\/index.php?rest_route=%2Fwp%2Fv2%2Fcomments&post=3698"}],"version-history":[{"count":0,"href":"http:\/\/www.ced.org.tr\/index.php?rest_route=\/wp\/v2\/posts\/3698\/revisions"}],"wp:attachment":[{"href":"http:\/\/www.ced.org.tr\/index.php?rest_route=%2Fwp%2Fv2%2Fmedia&parent=3698"}],"wp:term":[{"taxonomy":"category","embeddable":true,"href":"http:\/\/www.ced.org.tr\/index.php?rest_route=%2Fwp%2Fv2%2Fcategories&post=3698"},{"taxonomy":"post_tag","embeddable":true,"href":"http:\/\/www.ced.org.tr\/index.php?rest_route=%2Fwp%2Fv2%2Ftags&post=3698"}],"curies":[{"name":"wp","href":"https:\/\/api.w.org\/{rel}","templated":true}]}}