{"id":3706,"date":"2010-04-06T07:00:15","date_gmt":"2010-04-06T04:00:15","guid":{"rendered":"http:\/\/www.ced.org.tr\/?p=3706"},"modified":"2010-04-06T07:00:15","modified_gmt":"2010-04-06T04:00:15","slug":"anayasa-degisikligi-ile-ilgili-200-imzali-cagri","status":"publish","type":"post","link":"http:\/\/www.ced.org.tr\/?p=3706","title":{"rendered":"ANAYASA DE\u011e\u0130\u015e\u0130KL\u0130\u011e\u0130 \u0130LE \u0130LG\u0130L\u0130 200 \u0130MZALI \u00c7A\u011eRI"},"content":{"rendered":"<p class=\"MsoNormal\" style=\"margin: 0cm 0cm 0pt;\"><span style=\"font-family: Times New Roman; font-size: small;\">Anayasa\u2019yla ilgili sivil toplum \u00e7a\u011fr\u0131s\u0131n\u0131n metni ve ilk imzac\u0131lar\u0131n\u0131n listesi \u015f\u00f6yle:<\/span><\/p>\n<p class=\"MsoNormal\" style=\"margin: 0cm 0cm 0pt;\"><span style=\"font-family: Times New Roman; font-size: small;\"><br \/>\u201cBug\u00fcn T\u00fcrkiye\u2019de demokratikle\u015fmenin temel ihtiyac\u0131, 12 Eyl\u00fcl askeri darbesinin \u00fcr\u00fcn\u00fc olan 1982 Anayasas\u0131\u2019n\u0131n b\u00fct\u00fcn\u00fcyle de\u011fi\u015ftirilerek e\u015fitlik\u00e7i, \u00f6zg\u00fcrl\u00fck\u00e7\u00fc, demokratik bir anayasa yap\u0131lmas\u0131d\u0131r. Yeni anayasa, t\u00fcm siyasi partilerin ve sivil toplum kurulu\u015flar\u0131n\u0131n aktif olarak kat\u0131laca\u011f\u0131, en geni\u015f mutabakat\u0131 hedefleyen demokratik bir s\u00fcre\u00e7le olu\u015fturulmal\u0131d\u0131r.<br style=\"mso-special-character: line-break;\" \/><\/p>\n<p><font face=\"Times New Roman\" size=\"3\"><\/p>\n<p class=\"MsoNormal\" style=\"margin: 0cm 0cm 0pt;\">\u00a0<\/p>\n<p><\/font><\/span><\/p>\n<p class=\"MsoNormal\" style=\"margin: 0cm 0cm 0pt;\"><span style=\"font-family: Times New Roman; font-size: small;\">Anayasa de\u011fi\u015fikliklerinin yukar\u0131daki hedeflere ula\u015fmaya hizmet edecek ve toplumda siyasi kutupla\u015fma ve gerginli\u011fi artt\u0131rmayacak s\u00fcre\u00e7lerle ger\u00e7ekle\u015fmesi gerekti\u011fine inan\u0131yoruz. <br style=\"mso-special-character: line-break;\" \/><br style=\"mso-special-character: line-break;\" \/><\/span><\/p>\n<p class=\"MsoNormal\" style=\"margin: 0cm 0cm 0pt;\"><span style=\"font-family: Times New Roman; font-size: small;\">Yakla\u015fan genel se\u00e7imlerin daha demokratik ko\u015fullarda yap\u0131labilmesi ve daha demokratik bir temsil imk\u00e2n\u0131 yarat\u0131labilmesi i\u00e7in 23. D\u00f6nem TBMM\u2019nin yapmas\u0131 gereken \u00f6ncelikli d\u00fczenlemeler vard\u0131r.<br style=\"mso-special-character: line-break;\" \/><br style=\"mso-special-character: line-break;\" \/><\/span><\/p>\n<p class=\"MsoNormal\" style=\"margin: 0cm 0cm 0pt;\"><span style=\"font-family: Times New Roman; font-size: small;\">&#8211; Anayasa ve Se\u00e7im Yasas\u0131\u2019nda yap\u0131lacak de\u011fi\u015fiklik ile \u00fclke se\u00e7im baraj\u0131 kald\u0131r\u0131lmal\u0131, partilerin hazine yard\u0131mlar\u0131ndan adil bi\u00e7imde yararlanmalar\u0131 sa\u011flanmal\u0131, partilerin ve adaylar\u0131n se\u00e7im harcamalar\u0131n\u0131n s\u0131n\u0131rlar\u0131 belirlenerek se\u00e7im gelir ve giderlerinin \u015feffafl\u0131\u011f\u0131n\u0131 denetleyecek ba\u011f\u0131ms\u0131z bir kurum olu\u015fturulmal\u0131d\u0131r.<br style=\"mso-special-character: line-break;\" \/><br style=\"mso-special-character: line-break;\" \/><\/span><\/p>\n<p class=\"MsoNormal\" style=\"margin: 0cm 0cm 0pt;\"><span style=\"font-family: Times New Roman; font-size: small;\">&#8211; Anayasa, Siyasi Partiler\u00a0 ve Se\u00e7im Yasas\u0131\u2019nda de\u011fi\u015fiklik yap\u0131larak antidemokratik s\u0131n\u0131rlamalar kald\u0131r\u0131lmal\u0131 ve partilerin kapat\u0131lmas\u0131 Avrupa Konseyi Venedik Komisyonu Kriterleri \u00e7er\u00e7evesinde ve istisnai bir durum olarak d\u00fczenlenmelidir.<br style=\"mso-special-character: line-break;\" \/><br style=\"mso-special-character: line-break;\" \/><\/span><\/p>\n<p class=\"MsoNormal\" style=\"margin: 0cm 0cm 0pt;\"><span style=\"font-family: Times New Roman; font-size: small;\">&#8211; Milletvekili dokunulmazl\u0131klar\u0131 k\u00fcrs\u00fc dokunulmazl\u0131\u011f\u0131 ile s\u0131n\u0131rland\u0131r\u0131larak TBMM Siyasi Etik Yasas\u0131 \u00e7\u0131kart\u0131lmal\u0131d\u0131r. <br style=\"mso-special-character: line-break;\" \/><br style=\"mso-special-character: line-break;\" \/><\/span><\/p>\n<p class=\"MsoNormal\" style=\"margin: 0cm 0cm 0pt;\"><span style=\"font-family: Times New Roman; font-size: small;\">&#8211; Ordu, g\u00fcvenlik ve yarg\u0131 mensuplar\u0131 d\u0131\u015f\u0131nda kamu g\u00f6revlileri ile ilgili siyaset yasa\u011f\u0131 kald\u0131r\u0131lmal\u0131d\u0131r.<br style=\"mso-special-character: line-break;\" \/><br style=\"mso-special-character: line-break;\" \/><\/span><\/p>\n<p class=\"MsoNormal\" style=\"margin: 0cm 0cm 0pt;\"><span style=\"font-family: Times New Roman; font-size: small;\">&#8211; Kad\u0131nlar\u0131n e\u015fit siyasi temsiline imkan vermek amac\u0131yla pozitif ayr\u0131mc\u0131l\u0131\u011f\u0131 da i\u00e7eren cinsiyet e\u015fitlik\u00e7i yasal ve anayasal d\u00fczenlemeler yap\u0131lmal\u0131d\u0131r.\u201d <br style=\"mso-special-character: line-break;\" \/><br style=\"mso-special-character: line-break;\" \/><\/span><\/p>\n<p class=\"MsoNormal\" style=\"margin: 0cm 0cm 0pt;\"><span style=\"font-family: Times New Roman; font-size: small;\">Adalet A\u011fao\u011flu, Adalet Dinamit, Adem Avc\u0131k\u0131ran (Diyarbak\u0131r Tabip Od. B\u015fk.), Adnan \u00d6zyal\u00e7\u0131ner, Adnan Serdaro\u011flu (Birle\u015fik Metal-\u0130\u015f Gen. B\u015fk.), Ahmet Ersoy, Ak\u0131n Atalay, Prof. Ali Baykal, Ali Erol (Kaos GL), Do\u00e7. Ali Kerem Saysel, Prof. Ali Nesin, Alin Ta\u015f\u00e7\u0131yan, Prof. Alpar Sevgen, Anayasa Kad\u0131n Platformu, Asl\u0131 G\u00f6ksel, Atilay Ay\u00e7in (Hava-\u0130\u015f Gen. B\u015fk.), Avi Haligua, Aybek Korugan, Prof. Aydan G\u00fclerce, Ayd\u0131n C\u0131ng\u0131, Do\u00e7. Ayfer Bartu Candan, Prof. Ayhan Alk\u0131\u015f, Ay\u015fe Berktay, Prof. Ay\u015fe Bu\u011fra, Prof. Ay\u015fe Erzan, Ay\u015fe G\u00fcl Alt\u0131nay, Ay\u015fe G\u00fcnaysu, Prof. Ay\u015fe Mumcu, Prof. Ay\u015fe \u00d6nc\u00fc, Ay\u015feg\u00fcl Devecio\u011flu, Prof. Ay\u015feg\u00fcl Yaraman, Ay\u015fen Canda\u015f, Aziz \u00c7elik, Bahri Belen, Prof. Bask\u0131n Oran, Do\u00e7. Beg\u00fcm \u00d6zkaynak, Belma Ak\u00e7ura, Beral Madra, Berrin\u00a0 G\u00fcr\u00e7ay Dilek\u00e7i (KAZETE-Der B\u015fk.), Prof. Bet\u00fcl Tanbay, Prof. Binnaz Toprak, Bircan Yorulmaz, Prof. Burhan \u015eenatalar, Prof. B\u00fclent Sankur, Prof. B\u00fc\u015fra Ersanl\u0131, Cafer Solgun, Can Candan, Celal Ba\u015flang\u0131\u00e7, Celalettin Can (78\u2019liler Vakf\u0131 B\u015fk.), Prof. Cemal Bali Akal, Cengiz Aktar, Prof. Cengiz G\u00fcle\u00e7, Prof. Cevza Sevgen, Prof Co\u015fkun \u00d6zdemir, Prof. \u00c7a\u011flar Keyder, \u00c7i\u011fdem Ayd\u0131n (KA.DER), \u00c7i\u011fdem Mater Utku, Deniz Albayrak-Kaymak, Deniz T\u00fcrkali, Devrim Sevimay, Dilek Kurban, Ece Temelkuran, Elif \u00dcnl\u00fc, Emirali \u015eim\u015fek (KESK Gen. Sek.), Ercan Kanar, Erdo\u011fan Ayd\u0131n, Erol K\u0131z\u0131lelma (SODEV B\u015fk.), Erol K\u00f6ro\u011flu, Prof. Esen Dural, Esra Mungan, Fahri Aral, Prof. Faruk Birtek, Prof. Fatma G\u00f6k, Prof. Fatmag\u00fcl Berktay, Fehim Caculi, Prof. Ferhunde \u00d6zbay, Fethiye \u00c7etin, Prof. Fikret Adaman, Filiz Kerestecio\u011flu, Gaye Boral\u0131o\u011flu, Prof. Gencay G\u00fcrsoy, Prof. G\u00fcler Fi\u015fek, Prof. G\u00fclser \u00d6ztunal\u0131 Kay\u0131r, Prof. G\u00fcnay Anla\u015f, Prof. G\u00fcney G\u00f6nen\u00e7, G\u00fcnizi Kartal, Prof. G\u00fcrol Irz\u0131k, Prof. Hacer Ansal, Hakan Tahmaz, Prof. Haldun G\u00fclalp, Halime G\u00fcner (U\u00e7an S\u00fcp\u00fcrge), Hikmet \u00c7etinkaya, Hasan Salt\u0131k, Prof. Hayri Kozano\u011flu, H\u00fclya G\u00fclbahar, Do\u00e7. H\u00fclya U\u011fur Tanr\u0131\u00f6ver, \u0130brahim Betil, \u0130lknur \u00dcst\u00fcn (Avrupa Kad\u0131n Lobisi-Tr.), Prof. Dr. \u0130rfan A\u00e7\u0131kg\u00f6z, \u0130smail Be\u015fik\u00e7i, Do\u00e7. \u0130pek \u0130lkkaracan, Do\u00e7. \u0130zak Atiyas, J\u00fclide Kural, Kadri G\u00fcrsel, Kaz\u0131m Gen\u00e7 (Alevi Bekta\u015fi Dern. Fed. Gen. Sek.), K\u0131zbes Ayd\u0131n (\u00c7EKEV), Do\u00e7. Koray \u00c7al\u0131\u015fkan, Prof. Kuban Alt\u0131nel, K\u00fcr\u015fad Kahramano\u011flu, Prof. Lale Akarun, Lamia G\u00fcl\u00e7ur, Latife Tekin, Mahir G\u00fcn\u015f\u0131ray, Mebuse Tekay, Prof. Mehmet Melli, Mehmet So\u011fanc\u0131 (TMMOB Gen. B\u015fk.), Mehmet Ufuk Peker, Mehmet Ural, Prof. Melek G\u00f6regenli, Melek \u00d6zman (F\u0130LMOR), Melek Ulagay, Prof. Meryem Koray, Do\u00e7. Mesut Ye\u011fen, Prof. Mete Tun\u00e7ay, Metin Bakkalc\u0131 (T\u0130HV Gen. Sek.), Mihri \u0130nal \u00c7ak\u0131r, Prof. Mine Eder, Muhsin K\u0131z\u0131lkaya, Murat \u00c7elikkan, Murat Koyuncu, Murat Paker, Mustafa \u00d6zta\u015fk\u0131n (Petrol-\u0130\u015f Gen. B\u015fk.), Mustafa T\u00fcrkel (Tek G\u0131da \u0130\u015f Send. Gen. B\u015fk), M\u00fczeyyen \u015eansal (\u015e.Urfa Kadn Aile E\u011ftm. K\u00fclt Der. B\u015fk.), Nazik I\u015f\u0131k, Nebahat Akko\u00e7 (KA-MER), Necmiye Alpay, Nejla Osseiran, Nesteren Davuto\u011flu, Prof. Ne\u015fe Bilgin, Ne\u015fe Erdilek, Prof. Necip \u00c7ak\u0131r, Necdet \u0130peky\u00fcz, Prof. Nevra Necipo\u011flu, Prof. Nihal Saban, Nimet Tanr\u0131kulu, Nuray Mert, Nurdan Arca, Prof. Nurhan Yent\u00fcrk, Prof. N\u00fcket Esen, Prof. N\u00fckhet Kardam, Prof. N\u00fckhet Sirman, Oktay Demircan, Olcay Aky\u0131ld\u0131z, Dr. Oryal G\u00f6kdemir, Orhan Alkaya, Orhan Miro\u011flu, Orhan Silier, Osman Kavala, Oya Baydar, Do\u00e7. Oya Pancaro\u011flu, Prof. \u00d6get \u00d6ktem Tan\u00f6r, \u00d6mer Madra, \u00d6zlem Beyarslan, P\u0131nar \u0130lkkaracan, P\u0131nar Selek, Remzi Altunpolat (E\u011fitim Sen. Ank. 5 No\u2019lu \u015eb.), Prof. Rezzan Tuncay, R\u0131dvan Budak (Tekstil \u0130\u015f\u00e7ileri Send. Gen. Ba\u015fk.), Prof. R\u0131fat Ok\u00e7abol, Roni Margulies, Sami Evren (KESK Gen. B\u015fk.), Prof. Sel\u00e7uk Candansayar, Selen Do\u011fan (U\u00e7an S\u00fcp\u00fcrge), Selen Lermio\u011flu Y\u0131lmaz (WINPEACE), Prof. Selim Badur, Semih Poroy, Do\u00e7. Semra Somersan, Sennur Sezer, Serhat G\u00fcven\u00e7, Serap G\u00fcre (KADAV), Do\u00e7. Serpil \u00c7ak\u0131r, Prof. Serpil Sancar, Sevgi Binbir (\u0130zmir Kad\u0131n Dayan\u0131\u015fma Der.), Sevgi U\u00e7an \u00c7ubuk\u00e7u, Prof. Sevgin Ak\u0131\u015f Roney, Prof. Seyfettin G\u00fcrsel, Seyfi \u00d6ngider, Sibel Asna, Prof. Sibel Irz\u0131k, Prof. Sibel \u0130nceo\u011flu, Sibel Yal\u0131n, Suzan Samanc\u0131, S\u00fcleyman \u00c7elebi (D\u0130SK Gen. B\u015fk.), Stella Ovadia, Prof. \u015eahika Y\u00fcksel, Prof. \u015eebnem Korur Fincanc\u0131 (T\u0130HV Gen. B\u015fk.), \u015eemsa \u00d6zar, Prof. \u015eevket Pamuk, Prof. \u015eirin Tekeli, \u015e\u00fckran Soner, Prof. Tahsin Ye\u015fildere (\u00d6\u011fretim \u00dcyeleri Dern. B\u015fk.), Tarhan Erdem, Tar\u0131k Ziya Ekinci, Tatyos Bebek, Tayfun G\u00f6rg\u00fcn (D\u0130SK Gen. Sek.), Tayfun Mater, Prof. Tosun Terzio\u011flu, Tu\u011frul Ery\u0131lmaz, Do\u00e7. Tunga G\u00fcng\u00f6r, Prof. Turgut Tarhanl\u0131, Umut Ayd\u0131n, Umut G\u00fcner (Kaos GL), Vas\u0131f Kortun, Veysi Sar\u0131s\u00f6zen, Prof. Yak\u0131n Ert\u00fcrk, Yaprak Zihnio\u011flu, Prof. Yasemin \u0130nceo\u011flu, Yasemin Temizarabac\u0131 (MED\u0130Z), Prof. Yaman Barlas, Yasemin Ahi, Yusuf Kur\u00e7enli, Prof. Yusuf Zeren, Y\u00fccel G\u00fcl (Tar\u0131m Orkam-Sen. Gen. B\u015fk.), Zelal Yal\u00e7\u0131n, Prof. Zeliha Yaz\u0131c\u0131, Prof. Zeynep Ergun, Zeynep Gambetti, Zeynep Uysal, Zozan \u00d6zg\u00f6k\u00e7e (Van Kad\u0131n Der.), Z\u00fcbeyde K\u0131l\u0131\u00e7 (E\u011fitim Sen Gen. B\u015fk.).<\/span><\/p>\n","protected":false},"excerpt":{"rendered":"<p>Anayasa\u2019yla ilgili sivil toplum \u00e7a\u011fr\u0131s\u0131n\u0131n metni ve ilk imzac\u0131lar\u0131n\u0131n listesi \u015f\u00f6yle: \u201cBug\u00fcn T\u00fcrkiye\u2019de demokratikle\u015fmenin temel ihtiyac\u0131, 12 Eyl\u00fcl askeri darbesinin&#46;&#46;&#46;<\/p>\n","protected":false},"author":1,"featured_media":0,"comment_status":"closed","ping_status":"closed","sticky":false,"template":"","format":"standard","meta":{"_jetpack_memberships_contains_paid_content":false,"footnotes":""},"categories":[1],"tags":[],"class_list":["post-3706","post","type-post","status-publish","format-standard","hentry","category-ced"],"aioseo_notices":[],"jetpack_featured_media_url":"","jetpack_sharing_enabled":true,"jetpack-related-posts":[],"_links":{"self":[{"href":"http:\/\/www.ced.org.tr\/index.php?rest_route=\/wp\/v2\/posts\/3706","targetHints":{"allow":["GET"]}}],"collection":[{"href":"http:\/\/www.ced.org.tr\/index.php?rest_route=\/wp\/v2\/posts"}],"about":[{"href":"http:\/\/www.ced.org.tr\/index.php?rest_route=\/wp\/v2\/types\/post"}],"author":[{"embeddable":true,"href":"http:\/\/www.ced.org.tr\/index.php?rest_route=\/wp\/v2\/users\/1"}],"replies":[{"embeddable":true,"href":"http:\/\/www.ced.org.tr\/index.php?rest_route=%2Fwp%2Fv2%2Fcomments&post=3706"}],"version-history":[{"count":0,"href":"http:\/\/www.ced.org.tr\/index.php?rest_route=\/wp\/v2\/posts\/3706\/revisions"}],"wp:attachment":[{"href":"http:\/\/www.ced.org.tr\/index.php?rest_route=%2Fwp%2Fv2%2Fmedia&parent=3706"}],"wp:term":[{"taxonomy":"category","embeddable":true,"href":"http:\/\/www.ced.org.tr\/index.php?rest_route=%2Fwp%2Fv2%2Fcategories&post=3706"},{"taxonomy":"post_tag","embeddable":true,"href":"http:\/\/www.ced.org.tr\/index.php?rest_route=%2Fwp%2Fv2%2Ftags&post=3706"}],"curies":[{"name":"wp","href":"https:\/\/api.w.org\/{rel}","templated":true}]}}