{"id":3708,"date":"2010-04-20T07:29:45","date_gmt":"2010-04-20T04:29:45","guid":{"rendered":"http:\/\/www.ced.org.tr\/?p=3708"},"modified":"2010-04-20T07:29:45","modified_gmt":"2010-04-20T04:29:45","slug":"istanbul-ankara-izmir-eczaci-odalarindan-ortak-deklarasyon","status":"publish","type":"post","link":"http:\/\/www.ced.org.tr\/?p=3708","title":{"rendered":"\u0130STANBUL, ANKARA, \u0130ZM\u0130R ECZACI ODALARINDAN ORTAK DEKLARASYON"},"content":{"rendered":"<p class=\"MsoNormal\" style=\"margin: 0cm 0cm 0pt;\"><span style=\"font-family: Times New Roman; font-size: small;\">\u00dclkemizdeki 14 bini a\u015fk\u0131n eczac\u0131y\u0131 ve eczane sahibi meslekta\u015flar\u0131m\u0131z\u0131n yakla\u015f\u0131k %40\u2019n\u0131 temsil eden, \u0130stanbul, Ankara ve \u0130zmir Eczac\u0131 Odalar\u0131 olarak yay\u0131mlad\u0131\u011f\u0131m\u0131z bu deklarasyonun amac\u0131, ba\u015fta \u0130la\u00e7 Takip Sistemi olmak \u00fczere, son d\u00f6nemde ila\u00e7 ve eczac\u0131l\u0131k alan\u0131nda giderek daha da yak\u0131c\u0131 hale gelen sorunlar\u0131m\u0131za dikkat \u00e7ekmek, \u00e7\u00f6z\u00fcm \u00f6nerilerini g\u00fcndeme ta\u015f\u0131mak ve katk\u0131da bulunmakt\u0131r.<\/span><\/p>\n<p class=\"MsoNormal\" style=\"margin: 0cm 0cm 0pt;\"><span style=\"font-family: Times New Roman; font-size: small;\">Bilindi\u011fi \u00fczere; 01.01.2011 tarihinde y\u00fcr\u00fcrl\u00fc\u011fe girmesi planlanan \u0130TS uygulamas\u0131, Sa\u011fl\u0131k Bakanl\u0131\u011f\u0131 taraf\u0131ndan yay\u0131mlanan genelge ile t\u00fcm eksiklikleri ve bilinmezleri \u0131srarla g\u00f6rmezden gelinerek 01.06.2010 tarihine \u00e7ekilmi\u015ftir. 16 May\u0131s 2010 sabah\u0131\u00a0 bizlerle birlikte hastalar\u0131m\u0131z\u0131n da ya\u015fayaca\u011f\u0131 kaos ortam\u0131 d\u00fc\u015f\u00fcn\u00fcld\u00fc\u011f\u00fcnde meslekta\u015flar\u0131m\u0131z\u0131n bir kez daha umutsuzlu\u011fa kap\u0131lmas\u0131na engel olmay\u0131 mesleki bir sorumluluk olarak g\u00f6rmekteyiz. Bu nedenle, TEB Merkez Heyeti i\u00e7inde bulundu\u011fu sessizlik ortam\u0131ndan biran \u00f6nce \u00e7\u0131karak, meslekta\u015flar\u0131m\u0131za ivedilikle a\u00e7\u0131klama yapmal\u0131 ve sorunun \u00e7\u00f6z\u00fcm\u00fcne y\u00f6nelik somut ad\u0131mlar atmal\u0131d\u0131r.\u00a0<\/span><\/p>\n<p class=\"MsoNormal\" style=\"margin: 0cm 0cm 0pt;\">\u00a0<\/p>\n<p class=\"MsoNormal\" style=\"margin: 0cm 0cm 0pt;\"><span style=\"font-family: Times New Roman; font-size: small;\">\u00d6te yandan ;<\/span><\/p>\n<p class=\"MsoNormal\" style=\"margin: 0cm 0cm 0pt;\"><span style=\"font-family: Times New Roman; font-size: small;\">Konu ile ilgili olarak 17 Nisan 2010 tarihinde, SGK taraf\u0131ndan yay\u0131mlanan 2010\/ 24 nolu genelgede taraf olarak ismi dahi an\u0131lmayan \u00fcst birli\u011fimizin, daha \u00f6nce ortaya koydu\u011fu 7 maddelik olmazsa olmaz taleplerin bir\u00e7o\u011fu hen\u00fcz kar\u015f\u0131lanmam\u0131\u015ft\u0131r. Buna ra\u011fmen inatla \u0130TS\u2019 ye ge\u00e7ilmesi durumunda, \u00f6rg\u00fct olarak nas\u0131l bir yol izleyece\u011fimiz hakk\u0131nda eczac\u0131 kamuoyunun bilgilendirilmesi gerekmektedir.<\/span><\/p>\n<p class=\"MsoNormal\" style=\"margin: 0cm 0cm 0pt;\"><span style=\"font-family: Times New Roman; font-size: small;\">4 Aral\u0131k s\u00fcrecinde eczanelerde ya\u015fanan b\u00fcy\u00fck kay\u0131plar\u0131n telafisi sa\u011flanamad\u0131\u011f\u0131 gibi, eczac\u0131lar\u0131n u\u011frad\u0131\u011f\u0131 stok zararlar\u0131n\u0131n kar\u015f\u0131lanmas\u0131, \u00fcretici firmalar\u0131n keyfiyetine b\u0131rak\u0131lm\u0131\u015ft\u0131r. Eczane kapatma eyleminin ba\u015fl\u0131ca gerek\u00e7eleri olan, stok zararlar\u0131n\u0131n yasal teminat alt\u0131na al\u0131nmas\u0131, \u201ceczac\u0131 meslek hakk\u0131\u201d, eczac\u0131 kar oranlar\u0131n\u0131n iyile\u015ftirilmesi gibi konular\u0131n,\u00a0 bug\u00fcn TEB g\u00fcndeminden kalkm\u0131\u015f olmas\u0131, gelece\u011fe g\u00fcvenle bakmak isteyen meslekta\u015flar\u0131m\u0131z\u0131n endi\u015felerini art\u0131rmaktad\u0131r.<\/span><\/p>\n<p class=\"MsoNormal\" style=\"margin: 0cm 0cm 0pt;\"><span style=\"font-family: Times New Roman; font-size: small;\">Ayr\u0131ca;<\/span><\/p>\n<p class=\"MsoNormal\" style=\"margin: 0cm 0cm 0pt;\"><span style=\"font-family: Times New Roman; font-size: small;\">* \u0130lac\u0131n eczane d\u0131\u015f\u0131na \u00e7\u0131kmas\u0131n\u0131n ilk ad\u0131m\u0131 olan OTC ile ilgili yasal d\u00fczenlemeler g\u00fcndemde iken, re\u00e7etesiz ila\u00e7lar\u0131n reklam\u0131na olanak sa\u011flayan giri\u015fimler b\u00fct\u00fcn h\u0131z\u0131yla s\u00fcrerken,<\/span><\/p>\n<p class=\"MsoNormal\" style=\"margin: 0cm 0cm 0pt;\"><span style=\"font-family: Times New Roman; font-size: small;\">* Kamu hastanelerinden verilen ila\u00e7 ve sa\u011fl\u0131k hizmetinin \u00f6zelle\u015ftirilmesinin \u00f6n\u00fcn\u00fc a\u00e7acak olan \u201cKamu Hastane Birlikleri\u201d yasa tasar\u0131s\u0131 meclis g\u00fcndemine gelmi\u015fken,<\/span><\/p>\n<p class=\"MsoNormal\" style=\"margin: 0cm 0cm 0pt;\"><span style=\"font-family: Times New Roman; font-size: small;\">* Eczac\u0131y\u0131 yok sayan, eczaneyi ila\u00e7 sat\u0131\u015f yeri olarak tan\u0131mlayan \u201c\u0130la\u00e7 ve T\u0131bbi Cihaz Kurumu\u201d yasa tasar\u0131s\u0131n\u0131n y\u0131l sonuna kadar yasala\u015fmas\u0131 planlan\u0131rken,<\/span><\/p>\n<p class=\"MsoNormal\" style=\"margin: 0cm 0cm 0pt;\"><span style=\"font-family: Times New Roman; font-size: small;\">\u00a0salt olarak \u0130TS gibi g\u00fcndemlerin \u00f6ne \u00e7\u0131kar\u0131lmas\u0131, ila\u00e7-eczac\u0131l\u0131k ve sa\u011fl\u0131k hizmetlerinin yeniden \u015fekillenmesini sa\u011flayacak olan bu geli\u015fmelerin \u00fczerine \u00e7al\u0131\u015fma yap\u0131lmas\u0131n\u0131 engellemektedir.<\/span><\/p>\n<p class=\"MsoNormal\" style=\"margin: 0cm 0cm 0pt;\"><span style=\"font-family: Times New Roman; font-size: small;\">\u00a0<\/span><\/p>\n<p class=\"MsoNormal\" style=\"margin: 0cm 0cm 0pt;\"><span style=\"font-family: Times New Roman; font-size: small;\">Sonu\u00e7 olarak;<\/span><\/p>\n<p class=\"MsoNormal\" style=\"margin: 0cm 0cm 0pt;\"><span style=\"font-family: Times New Roman; font-size: small;\">\u00dcst \u00f6rg\u00fct\u00fcm\u00fczden beklentimiz,<br \/>meslekta\u015flar\u0131m\u0131z\u0131n hakl\u0131 kayg\u0131lar\u0131n\u0131 giderecek \u015fekilde ya\u015fad\u0131\u011f\u0131m\u0131z bu sessizli\u011fe ivedilikle son verilmesidir. Yukar\u0131da yer alan sorunlar\u0131m\u0131zla ilgili olarak daha fazla vakit kaybedilmeden gerekli iradenin ortaya konulmas\u0131n\u0131n \u00f6nemine bir kez daha dikkat \u00e7ekiyoruz.<\/span><\/p>\n<p class=\"MsoNormal\" style=\"margin: 0cm 0cm 0pt;\"><span style=\"font-family: Times New Roman; font-size: small;\">\u0130stanbul, Ankara ve \u0130zmir Eczac\u0131 Odalar\u0131 olarak mesle\u011fimizi ve gelece\u011fimizi tehdit eden giri\u015fimlerin kar\u015f\u0131s\u0131nda duraca\u011f\u0131m\u0131z\u0131, bu konuda \u00e7\u00f6z\u00fcme katk\u0131 koymak ad\u0131na her t\u00fcrl\u00fc g\u00f6rev ve sorumlulu\u011fu alma kararl\u0131l\u0131\u011f\u0131nda oldu\u011fumuzu eczac\u0131 kamuoyuna deklare ediyoruz.<\/span><\/p>\n<p class=\"MsoNormal\" style=\"margin: 0cm 0cm 0pt;\"><span style=\"font-family: Times New Roman; font-size: small;\">\u00a0<\/span><\/p>\n<p class=\"MsoNormal\" style=\"margin: 0cm 0cm 0pt;\"><span style=\"font-family: Times New Roman; font-size: small;\">\u00a0<br \/>\u0130STANBUL ECZACI ODASI<span style=\"mso-tab-count: 1;\">\u00a0\u00a0\u00a0\u00a0\u00a0\u00a0\u00a0\u00a0 <\/span>ANKARA ECZACI ODASI<span style=\"mso-tab-count: 2;\">\u00a0\u00a0\u00a0\u00a0\u00a0\u00a0\u00a0\u00a0\u00a0\u00a0\u00a0\u00a0\u00a0\u00a0\u00a0\u00a0\u00a0\u00a0\u00a0\u00a0\u00a0\u00a0 <\/span>\u0130ZM\u0130R ECZACI ODASI<\/span><\/p>\n","protected":false},"excerpt":{"rendered":"<p>\u00dclkemizdeki 14 bini a\u015fk\u0131n eczac\u0131y\u0131 ve eczane sahibi meslekta\u015flar\u0131m\u0131z\u0131n yakla\u015f\u0131k %40\u2019n\u0131 temsil eden, \u0130stanbul, Ankara ve \u0130zmir Eczac\u0131 Odalar\u0131 olarak&#46;&#46;&#46;<\/p>\n","protected":false},"author":1,"featured_media":0,"comment_status":"closed","ping_status":"closed","sticky":false,"template":"","format":"standard","meta":{"_jetpack_memberships_contains_paid_content":false,"footnotes":""},"categories":[1],"tags":[],"class_list":["post-3708","post","type-post","status-publish","format-standard","hentry","category-ced"],"aioseo_notices":[],"jetpack_featured_media_url":"","jetpack_sharing_enabled":true,"jetpack-related-posts":[],"_links":{"self":[{"href":"http:\/\/www.ced.org.tr\/index.php?rest_route=\/wp\/v2\/posts\/3708","targetHints":{"allow":["GET"]}}],"collection":[{"href":"http:\/\/www.ced.org.tr\/index.php?rest_route=\/wp\/v2\/posts"}],"about":[{"href":"http:\/\/www.ced.org.tr\/index.php?rest_route=\/wp\/v2\/types\/post"}],"author":[{"embeddable":true,"href":"http:\/\/www.ced.org.tr\/index.php?rest_route=\/wp\/v2\/users\/1"}],"replies":[{"embeddable":true,"href":"http:\/\/www.ced.org.tr\/index.php?rest_route=%2Fwp%2Fv2%2Fcomments&post=3708"}],"version-history":[{"count":0,"href":"http:\/\/www.ced.org.tr\/index.php?rest_route=\/wp\/v2\/posts\/3708\/revisions"}],"wp:attachment":[{"href":"http:\/\/www.ced.org.tr\/index.php?rest_route=%2Fwp%2Fv2%2Fmedia&parent=3708"}],"wp:term":[{"taxonomy":"category","embeddable":true,"href":"http:\/\/www.ced.org.tr\/index.php?rest_route=%2Fwp%2Fv2%2Fcategories&post=3708"},{"taxonomy":"post_tag","embeddable":true,"href":"http:\/\/www.ced.org.tr\/index.php?rest_route=%2Fwp%2Fv2%2Ftags&post=3708"}],"curies":[{"name":"wp","href":"https:\/\/api.w.org\/{rel}","templated":true}]}}