{"id":3710,"date":"2010-04-27T14:12:58","date_gmt":"2010-04-27T11:12:58","guid":{"rendered":"http:\/\/www.ced.org.tr\/?p=3710"},"modified":"2010-04-27T14:12:58","modified_gmt":"2010-04-27T11:12:58","slug":"taksim-1-mayisa-hazirlaniyor","status":"publish","type":"post","link":"http:\/\/www.ced.org.tr\/?p=3710","title":{"rendered":"TAKS\u0130M 1 MAYIS&#8217;A HAZIRLANIYOR"},"content":{"rendered":"<h1 style=\"text-align: center;\">SAAT: 09:30 &#8216;DA \u015e\u0130\u015eL\u0130 CEVAH\u0130R AVM \u00d6N\u00dcNDE TOPLANIYORUZ<\/h1>\n<p style=\"text-align: center;\"><img decoding=\"async\" src=\"images\/stories\/dernek\/1mayis2010.jpg\" border=\"0\" alt=\"1 may\u0131s\" style=\"margin: 4px; border: 0px;\" \/><\/p>\n<p>\u00a0<\/p>\n<p class=\"MsoNormal\" style=\"margin: 0cm 0cm 0pt;\"><span style=\"font-family: Times New Roman; font-size: small;\">1977 y\u0131l\u0131ndaki kanl\u0131 1 May\u0131s\u2019tan sonra ilk kez Taksim\u2019de kutlanacak \u0130\u015f\u00e7i Bayram\u0131 i\u00e7in haz\u0131rl\u0131klar tamam.\u00a0 T\u00fcrkiye genelinden 200 bin ki\u015finin kat\u0131lmas\u0131 beklenen kutlama \u2018\u015f\u00f6len\u2019 havas\u0131nda haz\u0131rland\u0131. <br \/>1 May\u0131s\u2019ta D\u0130SK, T\u00fcrk-\u0130\u015f, Hak-\u0130\u015f, KESK, Memur-Sen ve Kamu-Sen\u2019den olu\u015fan alt\u0131 i\u015f\u00e7i ve memur konfederasyonu Taksim\u2019e \u00fc\u00e7 koldan girecek. Y\u00fcr\u00fcy\u00fc\u015f \u015ei\u015fli, \u015ei\u015fhane ve Dolmabah\u00e7e\u2019den yap\u0131lacak.\u00a0 D\u0130SK ve KESK \u015ei\u015fli -Mecidiyek\u00f6y g\u00fczergah\u0131ndan y\u00fcr\u00fcyecek. T\u00fcrk-\u0130\u015f ve Kamu-Sen \u015ei\u015fhane\u2019den alana girecek. Hak-\u0130\u015f ve Memur-Sen g\u00fczergah\u0131 ise Dolmabah\u00e7e. Konfederasyonlar saat 10.00\u2019dan itibaren belirlenen noktalarda toplanacak. Saat 11.00\u2019de y\u00fcr\u00fcy\u00fc\u015f, saat 13.00\u2019de de miting ba\u015flayacak.<\/span><\/p>\n","protected":false},"excerpt":{"rendered":"<p>SAAT: 09:30 &#8216;DA \u015e\u0130\u015eL\u0130 CEVAH\u0130R AVM \u00d6N\u00dcNDE TOPLANIYORUZ \u00a0 1977 y\u0131l\u0131ndaki kanl\u0131 1 May\u0131s\u2019tan sonra ilk kez Taksim\u2019de kutlanacak \u0130\u015f\u00e7i&#46;&#46;&#46;<\/p>\n","protected":false},"author":1,"featured_media":0,"comment_status":"closed","ping_status":"closed","sticky":false,"template":"","format":"standard","meta":{"_jetpack_memberships_contains_paid_content":false,"footnotes":""},"categories":[1],"tags":[],"class_list":["post-3710","post","type-post","status-publish","format-standard","hentry","category-ced"],"aioseo_notices":[],"jetpack_featured_media_url":"","jetpack_sharing_enabled":true,"jetpack-related-posts":[],"_links":{"self":[{"href":"http:\/\/www.ced.org.tr\/index.php?rest_route=\/wp\/v2\/posts\/3710","targetHints":{"allow":["GET"]}}],"collection":[{"href":"http:\/\/www.ced.org.tr\/index.php?rest_route=\/wp\/v2\/posts"}],"about":[{"href":"http:\/\/www.ced.org.tr\/index.php?rest_route=\/wp\/v2\/types\/post"}],"author":[{"embeddable":true,"href":"http:\/\/www.ced.org.tr\/index.php?rest_route=\/wp\/v2\/users\/1"}],"replies":[{"embeddable":true,"href":"http:\/\/www.ced.org.tr\/index.php?rest_route=%2Fwp%2Fv2%2Fcomments&post=3710"}],"version-history":[{"count":0,"href":"http:\/\/www.ced.org.tr\/index.php?rest_route=\/wp\/v2\/posts\/3710\/revisions"}],"wp:attachment":[{"href":"http:\/\/www.ced.org.tr\/index.php?rest_route=%2Fwp%2Fv2%2Fmedia&parent=3710"}],"wp:term":[{"taxonomy":"category","embeddable":true,"href":"http:\/\/www.ced.org.tr\/index.php?rest_route=%2Fwp%2Fv2%2Fcategories&post=3710"},{"taxonomy":"post_tag","embeddable":true,"href":"http:\/\/www.ced.org.tr\/index.php?rest_route=%2Fwp%2Fv2%2Ftags&post=3710"}],"curies":[{"name":"wp","href":"https:\/\/api.w.org\/{rel}","templated":true}]}}