{"id":3711,"date":"2010-05-03T08:26:54","date_gmt":"2010-05-03T05:26:54","guid":{"rendered":"http:\/\/www.ced.org.tr\/?p=3711"},"modified":"2010-05-03T08:26:54","modified_gmt":"2010-05-03T05:26:54","slug":"iste-taksim-iste-1-mayis","status":"publish","type":"post","link":"http:\/\/www.ced.org.tr\/?p=3711","title":{"rendered":"\u0130\u015eTE TAKS\u0130M \u0130\u015eTE 1 MAYIS"},"content":{"rendered":"<p style=\"text-align: center;\"><img loading=\"lazy\" decoding=\"async\" src=\"images\/stories\/dernek\/1mayis20100.jpg\" border=\"0\" alt=\"1 may\u0131s\" width=\"440\" height=\"300\" style=\"margin: 4px; vertical-align: top; border: 0px;\" \/><\/p>\n<p>32 y\u0131ld\u0131r y\u0131lmadan s\u00fcrd\u00fcr\u00fclen bir m\u00fccadele sonucunda 100 binlerce emel\u00e7i 1 May\u0131s i\u015f\u00e7i bayram\u0131nda yeniden Taksim&#8217;de\u00a01 May\u0131s alan\u0131nda bulu\u015ftu.<\/p>\n<p>Dolmabah\u00e7e, \u015ei\u015fhane, \u015ei\u015fli y\u00f6n\u00fcnden ak\u0131n ak\u0131n 1 May\u0131s alan\u0131na y\u00fcr\u00fcyen ve say\u0131lar\u0131 300 bini bulan \u0130\u015f\u00e7i Sendikalar\u0131 Konfederasyonu, i\u015f\u00e7iler, siyasi partiler, sivil toplum \u00f6rg\u00fctleri 77 1 May\u0131s&#8217;\u0131n\u0131 aratmayacak \u00e7o\u015fkulu bir kalabal\u0131kla 1 May\u0131s \u0130\u015f\u00e7i Bayram\u0131n\u0131 kutlad\u0131lar.<\/p>\n<p style=\"text-align: center;\">1 May\u0131s T\u00fcm D\u00fcnya \u0130\u015f\u00e7ilerine ve Emek\u00e7i Halklar\u0131na Kutlu Olsun.<\/p>\n","protected":false},"excerpt":{"rendered":"<p>32 y\u0131ld\u0131r y\u0131lmadan s\u00fcrd\u00fcr\u00fclen bir m\u00fccadele sonucunda 100 binlerce emel\u00e7i 1 May\u0131s i\u015f\u00e7i bayram\u0131nda yeniden Taksim&#8217;de\u00a01 May\u0131s alan\u0131nda bulu\u015ftu. Dolmabah\u00e7e,&#46;&#46;&#46;<\/p>\n","protected":false},"author":1,"featured_media":0,"comment_status":"closed","ping_status":"closed","sticky":false,"template":"","format":"standard","meta":{"_jetpack_memberships_contains_paid_content":false,"footnotes":""},"categories":[1],"tags":[],"class_list":["post-3711","post","type-post","status-publish","format-standard","hentry","category-ced"],"aioseo_notices":[],"jetpack_featured_media_url":"","jetpack_sharing_enabled":true,"jetpack-related-posts":[],"_links":{"self":[{"href":"http:\/\/www.ced.org.tr\/index.php?rest_route=\/wp\/v2\/posts\/3711","targetHints":{"allow":["GET"]}}],"collection":[{"href":"http:\/\/www.ced.org.tr\/index.php?rest_route=\/wp\/v2\/posts"}],"about":[{"href":"http:\/\/www.ced.org.tr\/index.php?rest_route=\/wp\/v2\/types\/post"}],"author":[{"embeddable":true,"href":"http:\/\/www.ced.org.tr\/index.php?rest_route=\/wp\/v2\/users\/1"}],"replies":[{"embeddable":true,"href":"http:\/\/www.ced.org.tr\/index.php?rest_route=%2Fwp%2Fv2%2Fcomments&post=3711"}],"version-history":[{"count":0,"href":"http:\/\/www.ced.org.tr\/index.php?rest_route=\/wp\/v2\/posts\/3711\/revisions"}],"wp:attachment":[{"href":"http:\/\/www.ced.org.tr\/index.php?rest_route=%2Fwp%2Fv2%2Fmedia&parent=3711"}],"wp:term":[{"taxonomy":"category","embeddable":true,"href":"http:\/\/www.ced.org.tr\/index.php?rest_route=%2Fwp%2Fv2%2Fcategories&post=3711"},{"taxonomy":"post_tag","embeddable":true,"href":"http:\/\/www.ced.org.tr\/index.php?rest_route=%2Fwp%2Fv2%2Ftags&post=3711"}],"curies":[{"name":"wp","href":"https:\/\/api.w.org\/{rel}","templated":true}]}}