{"id":3713,"date":"2010-05-06T11:17:50","date_gmt":"2010-05-06T08:17:50","guid":{"rendered":"http:\/\/www.ced.org.tr\/?p=3713"},"modified":"2010-05-06T11:17:50","modified_gmt":"2010-05-06T08:17:50","slug":"basina-ve-kamuoyuna","status":"publish","type":"post","link":"http:\/\/www.ced.org.tr\/?p=3713","title":{"rendered":"BASINA ve KAMUOYUNA"},"content":{"rendered":"<p class=\"MsoNormal\" style=\"margin: 0cm 0cm 0pt;\"><span style=\"font-size: small;\"><span style=\"font-family: Times New Roman;\"><span style=\"mso-tab-count: 11;\">\u00a0\u00a0\u00a0\u00a0\u00a0\u00a0\u00a0\u00a0\u00a0\u00a0\u00a0\u00a0\u00a0\u00a0\u00a0\u00a0\u00a0\u00a0\u00a0\u00a0\u00a0\u00a0\u00a0\u00a0\u00a0\u00a0\u00a0\u00a0\u00a0\u00a0\u00a0\u00a0\u00a0\u00a0\u00a0\u00a0\u00a0\u00a0\u00a0\u00a0\u00a0\u00a0\u00a0\u00a0\u00a0\u00a0\u00a0\u00a0\u00a0\u00a0\u00a0\u00a0\u00a0\u00a0\u00a0\u00a0\u00a0\u00a0\u00a0\u00a0\u00a0\u00a0\u00a0\u00a0\u00a0\u00a0\u00a0\u00a0\u00a0\u00a0\u00a0\u00a0\u00a0\u00a0\u00a0\u00a0\u00a0\u00a0\u00a0\u00a0\u00a0\u00a0\u00a0\u00a0\u00a0\u00a0\u00a0\u00a0\u00a0\u00a0\u00a0\u00a0\u00a0\u00a0\u00a0\u00a0\u00a0\u00a0\u00a0\u00a0\u00a0\u00a0\u00a0\u00a0\u00a0\u00a0\u00a0\u00a0\u00a0\u00a0\u00a0\u00a0\u00a0\u00a0\u00a0\u00a0\u00a0\u00a0\u00a0\u00a0\u00a0\u00a0\u00a0\u00a0\u00a0\u00a0\u00a0\u00a0 <\/span>5 May\u0131s 2010<\/span><\/span><\/p>\n<p class=\"MsoNormal\" style=\"margin: 0cm 0cm 0pt;\"><strong style=\"mso-bidi-font-weight: normal;\"><span style=\"font-size: small;\"><span style=\"font-family: Times New Roman;\">9 May\u0131s&#8217;ta &#8220;Mesle\u011fimden Elini \u00c7ek&#8221; demek i\u00e7in Kad\u0131k\u00f6y Meydan\u0131&#8217;nday\u0131z!<\/span><\/span><\/strong><\/p>\n<p class=\"MsoNormal\" style=\"margin: 0cm 0cm 0pt;\"><strong style=\"mso-bidi-font-weight: normal;\"><span style=\"font-size: small;\"><span style=\"font-family: Times New Roman;\">\u00c7\u00fcnk\u00fc:<\/span><\/span><\/strong><\/p>\n<p class=\"MsoNormal\" style=\"margin: 0cm 0cm 0pt;\"><span style=\"font-family: Times New Roman; font-size: small;\"><img loading=\"lazy\" decoding=\"async\" src=\"images\/stories\/dernek\/20100505_basin_aciklamasi_2.jpg\" border=\"0\" alt=\"bas\u0131n a\u00e7\u0131klamas\u0131\" width=\"500\" height=\"334\" style=\"border: 0; float: left; margin: 4px;\" \/>Mesle\u011fimiz siyasi iktidar eliyle b\u00fcy\u00fck bir y\u0131k\u0131ma zorlanmakta.<\/span><\/p>\n<p class=\"MsoNormal\" style=\"margin: 0cm 0cm 0pt;\"><span style=\"font-family: Times New Roman; font-size: small;\">\u00dc\u00e7 y\u0131l \u00f6nce yine Kad\u0131k\u00f6y Meydan\u0131&#8217;nda yapt\u0131\u011f\u0131m\u0131z B\u00fcy\u00fck Eczac\u0131 Mitingi&#8217;nde &#8220;Eczac\u0131l\u0131k Mesle\u011fi Sahipsiz De\u011fildir&#8221; diyerek mesle\u011fimize sahip \u00e7\u0131kaca\u011f\u0131m\u0131z\u0131 ilan etmi\u015ftik.<\/span><\/p>\n<p class=\"MsoNormal\" style=\"margin: 0cm 0cm 0pt;\"><span style=\"font-family: Times New Roman; font-size: small;\">Bu \u00fc\u00e7 y\u0131l\u0131n sonunda t\u00fcm uyar\u0131lar\u0131m\u0131za kar\u015f\u0131n mesle\u011fimiz a\u00e7\u0131s\u0131ndan gelinen nokta y\u0131k\u0131m\u0131n e\u015fi\u011fidir.<\/span><\/p>\n<p class=\"MsoNormal\" style=\"margin: 0cm 0cm 0pt;\"><span style=\"font-family: Times New Roman; font-size: small;\">Siyasi iktidar \u00fclkede sat\u0131\u015fa \u00e7\u0131kard\u0131\u011f\u0131 di\u011fer varl\u0131klar gibi, \u00fclke insan\u0131n\u0131n sa\u011fl\u0131\u011f\u0131n\u0131, ila\u00e7 hakk\u0131n\u0131 da sat\u0131\u015fa \u00e7\u0131karmakta \u0131srar ediyor.<\/p>\n<p>Halk\u0131n ilac\u0131n\u0131, halk\u0131n eczanelerini sermaye gruplar\u0131na teslim etmeye haz\u0131rlan\u0131yor. <\/p>\n<p>Sa\u011fl\u0131kta D\u00f6n\u00fc\u015f\u00fcm Program\u0131&#8217;n\u0131n hen\u00fcz hayata ge\u00e7irilemeyen iki \u00f6nemli aya\u011f\u0131ndan biri olan Kamu Hastane Birlikleri yasa tasar\u0131s\u0131 meclis komisyonundan ge\u00e7ti, genel kurula gelmeye haz\u0131r.<\/p>\n<p>\u0130la\u00e7 ile eczac\u0131 aras\u0131ndaki ba\u011f\u0131 koparan, ila\u00e7 alan\u0131nda bakanl\u0131k denetimini ortadan kald\u0131ran \u0130la\u00e7 ve T\u0131bbi Cihaz Kurumu&#8217;nun ise bu y\u0131l i\u00e7inde yasala\u015fmas\u0131 planlan\u0131yor.<\/span><\/p>\n<p class=\"MsoNormal\" style=\"margin: 0cm 0cm 0pt;\"><span style=\"font-family: Times New Roman; font-size: small;\">Zam \u00fcst\u00fcne zam yap\u0131lan ila\u00e7 fark \u00fccretleri, muayene \u00fccretleri, ilave \u00fccretler hastalar\u0131n s\u0131rt\u0131nda. Sosyal devlet ilkesi ayaklar alt\u0131nda.<\/span><\/p>\n<p class=\"MsoNormal\" style=\"margin: 0cm 0cm 0pt;\"><span style=\"font-family: Times New Roman; font-size: small;\">Bu gidi\u015fe dur diyen hekimler, eczac\u0131lar, sa\u011fl\u0131k \u00e7al\u0131\u015fanlar\u0131 ise mesleki \u00f6zerkliklerinin yok edilmesiyle, odalar\u0131n\u0131n, birliklerinin kapat\u0131lmas\u0131yla tehdit ediliyor.<\/p>\n<p>Dahas\u0131 mesle\u011fimizi karalamak ad\u0131na t\u00fcrl\u00fc yalanlara ba\u015fvuruluyor; &#8220;ka\u00e7ak\u00e7\u0131&#8221;l\u0131kla itham ediliyoruz. Bu kadar\u0131 hi\u00e7 olmam\u0131\u015ft\u0131!<\/span><\/p>\n<p class=\"MsoNormal\" style=\"margin: 0cm 0cm 0pt;\"><span style=\"font-family: Times New Roman; font-size: small;\">Y\u0131llard\u0131r niyetlerinin bu oldu\u011funu s\u00f6yl\u00fcyoruz. Sonunda Ba\u015fbakan a\u00e7\u0131klad\u0131: \u0130lac\u0131 s\u00fcpermarketlerde satmak i\u00e7in d\u00fczenleme yapacaklar\u0131n\u0131 s\u00f6yledi.<\/span><\/p>\n<p class=\"MsoNormal\" style=\"margin: 0cm 0cm 0pt;\"><span style=\"font-family: Times New Roman; font-size: small;\">Meslek \u00f6rg\u00fctlerimiz iktidar\u0131n hedefinde. Sa\u011fl\u0131k Bakan\u0131 a\u00e7\u0131klad\u0131: T\u00fcrk Eczac\u0131lar\u0131 Birli\u011fi&#8217;ni, T\u00fcrk Tabipleri Birli\u011fi&#8217;ni, T\u00fcrk Di\u015fhekimleri Birli\u011fi&#8217;ni kapatman\u0131n bir yasaya (bir fermana m\u0131 desek!) bakt\u0131\u011f\u0131n\u0131 s\u00f6yledi.<\/span><\/p>\n<p class=\"MsoNormal\" style=\"margin: 0cm 0cm 0pt;\"><span style=\"font-family: Times New Roman; font-size: small;\">\u00c7al\u0131\u015fma ve Sosyal G\u00fcvenlik Bakan\u0131 eczac\u0131lar\u0131 ka\u00e7ak ila\u00e7 satmakla itham etti!<\/span><\/p>\n<p class=\"MsoNormal\" style=\"margin: 0cm 0cm 0pt;\"><span style=\"font-family: Times New Roman; font-size: small;\">2009 y\u0131l\u0131n\u0131n Aral\u0131k ay\u0131nda y\u00fcr\u00fcrl\u00fc\u011fe giren \u0130la\u00e7 Fiyat Kararnamesi ve SUT de\u011fi\u015fiklikleriyle eczane ekonomileri 500 milyon TL&#8217;nin \u00fczerinde zararda.<\/span><\/p>\n<p class=\"MsoNormal\" style=\"margin: 0cm 0cm 0pt;\"><span style=\"font-family: Times New Roman; font-size: small;\">Bu y\u00fck\u00fc kald\u0131ramayan eczanelerimiz bir bir kapanmakta ve meslek art\u0131k yap\u0131lamaz noktaya getirilmekte.<\/span><\/p>\n<p class=\"MsoNormal\" style=\"margin: 0cm 0cm 0pt;\"><span style=\"font-family: Times New Roman; font-size: small;\">16 May\u0131s&#8217;ta y\u00fcr\u00fcrl\u00fc\u011fe girece\u011fi a\u00e7\u0131klanan \u0130la\u00e7 Takip Sistemi ile sigortal\u0131lara ila\u00e7 hizmetinde yeni bir kriz kap\u0131da.<\/span><\/p>\n<p class=\"MsoNormal\" style=\"margin: 0cm 0cm 0pt;\"><span style=\"font-family: Times New Roman; font-size: small;\">\u0130lac\u0131 eczane d\u0131\u015f\u0131na \u00e7\u0131karacak d\u00fczenlemelerden biri olan OTC yasas\u0131n\u0131n eli kula\u011f\u0131nda, toplum sa\u011fl\u0131\u011f\u0131n\u0131 tehlikeye atma pahas\u0131na ila\u00e7 reklam\u0131n\u0131n serbest b\u0131rak\u0131lmas\u0131 g\u00fcndemde.<\/span><\/p>\n<p class=\"MsoNormal\" style=\"margin: 0cm 0cm 0pt;\"><span style=\"font-family: Times New Roman; font-size: small;\">T\u00fcm bu geli\u015fmeler kar\u015f\u0131s\u0131nda ya\u015fanan sessizli\u011fi bozmak, mesle\u011fimize uzanan elleri hep birlikte b\u00fckece\u011fimizi hayk\u0131rmak i\u00e7in:<\/span><\/p>\n<p class=\"MsoNormal\" style=\"margin: 0cm 0cm 0pt;\"><strong style=\"mso-bidi-font-weight: normal;\"><span style=\"font-size: small;\"><span style=\"font-family: Times New Roman;\">9 MAYIS PAZAR G\u00dcN\u00dc<\/span><\/span><\/strong><\/p>\n<p class=\"MsoNormal\" style=\"margin: 0cm 0cm 0pt;\"><strong style=\"mso-bidi-font-weight: normal;\"><span style=\"font-size: small;\"><span style=\"font-family: Times New Roman;\">KADIK\u00d6Y MEYDANI&#8217;NDA<\/span><\/span><\/strong><\/p>\n<p class=\"MsoNormal\" style=\"margin: 0cm 0cm 0pt;\"><strong style=\"mso-bidi-font-weight: normal;\"><span style=\"font-size: small;\"><span style=\"font-family: Times New Roman;\">&#8220;MESLE\u011e\u0130MDEN EL\u0130N\u0130 \u00c7EK&#8221;<\/span><\/span><\/strong><\/p>\n<p class=\"MsoNormal\" style=\"margin: 0cm 0cm 0pt;\"><span style=\"font-family: Times New Roman; font-size: small;\">Diyece\u011fiz!<\/span><\/p>\n<p class=\"MsoNormal\" style=\"margin: 0cm 0cm 0pt;\"><span style=\"font-family: Times New Roman; font-size: small;\">Pazar g\u00fcn\u00fc ayn\u0131 zamanda Anneler G\u00fcn\u00fc ve \u00e7o\u011funlu\u011funu kad\u0131nlar\u0131n olu\u015fturdu\u011fu meslekta\u015flar\u0131m\u0131z\u0131n aras\u0131nda anneler de \u00e7o\u011funlukta. Eczac\u0131 annelerimize o g\u00fcn \u00e7ocuklar\u0131n\u0131 da yanlar\u0131na alarak mesleklerinin ve dolay\u0131s\u0131yla \u00e7ocuklar\u0131n\u0131n geleceklerine sahip \u00e7\u0131kma \u00e7a\u011fr\u0131s\u0131nda bulunuyoruz.<\/span><\/p>\n<p class=\"MsoNormal\" style=\"margin: 0cm 0cm 0pt;\"><span style=\"font-family: Times New Roman; font-size: small;\">9 May\u0131s Pazar g\u00fcn\u00fc saat 11.30&#8217;da Tepe Nautilus \u00f6n\u00fcnde bulu\u015facak, saat 12.00&#8217;de Kad\u0131k\u00f6y \u0130skele Meydan\u0131&#8217;na do\u011fru y\u00fcr\u00fcy\u00fc\u015fe ge\u00e7ece\u011fiz. Saat 13.00&#8217;te mitingimiz ba\u015flayacak. Mitingde Bulutsuzluk \u00d6zlemi de bir konser verecek.<\/span><\/p>\n<p class=\"MsoNormal\" style=\"margin: 0cm 0cm 0pt;\"><span style=\"font-family: Times New Roman; font-size: small;\">Bas\u0131n\u0131n ve kamuoyunun bilgisine sayg\u0131lar\u0131m\u0131zla sunar\u0131z.<\/span><\/p>\n<p class=\"MsoNormal\" style=\"margin: 0cm 0cm 0pt;\"><span style=\"font-family: Times New Roman; font-size: small;\">\u00a0<\/span><\/p>\n<p class=\"MsoNormal\" style=\"text-align: right; margin: 0cm 0cm 0pt;\" align=\"right\"><strong style=\"mso-bidi-font-weight: normal;\"><span style=\"font-size: small;\"><span style=\"font-family: Times New Roman;\">\u0130STANBUL ECZACI ODASI<\/span><\/span><\/strong><\/p>\n<p class=\"MsoNormal\" style=\"text-align: right; margin: 0cm 0cm 0pt;\" align=\"right\"><strong style=\"mso-bidi-font-weight: normal;\"><span style=\"font-size: small;\"><span style=\"font-family: Times New Roman;\">BURSA ECZACI ODASI<\/span><\/span><\/strong><\/p>\n<p class=\"MsoNormal\" style=\"text-align: right; margin: 0cm 0cm 0pt;\" align=\"right\"><strong style=\"mso-bidi-font-weight: normal;\"><span style=\"font-size: small;\"><span style=\"font-family: Times New Roman;\">D\u0130YARBAKIR ECZACI ODASI<\/span><\/span><\/strong><\/p>\n<p class=\"MsoNormal\" style=\"text-align: right; margin: 0cm 0cm 0pt;\" align=\"right\"><strong style=\"mso-bidi-font-weight: normal;\"><span style=\"font-size: small;\"><span style=\"font-family: Times New Roman;\">ZONGULDAK ECZACI ODASI<\/span><\/span><\/strong><\/p>\n<p class=\"MsoNormal\" style=\"text-align: right; margin: 0cm 0cm 0pt;\" align=\"right\"><strong style=\"mso-bidi-font-weight: normal;\"><span style=\"font-size: small;\"><span style=\"font-family: Times New Roman;\">KOCAEL\u0130 ECZACI ODASI<\/span><\/span><\/strong><\/p>\n<p class=\"MsoNormal\" style=\"text-align: right; margin: 0cm 0cm 0pt;\" align=\"right\"><strong style=\"mso-bidi-font-weight: normal;\"><span style=\"font-size: small;\"><span style=\"font-family: Times New Roman;\">AMASYA ECZACI ODASI<\/span><\/span><\/strong><\/p>\n","protected":false},"excerpt":{"rendered":"<p>\u00a0\u00a0\u00a0\u00a0\u00a0\u00a0\u00a0\u00a0\u00a0\u00a0\u00a0\u00a0\u00a0\u00a0\u00a0\u00a0\u00a0\u00a0\u00a0\u00a0\u00a0\u00a0\u00a0\u00a0\u00a0\u00a0\u00a0\u00a0\u00a0\u00a0\u00a0\u00a0\u00a0\u00a0\u00a0\u00a0\u00a0\u00a0\u00a0\u00a0\u00a0\u00a0\u00a0\u00a0\u00a0\u00a0\u00a0\u00a0\u00a0\u00a0\u00a0\u00a0\u00a0\u00a0\u00a0\u00a0\u00a0\u00a0\u00a0\u00a0\u00a0\u00a0\u00a0\u00a0\u00a0\u00a0\u00a0\u00a0\u00a0\u00a0\u00a0\u00a0\u00a0\u00a0\u00a0\u00a0\u00a0\u00a0\u00a0\u00a0\u00a0\u00a0\u00a0\u00a0\u00a0\u00a0\u00a0\u00a0\u00a0\u00a0\u00a0\u00a0\u00a0\u00a0\u00a0\u00a0\u00a0\u00a0\u00a0\u00a0\u00a0\u00a0\u00a0\u00a0\u00a0\u00a0\u00a0\u00a0\u00a0\u00a0\u00a0\u00a0\u00a0\u00a0\u00a0\u00a0\u00a0\u00a0\u00a0\u00a0\u00a0\u00a0\u00a0\u00a0\u00a0\u00a0\u00a0\u00a0 5 May\u0131s 2010 9 May\u0131s&#8217;ta &#8220;Mesle\u011fimden Elini \u00c7ek&#8221; demek i\u00e7in Kad\u0131k\u00f6y Meydan\u0131&#8217;nday\u0131z! \u00c7\u00fcnk\u00fc: Mesle\u011fimiz siyasi iktidar eliyle b\u00fcy\u00fck bir&#46;&#46;&#46;<\/p>\n","protected":false},"author":1,"featured_media":0,"comment_status":"closed","ping_status":"closed","sticky":false,"template":"","format":"standard","meta":{"_jetpack_memberships_contains_paid_content":false,"footnotes":""},"categories":[1],"tags":[],"class_list":["post-3713","post","type-post","status-publish","format-standard","hentry","category-ced"],"aioseo_notices":[],"jetpack_featured_media_url":"","jetpack_sharing_enabled":true,"jetpack-related-posts":[],"_links":{"self":[{"href":"http:\/\/www.ced.org.tr\/index.php?rest_route=\/wp\/v2\/posts\/3713","targetHints":{"allow":["GET"]}}],"collection":[{"href":"http:\/\/www.ced.org.tr\/index.php?rest_route=\/wp\/v2\/posts"}],"about":[{"href":"http:\/\/www.ced.org.tr\/index.php?rest_route=\/wp\/v2\/types\/post"}],"author":[{"embeddable":true,"href":"http:\/\/www.ced.org.tr\/index.php?rest_route=\/wp\/v2\/users\/1"}],"replies":[{"embeddable":true,"href":"http:\/\/www.ced.org.tr\/index.php?rest_route=%2Fwp%2Fv2%2Fcomments&post=3713"}],"version-history":[{"count":0,"href":"http:\/\/www.ced.org.tr\/index.php?rest_route=\/wp\/v2\/posts\/3713\/revisions"}],"wp:attachment":[{"href":"http:\/\/www.ced.org.tr\/index.php?rest_route=%2Fwp%2Fv2%2Fmedia&parent=3713"}],"wp:term":[{"taxonomy":"category","embeddable":true,"href":"http:\/\/www.ced.org.tr\/index.php?rest_route=%2Fwp%2Fv2%2Fcategories&post=3713"},{"taxonomy":"post_tag","embeddable":true,"href":"http:\/\/www.ced.org.tr\/index.php?rest_route=%2Fwp%2Fv2%2Ftags&post=3713"}],"curies":[{"name":"wp","href":"https:\/\/api.w.org\/{rel}","templated":true}]}}