{"id":3715,"date":"2010-05-13T06:03:12","date_gmt":"2010-05-13T03:03:12","guid":{"rendered":"http:\/\/www.ced.org.tr\/?p=3715"},"modified":"2010-05-13T06:03:12","modified_gmt":"2010-05-13T03:03:12","slug":"eczaci-kamuoyunu-sorumlulari-uyarmaya-davet-ediyoruz","status":"publish","type":"post","link":"http:\/\/www.ced.org.tr\/?p=3715","title":{"rendered":"ECZACI KAMUOYUNU SORUMLULARI UYARMAYA DAVET ED\u0130YORUZ"},"content":{"rendered":"<p class=\"MsoNormal\" style=\"margin: 0cm 0cm 0pt;\"><span style=\"font-family: Times New Roman; font-size: small;\">\u0130la\u00e7 Takip Sistemi 16 May\u0131s Pazar g\u00fcn\u00fc uygulanmaya ba\u015flayacakt\u0131r. Bu g\u00fcne kadar \u0131srarla dile getirip uyarmam\u0131za ra\u011fmen yap\u0131lan haz\u0131rl\u0131klar ve d\u00fczenlemeler g\u00f6z \u00f6n\u00fcne al\u0131nd\u0131\u011f\u0131nda \u0130la\u00e7 Takip Sistemi uygulanmaya ba\u015flad\u0131\u011f\u0131 anda \u00fclkemizde ki\u00a0ila\u00e7 hizmetinde kaos ya\u015fanmas\u0131 ka\u00e7\u0131n\u0131lmaz olacakt\u0131r.<\/span><\/p>\n<p class=\"MsoNormal\" style=\"margin: 0cm 0cm 0pt;\"><span style=\"font-family: Times New Roman; font-size: small;\">\u00c7\u00fcnk\u00fc;<\/span><\/p>\n<p class=\"MsoNormal\" style=\"margin: 0cm 0cm 0pt;\"><span style=\"font-family: Times New Roman; font-size: small;\">T\u00fcrk Eczac\u0131lar\u0131 Birli\u011fi Merkez Heyeti&#8217;nin s\u00fcrekli olarak her ortamda dile getirdi\u011finin aksine eczanelerimiz ve biz eczac\u0131lar bu uygulamaya haz\u0131r de\u011fildir.<\/span><\/p>\n<p class=\"MsoNormal\" style=\"margin: 0cm 0cm 0pt;\"><span style=\"font-family: Times New Roman; font-size: small;\">Bir\u00e7ok eczanemizin ila\u00e7lar\u0131 kaydedece\u011fi bir i\u015fletim program\u0131 yoktur. Ge\u00e7ti\u011fimiz hafta Eczac\u0131 Odalar\u0131m\u0131z arac\u0131l\u0131\u011f\u0131 ile eczac\u0131lar\u0131m\u0131za da\u011f\u0131t\u0131lmaya ba\u015flayan TEBEOS adl\u0131 eczane program\u0131 sa\u011fl\u0131kl\u0131 i\u015flememektedir.Program bir\u00e7ok eczanede kurulum sonras\u0131 sistemlerin \u00e7\u00f6kmesine neden olmu\u015ftur. Bu program\u0131n teknik deste\u011fi yoktur. Eczac\u0131lar Birli\u011fi taraf\u0131ndan verilen tek bir telefon arac\u0131l\u0131\u011f\u0131 ile sorunlar\u0131n \u00e7\u00f6z\u00fcmlenmesi hayaldir.<\/span><\/p>\n<p class=\"MsoNormal\" style=\"margin: 0cm 0cm 0pt;\"><span style=\"font-family: Times New Roman; font-size: small;\">Eczanelerimizin \u00e7o\u011funda Karekod okuyucu bulunmamaktad\u0131r. Uygulaman\u0131n 16 May\u0131s &#8216;ta ba\u015flat\u0131laca\u011f\u0131 dayatmas\u0131 kar\u015f\u0131s\u0131nda karekod okuyucu almak isteyen meslekta\u015flar\u0131m\u0131z, daha \u00f6ncesinde piyasada \u00e7e\u015fitli ve bol miktarda barkod okuyucu bulunuyor olmas\u0131na ra\u011fmen bug\u00fcn sat\u0131c\u0131lar\u0131n\u00a0&#8220;elimizde yok&#8221; cevab\u0131 ile kar\u015f\u0131 kar\u015f\u0131ya kalmaktad\u0131rlar. Karekod okuyucular karaborsaya d\u00fc\u015fm\u00fc\u015f durumdad\u0131r. Bizlere bu sistemi dayatanlar ve sisteme ko\u015fulsuz destek veren T\u00fcrk Eczac\u0131lar\u0131 Birli\u011fi , piyasada ya\u015fanan bu keyfi uygulamaya sorumluluklar\u0131 gere\u011fi m\u00fcdahale etmeleri gerekirken sessiz kalmaktad\u0131rlar.<\/span><\/p>\n<p class=\"MsoNormal\" style=\"margin: 0cm 0cm 0pt;\"><span style=\"font-family: Times New Roman; font-size: small;\">Eczanelerimizin stoklar\u0131nda bulunan ve karekodsuz olan y\u00fczde altm\u0131\u015f oran\u0131ndaki \u00fcr\u00fcn\u00fcn ge\u00e7ici karekodlama i\u015flemi hen\u00fcz ba\u015flam\u0131\u015f bile de\u011fildir. 1 Haziran 2010 tarihi itibariyle bu s\u00fcrecin tamamlanmas\u0131n\u0131n olana\u011f\u0131 yoktur.<\/span><\/p>\n<p class=\"MsoNormal\" style=\"margin: 0cm 0cm 0pt;\"><span style=\"font-family: Times New Roman; font-size: small;\">Eczanelerde karekodlu oldu\u011fu halde \u0130TS ye bildirilmemi\u015f ve sistemde kayd\u0131 olmayan, dolay\u0131s\u0131yla 16 May\u0131s 2010 tarihinde uygulama ba\u015flad\u0131\u011f\u0131nda sistemden onay al\u0131namayaca\u011f\u0131 i\u00e7in hastalara verilemeyecek durumda olan \u00e7ok say\u0131da ila\u00e7 vard\u0131r. Bir\u00e7ok ilac\u0131n ise \u0130TS &#8216;ye hatal\u0131 olarak bildirim yap\u0131ld\u0131\u011f\u0131 tespit edilmi\u015ftir.<\/span><\/p>\n<p class=\"MsoNormal\" style=\"margin: 0cm 0cm 0pt;\"><span style=\"font-family: Times New Roman; font-size: small;\">-\u0130la\u00e7 Da\u011f\u0131t\u0131m Kanallar\u0131 da \u0130la\u00e7 Takip Sistemi Uygulamas\u0131na haz\u0131r de\u011fildirler.<\/span><\/p>\n<p class=\"MsoNormal\" style=\"margin: 0cm 0cm 0pt;\"><span style=\"font-family: Times New Roman; font-size: small;\">Da\u011f\u0131t\u0131m Kanallar\u0131n\u0131n sistemin i\u00e7erisinde yer almalar\u0131 gerekirken son anda uygulaman\u0131n d\u0131\u015f\u0131nda b\u0131rak\u0131lm\u0131\u015f olmalar\u0131n\u0131n yarataca\u011f\u0131 sorunlar bir yana, depolardaki ila\u00e7lar\u0131n da ge\u00e7ici karekodla etiketlenme i\u015flemleri uygulamaya \u00fc\u00e7 g\u00fcn kalmas\u0131na ra\u011fmen hen\u00fcz tamamlanmam\u0131\u015ft\u0131r.<\/span><\/p>\n<p class=\"MsoNormal\" style=\"margin: 0cm 0cm 0pt;\"><span style=\"font-family: Times New Roman; font-size: small;\">-\u0130la\u00e7 Sekt\u00f6r\u00fcn\u00fcn de \u0130la\u00e7 Takip Sistemi Uygulamas\u0131na haz\u0131r olmad\u0131\u011f\u0131 g\u00f6r\u00fclmektedir. \u0130la\u00e7 ve Eczac\u0131l\u0131k Genel M\u00fcd\u00fcrl\u00fc\u011f\u00fc&#8217;n\u00fcn, ila\u00e7 firmalar\u0131n\u0131n ve ecza depolar\u0131n\u0131n 1 May\u0131s 2010 tarihi itibariyle karekodsuz \u00fcr\u00fcnleri eczanelere vermemesi y\u00f6n\u00fcndeki, \u00a026 Nisan 2010 tarihli duyurusuna ra\u011fmen eczanelerimize karekodsuz ila\u00e7 sevkiyatlar\u0131 devam etmektedir.<\/span><\/p>\n<p class=\"MsoNormal\" style=\"margin: 0cm 0cm 0pt;\"><span style=\"font-family: Times New Roman; font-size: small;\">Ge\u00e7ici karekodlama i\u015flemlerinin tamamlanmas\u0131n\u0131n Bakanl\u0131k yetkililerinin \u00f6ng\u00f6rd\u00fc\u011f\u00fc tarihte bitirilemeyece\u011fini ve en az 6 ayl\u0131k ge\u00e7i\u015f s\u00fcresine\u00a0 ihtiya\u00e7 oldu\u011funu sekt\u00f6r \u00a0ve Bakanl\u0131k yetkililerinin birlikte yapt\u0131\u011f\u0131 ortak toplant\u0131larda ilgililere iletildi\u011fi bilinmektedir.<\/span><\/p>\n<p class=\"MsoNormal\" style=\"margin: 0cm 0cm 0pt;\"><span style=\"font-family: Times New Roman; font-size: small;\">\u0130la\u00e7 Takip Sistemini \u0131srarla hayata ge\u00e7irmeye \u00e7al\u0131\u015fan Sa\u011fl\u0131k Bakanl\u0131\u011f\u0131 ile \u00c7al\u0131\u015fma ve Sosyal G\u00fcvenlik Bakanl\u0131\u011f\u0131&#8217;n\u0131n sistemin uygulanmas\u0131na ili\u015fkin yapt\u0131klar\u0131\u00a0 her yeni a\u00e7\u0131klama\u00a0ve duyuru kafa kar\u0131\u015f\u0131kl\u0131\u011f\u0131n\u0131 dahada\u00a0art\u0131rmakta ve yeni belirsizliklere yol a\u00e7maktad\u0131r.<\/span><\/p>\n<p class=\"MsoNormal\" style=\"margin: 0cm 0cm 0pt;\"><span style=\"font-family: Times New Roman; font-size: small;\">Sonu\u00e7 olarak; \u00a0\u0130la\u00e7 Takip Sistemi uygulamas\u0131na ila\u00e7 sekt\u00f6r\u00fcn\u00fcn , ila\u00e7 da\u011f\u0131t\u0131m kanallar\u0131n\u0131n , T\u00fcrk Eczac\u0131lar\u0131 Birli\u011fi &#8216;nin \u0131srarla haz\u0131r olduklar\u0131n\u0131 s\u00f6ylemelerine\u00a0\u00a0 ra\u011fmen eczanelerin ve ilgili Bakanl\u0131klar\u0131n haz\u0131r olmad\u0131\u011f\u0131 g\u00f6r\u00fclmektedir.<\/span><\/p>\n<p class=\"MsoNormal\" style=\"margin: 0cm 0cm 0pt;\"><span style=\"font-family: Times New Roman; font-size: small;\">\u0130la\u00e7 Takip Sisteminin 16 May\u0131s 2010 tarihinde uygulanmas\u0131 durumunda\u00a0 olu\u015facak hasta ma\u011fduriyetlerinin ve eczanelerde ya\u015fanacak kaosun sorumlusu bu sistemi uygulamak isteyenler ile bu sistemin aksakl\u0131klar\u0131na duyars\u0131z kal\u0131p sisteme onay verenler olacakt\u0131r.<\/span><\/p>\n<p class=\"MsoNormal\" style=\"margin: 0cm 0cm 0pt;\"><span style=\"font-family: Times New Roman; font-size: small;\">Bu nedenle \u00fclkenin d\u00f6rt bir yan\u0131nda \u00f6zveri ile ila\u00e7 hizmetini s\u00fcrd\u00fcren t\u00fcm meslekta\u015flar\u0131m\u0131z\u0131, a\u015fa\u011f\u0131da yer alan metni belirtilen numaralara fakslayarak sorumlular\u0131 son kez uyarmaya davet ediyoruz.<\/p>\n<p><\/span><a href=\"http:\/\/www.istanbuleczaciodasi.org.tr\/upload\/doc\/20100512_dilekce_ornek_cbsgk.doc\" target=\"_blank\"><span style=\"font-family: Times New Roman; font-size: small;\">T.C. \u00c7al\u0131\u015fma ve Sosyal G\u00fcvenlik Bakanl\u0131\u011f\u0131 Sosyal G\u00fcvenlik Kurumu Ba\u015fkanl\u0131\u011f\u0131&#8217;na g\u00f6nderilecek dilek\u00e7e \u00f6rne\u011fi i\u00e7in t\u0131klay\u0131n\u0131z<\/span><\/a><span style=\"font-family: Times New Roman; font-size: small;\">.<\/p>\n<p><\/span><a href=\"http:\/\/www.istanbuleczaciodasi.org.tr\/upload\/doc\/20100512_dilekce_ornek_sbiegm.doc\" target=\"_blank\"><span style=\"font-family: Times New Roman; font-size: small;\">T.C Sa\u011fl\u0131k Bakanl\u0131\u011f\u0131 \u0130la\u00e7 ve Eczac\u0131l\u0131k Genel M\u00fcd\u00fcrl\u00fc&#8217;ne g\u00f6nderilecek dilek\u00e7e \u00f6rne\u011fi i\u00e7in t\u0131klay\u0131n\u0131z.<\/span><\/a><\/p>\n<p><a href=\"http:\/\/www.istanbuleczaciodasi.org.tr\/upload\/doc\/20100512_dilekce_ornek_teb.doc\" target=\"_blank\"><span style=\"font-family: Times New Roman; font-size: small;\">T\u00fcrk Eczac\u0131lar\u0131 Birli\u011fi Merkez Heyeti&#8217;ne g\u00f6nderilecek dilek\u00e7e \u00f6rne\u011fi i\u00e7in t\u0131klay\u0131n\u0131z.<br \/><\/span><\/a><br \/><span style=\"font-family: Times New Roman; font-size: small;\">T.C. \u00c7al\u0131\u015fma ve Sosyal G\u00fcvenlik Bakanl\u0131\u011f\u0131 Sosyal G\u00fcvenlik Kurumu Ba\u015fkanl\u0131\u011f\u0131 fax numaras\u0131 : <strong>0-312-207 81 53<\/strong><\/span><\/p>\n<p class=\"MsoNormal\" style=\"margin: 0cm 0cm 0pt;\"><span style=\"font-family: Times New Roman; font-size: small;\">T.C Sa\u011fl\u0131k Bakanl\u0131\u011f\u0131 \u0130la\u00e7 ve Eczac\u0131l\u0131k Genel M\u00fcd\u00fcrl\u00fc fax numaras\u0131 : <strong>0-312-309 71 18<\/strong><br \/>T\u00fcrk Eczac\u0131lar\u0131 Birli\u011fi Merkez Heyeti fax numaras\u0131 : <strong>0-312-409 81 09<\/strong><\/span><\/p>\n<p class=\"MsoNormal\" style=\"margin: 0cm 0cm 0pt;\"><span style=\"font-family: Times New Roman; font-size: small;\">\u00a0<\/span><\/p>\n<p class=\"MsoNormal\" style=\"text-align: right; margin: 0cm 0cm 0pt;\" align=\"right\"><strong style=\"mso-bidi-font-weight: normal;\"><span style=\"font-size: small;\"><span style=\"font-family: Times New Roman;\">\u0130stanbul Eczac\u0131 Odas\u0131<br \/>Y\u00f6netim Kurulu<\/span><\/span><\/strong><\/p>\n","protected":false},"excerpt":{"rendered":"<p>\u0130la\u00e7 Takip Sistemi 16 May\u0131s Pazar g\u00fcn\u00fc uygulanmaya ba\u015flayacakt\u0131r. Bu g\u00fcne kadar \u0131srarla dile getirip uyarmam\u0131za ra\u011fmen yap\u0131lan haz\u0131rl\u0131klar ve&#46;&#46;&#46;<\/p>\n","protected":false},"author":1,"featured_media":0,"comment_status":"closed","ping_status":"closed","sticky":false,"template":"","format":"standard","meta":{"_jetpack_memberships_contains_paid_content":false,"footnotes":""},"categories":[1],"tags":[],"class_list":["post-3715","post","type-post","status-publish","format-standard","hentry","category-ced"],"aioseo_notices":[],"jetpack_featured_media_url":"","jetpack_sharing_enabled":true,"jetpack-related-posts":[],"_links":{"self":[{"href":"http:\/\/www.ced.org.tr\/index.php?rest_route=\/wp\/v2\/posts\/3715","targetHints":{"allow":["GET"]}}],"collection":[{"href":"http:\/\/www.ced.org.tr\/index.php?rest_route=\/wp\/v2\/posts"}],"about":[{"href":"http:\/\/www.ced.org.tr\/index.php?rest_route=\/wp\/v2\/types\/post"}],"author":[{"embeddable":true,"href":"http:\/\/www.ced.org.tr\/index.php?rest_route=\/wp\/v2\/users\/1"}],"replies":[{"embeddable":true,"href":"http:\/\/www.ced.org.tr\/index.php?rest_route=%2Fwp%2Fv2%2Fcomments&post=3715"}],"version-history":[{"count":0,"href":"http:\/\/www.ced.org.tr\/index.php?rest_route=\/wp\/v2\/posts\/3715\/revisions"}],"wp:attachment":[{"href":"http:\/\/www.ced.org.tr\/index.php?rest_route=%2Fwp%2Fv2%2Fmedia&parent=3715"}],"wp:term":[{"taxonomy":"category","embeddable":true,"href":"http:\/\/www.ced.org.tr\/index.php?rest_route=%2Fwp%2Fv2%2Fcategories&post=3715"},{"taxonomy":"post_tag","embeddable":true,"href":"http:\/\/www.ced.org.tr\/index.php?rest_route=%2Fwp%2Fv2%2Ftags&post=3715"}],"curies":[{"name":"wp","href":"https:\/\/api.w.org\/{rel}","templated":true}]}}