{"id":3718,"date":"2010-05-17T11:22:31","date_gmt":"2010-05-17T08:22:31","guid":{"rendered":"http:\/\/www.ced.org.tr\/?p=3718"},"modified":"2010-05-17T11:22:31","modified_gmt":"2010-05-17T08:22:31","slug":"saglik-hakki-engellenemez","status":"publish","type":"post","link":"http:\/\/www.ced.org.tr\/?p=3718","title":{"rendered":"SA\u011eLIK HAKKI ENGELLENEMEZ!"},"content":{"rendered":"<p class=\"MsoNormal\" style=\"margin: 0cm 0cm 0pt;\"><span style=\"font-family: Times New Roman; font-size: small;\">Sa\u011fl\u0131k hakk\u0131 do\u011fu\u015ftan kazan\u0131lan ve anayasal g\u00fcvence alt\u0131nda olan bir hakt\u0131r. Hi\u00e7bir kimse, hi\u00e7bir kurum bu hakk\u0131n<span style=\"mso-spacerun: yes;\">\u00a0 <\/span>kullan\u0131m\u0131n\u0131 engelleme hakk\u0131na sahip de\u011fildir. Ancak bug\u00fcn itibariyle sa\u011fl\u0131k hakk\u0131 t\u00fcm \u00fclkede fiili olarak engellenmi\u015f durumdad\u0131r. \u2019\u0130lac\u0131 g\u00fcvenli\u011fini ve halk\u0131n sa\u011fl\u0131\u011f\u0131n\u0131 korumak\u2019 iddias\u0131 ile \u00f6ne s\u00fcr\u00fclen \u0130la\u00e7 Takip Sistemi \u00e7al\u0131\u015famaz durumdad\u0131r, bu sistem nedeniyle ilaca ula\u015famayan milyonlarca insan\u0131n sa\u011fl\u0131\u011f\u0131 tehdit alt\u0131ndad\u0131r.<\/span><\/p>\n<p class=\"MsoNormal\" style=\"margin: 0cm 0cm 0pt;\"><span style=\"font-family: Times New Roman; font-size: small;\">\u00a0<\/span><\/p>\n<p class=\"MsoNormal\" style=\"margin: 0cm 0cm 0pt;\"><span style=\"font-family: Times New Roman; font-size: small;\">Halk\u0131n sa\u011fl\u0131\u011f\u0131n\u0131 korumakla g\u00f6revli ba\u015fta Sa\u011fl\u0131k Bakanl\u0131\u011f\u0131 olmak \u00fczere, \u00c7al\u0131\u015fma ve Sosyal G\u00fcvenlik Bakanl\u0131\u011f\u0131 yetkililerinden bu konuyla ilgili bir tek a\u00e7\u0131klama yok!<\/span><span style=\"font-family: Times New Roman; font-size: small;\"> \u0130lac\u0131n ve hastan\u0131n kimlik bilgilerine ula\u015fmak ve bunun \u00fczerinden gelecek on y\u0131llar\u0131n ila\u00e7 ve sa\u011fl\u0131k politikalar\u0131n\u0131 olu\u015fturmak niyetinde olan \u00e7ok uluslu ila\u00e7 tekkelerinin halk\u0131n sa\u011fl\u0131\u011f\u0131 ile ilgili bir sorunu olmayabilir! Ama Sa\u011fl\u0131k Bakanl\u0131\u011f\u0131, \u00c7al\u0131\u015fma ve sosyal G\u00fcvenlik Bakanl\u0131\u011f\u0131 <\/span><span style=\"font-family: Times New Roman; font-size: small;\">gibi halk\u0131n sa\u011fl\u0131\u011f\u0131 ile do\u011frudan ilgili kurumlar, vatanda\u015flar\u0131n ilaca ula\u015famamas\u0131 nedeniyle ya\u015fanacak bir sa\u011fl\u0131k sorununun do\u011frudan sorumlular\u0131 olacaklard\u0131r.<\/span><\/p>\n<p class=\"MsoNormal\" style=\"margin: 0cm 0cm 0pt;\"><span style=\"font-family: Times New Roman; font-size: small;\">\u00a0<\/span><\/p>\n<p class=\"MsoNormal\" style=\"margin: 0cm 0cm 0pt;\"><span style=\"font-family: Times New Roman; font-size: small;\">\u0130la\u00e7 Takip Sistemi \u00fczerinden \u00fcretilecek hi\u00e7bir gerek\u00e7e halk\u0131n ilaca ula\u015fmas\u0131n\u0131 engelleyemez. \u0130\u015flemeyen bir sistem derhal geri \u00e7ekilmelidir.<\/span><\/p>\n<p class=\"MsoNormal\" style=\"margin: 0cm 0cm 0pt;\"><span style=\"font-family: Times New Roman; font-size: small;\">\u00a0<\/span><\/p>\n<p class=\"MsoNormal\" style=\"margin: 0cm 0cm 0pt;\"><span style=\"font-family: Times New Roman; font-size: small;\">\u00a0<\/span><\/p>\n<p class=\"MsoNormal\" style=\"margin: 0cm 0cm 0pt;\"><strong style=\"mso-bidi-font-weight: normal;\"><span style=\"font-size: small;\"><span style=\"font-family: Times New Roman;\">\u00c7ED GENEL BA\u015eKANI<\/span><\/span><\/strong><strong style=\"mso-bidi-font-weight: normal;\"><span style=\"font-family: Times New Roman; font-size: small;\">\u00a0<\/span><\/strong><\/p>\n<p class=\"MsoNormal\" style=\"margin: 0cm 0cm 0pt;\"><strong style=\"mso-bidi-font-weight: normal;\"><span style=\"font-size: small;\"><span style=\"font-family: Times New Roman;\">Ecz. Rafet \u015eAH\u0130N<\/span><\/span><\/strong><\/p>\n","protected":false},"excerpt":{"rendered":"<p>Sa\u011fl\u0131k hakk\u0131 do\u011fu\u015ftan kazan\u0131lan ve anayasal g\u00fcvence alt\u0131nda olan bir hakt\u0131r. Hi\u00e7bir kimse, hi\u00e7bir kurum bu hakk\u0131n\u00a0 kullan\u0131m\u0131n\u0131 engelleme hakk\u0131na&#46;&#46;&#46;<\/p>\n","protected":false},"author":1,"featured_media":0,"comment_status":"closed","ping_status":"closed","sticky":false,"template":"","format":"standard","meta":{"_jetpack_memberships_contains_paid_content":false,"footnotes":""},"categories":[1],"tags":[],"class_list":["post-3718","post","type-post","status-publish","format-standard","hentry","category-ced"],"aioseo_notices":[],"jetpack_featured_media_url":"","jetpack_sharing_enabled":true,"jetpack-related-posts":[],"_links":{"self":[{"href":"http:\/\/www.ced.org.tr\/index.php?rest_route=\/wp\/v2\/posts\/3718","targetHints":{"allow":["GET"]}}],"collection":[{"href":"http:\/\/www.ced.org.tr\/index.php?rest_route=\/wp\/v2\/posts"}],"about":[{"href":"http:\/\/www.ced.org.tr\/index.php?rest_route=\/wp\/v2\/types\/post"}],"author":[{"embeddable":true,"href":"http:\/\/www.ced.org.tr\/index.php?rest_route=\/wp\/v2\/users\/1"}],"replies":[{"embeddable":true,"href":"http:\/\/www.ced.org.tr\/index.php?rest_route=%2Fwp%2Fv2%2Fcomments&post=3718"}],"version-history":[{"count":0,"href":"http:\/\/www.ced.org.tr\/index.php?rest_route=\/wp\/v2\/posts\/3718\/revisions"}],"wp:attachment":[{"href":"http:\/\/www.ced.org.tr\/index.php?rest_route=%2Fwp%2Fv2%2Fmedia&parent=3718"}],"wp:term":[{"taxonomy":"category","embeddable":true,"href":"http:\/\/www.ced.org.tr\/index.php?rest_route=%2Fwp%2Fv2%2Fcategories&post=3718"},{"taxonomy":"post_tag","embeddable":true,"href":"http:\/\/www.ced.org.tr\/index.php?rest_route=%2Fwp%2Fv2%2Ftags&post=3718"}],"curies":[{"name":"wp","href":"https:\/\/api.w.org\/{rel}","templated":true}]}}