{"id":3719,"date":"2010-05-18T07:01:09","date_gmt":"2010-05-18T04:01:09","guid":{"rendered":"http:\/\/www.ced.org.tr\/?p=3719"},"modified":"2010-05-18T07:01:09","modified_gmt":"2010-05-18T04:01:09","slug":"karekodsuz-ilaclarda-yurutmeyi-durdurma-karari","status":"publish","type":"post","link":"http:\/\/www.ced.org.tr\/?p=3719","title":{"rendered":"KAREKODSUZ \u0130LA\u00c7LARDA Y\u00dcR\u00dcTMEY\u0130 DURDURMA KARARI"},"content":{"rendered":"<p class=\"MsoNormal\" style=\"margin: 0cm 0cm 0pt;\"><span style=\"font-family: Times New Roman; font-size: small;\">Dan\u0131\u015ftay 10. Dairesi Sa\u011fl\u0131k Bakanl\u0131\u011f\u0131 \u0130la\u00e7 ve Eczac\u0131l\u0131k Genel M\u00fcd\u00fcrl\u00fc\u011f\u00fc&#8217; n\u00fcn 2010\/12 say\u0131l\u0131 genelgesi ile ilgili y\u00fcr\u00fctmeyi durdurma karar\u0131 verdi. <\/span><\/p>\n<p class=\"MsoNormal\" style=\"margin: 0cm 0cm 0pt;\"><span style=\"font-family: Times New Roman; font-size: small;\">\u00a0<\/span><\/p>\n<p class=\"MsoNormal\" style=\"margin: 0cm 0cm 0pt;\"><span style=\"font-family: Times New Roman; font-size: small;\">Be\u015feri T\u0131bbi \u00dcr\u00fcnler Ambalaj ve Etiketleme Y\u00f6netmeli\u011fi ge\u00e7ici 2. Maddesinde &#8221;01.01.2010 tarihinden itibaren \u00fcretilen t\u00fcm \u00fcr\u00fcnler \u00fczerine, ruhsat izin sahipleri taraf\u0131ndan karekod konulur. Bu tarihten \u00f6nce \u00fcretilmi\u015f \u00fcr\u00fcnler 01.01.2011 tarihine kadar piyasada sat\u0131labilecektir&#8221; h\u00fckm\u00fc bulunmas\u0131na ra\u011fmen T.C.S.B \u0130la\u00e7 ve Eczac\u0131l\u0131k Genel M\u00fcd\u00fcrl\u00fc\u011f\u00fc taraf\u0131ndan 02.03.2010 tarihinde yay\u0131mlanan 2010\/12 say\u0131l\u0131 Genelge&#8217;nin 4. Maddesi &#8221; Karekodsuz \u00fcretilmi\u015f veya sisteme bildirilmemi\u015f t\u00fcm \u00fcr\u00fcnler 01.06.2010 tarihine kadar kup\u00fcrleri kesilerek \u00f6denmeye devam edecektir&#8221;, Genelge&#8217;nin 6. Maddesi ise &#8221;01.06.2010 tarihi itibar\u0131 ile piyasadaki t\u00fcm \u00fcr\u00fcnler karekodlu olarak i\u015flem g\u00f6rmeye ba\u015flayacakt\u0131r. Bu tarih itibar\u0131 ile piyasada kalan t\u00fcm \u00fcr\u00fcnler firmalar taraf\u0131ndan karekodlanacak, bu i\u015flemler firma sorumlulu\u011funda olarak ecza depolar\u0131nda ve eczanelerde de yap\u0131labilecektir&#8221; ibaresini i\u00e7ermekteydi.<\/span><\/p>\n<p class=\"MsoNormal\" style=\"margin: 0cm 0cm 0pt;\"><span style=\"font-family: Times New Roman; font-size: small;\">\u00a0<\/span><\/p>\n<p class=\"MsoNormal\" style=\"margin: 0cm 0cm 0pt;\"><span style=\"font-family: Times New Roman; font-size: small;\">Dan\u0131\u015ftay 10. Dairesi, 2010\/12 say\u0131l\u0131 Genelge&#8217;nin 4. Ve 6. Maddesini Be\u015feri T\u0131bbi \u00dcr\u00fcnler Ambalaj ve Etiketleme Y\u00f6netmeli\u011fi &#8216;nin\u00a0ge\u00e7ici 2. maddesine ayk\u0131r\u0131 bularak y\u00fcr\u00fctmeyi durdurma karar\u0131 verdi.<\/span><\/p>\n<p class=\"MsoNormal\" style=\"margin: 0cm 0cm 0pt;\"><span style=\"font-family: Times New Roman; font-size: small;\">\u00a0<\/span><\/p>\n<p class=\"MsoNormal\" style=\"margin: 0cm 0cm 0pt;\"><span style=\"font-family: Times New Roman; font-size: small;\">\u0130stanbul Eczac\u0131 Odas\u0131 al\u0131nan bu y\u00fcr\u00fctmeyi durdurma karar\u0131 ile 24 bin eczanede bulunan milyonlarca lira de\u011ferindeki gelece\u011fi belirsiz karekodsuz ilac\u0131n sa\u011fl\u0131k hizmetine sunulmas\u0131n\u0131 sa\u011flayarak meslekta\u015flar\u0131m\u0131z\u0131n ma\u011fduriyetini \u00f6nlemi\u015f, \u0130la\u00e7 Takip Sistemini \u0131srarla hayata ge\u00e7irmek isteyenlerin ve onlara destek olanlar\u0131n yaratt\u0131\u011f\u0131 belirsizli\u011fin sona ermesini sa\u011flam\u0131\u015ft\u0131r.<\/span><\/p>\n<p class=\"MsoNormal\" style=\"margin: 0cm 0cm 0pt;\"><span style=\"font-family: Times New Roman; font-size: small;\">\u00a0<\/span><\/p>\n<p class=\"MsoNormal\" style=\"margin: 0cm 0cm 0pt;\"><span style=\"font-family: Times New Roman; font-size: small;\">Odam\u0131z taraf\u0131ndan Dan\u0131\u015ftay 10. Dairesinde a\u00e7\u0131lan davada mahkeme kar\u015f\u0131 tarafa tebli\u011fden \u00f6nce y\u00fcr\u00fctmeyi durdurma karar\u0131 vermi\u015ftir. Karar Dan\u0131\u015ftay&#8217;\u0131n web sayfas\u0131nda yay\u0131mlanm\u0131\u015f\u00a0fakat\u00a0taraf\u0131m\u0131za\u00a0hen\u00fcz tebli\u011f edilmemi\u015ftir. Tebligattan sonra konu ile ilgili daha geni\u015f a\u00e7\u0131klama yap\u0131lacakt\u0131r.<\/span><\/p>\n<p class=\"MsoNormal\" style=\"margin: 0cm 0cm 0pt;\">\u00a0<\/p>\n<p class=\"MsoNormal\" style=\"margin: 0cm 0cm 0pt;\"><span style=\"font-family: Times New Roman; font-size: small;\">Dan\u0131\u015ftay bu karar\u0131 ile piyasada mevcut karekodsuz ila\u00e7lar 01.01.2011 tarihine kadar\u00a0sat\u0131\u015f\u0131na devam edilecektir.<\/span><\/p>\n","protected":false},"excerpt":{"rendered":"<p>Dan\u0131\u015ftay 10. Dairesi Sa\u011fl\u0131k Bakanl\u0131\u011f\u0131 \u0130la\u00e7 ve Eczac\u0131l\u0131k Genel M\u00fcd\u00fcrl\u00fc\u011f\u00fc&#8217; n\u00fcn 2010\/12 say\u0131l\u0131 genelgesi ile ilgili y\u00fcr\u00fctmeyi durdurma karar\u0131 verdi.&#46;&#46;&#46;<\/p>\n","protected":false},"author":1,"featured_media":0,"comment_status":"closed","ping_status":"closed","sticky":false,"template":"","format":"standard","meta":{"_jetpack_memberships_contains_paid_content":false,"footnotes":""},"categories":[1],"tags":[],"class_list":["post-3719","post","type-post","status-publish","format-standard","hentry","category-ced"],"aioseo_notices":[],"jetpack_featured_media_url":"","jetpack_sharing_enabled":true,"jetpack-related-posts":[],"_links":{"self":[{"href":"http:\/\/www.ced.org.tr\/index.php?rest_route=\/wp\/v2\/posts\/3719","targetHints":{"allow":["GET"]}}],"collection":[{"href":"http:\/\/www.ced.org.tr\/index.php?rest_route=\/wp\/v2\/posts"}],"about":[{"href":"http:\/\/www.ced.org.tr\/index.php?rest_route=\/wp\/v2\/types\/post"}],"author":[{"embeddable":true,"href":"http:\/\/www.ced.org.tr\/index.php?rest_route=\/wp\/v2\/users\/1"}],"replies":[{"embeddable":true,"href":"http:\/\/www.ced.org.tr\/index.php?rest_route=%2Fwp%2Fv2%2Fcomments&post=3719"}],"version-history":[{"count":0,"href":"http:\/\/www.ced.org.tr\/index.php?rest_route=\/wp\/v2\/posts\/3719\/revisions"}],"wp:attachment":[{"href":"http:\/\/www.ced.org.tr\/index.php?rest_route=%2Fwp%2Fv2%2Fmedia&parent=3719"}],"wp:term":[{"taxonomy":"category","embeddable":true,"href":"http:\/\/www.ced.org.tr\/index.php?rest_route=%2Fwp%2Fv2%2Fcategories&post=3719"},{"taxonomy":"post_tag","embeddable":true,"href":"http:\/\/www.ced.org.tr\/index.php?rest_route=%2Fwp%2Fv2%2Ftags&post=3719"}],"curies":[{"name":"wp","href":"https:\/\/api.w.org\/{rel}","templated":true}]}}