{"id":3720,"date":"2010-06-25T12:22:05","date_gmt":"2010-06-25T09:22:05","guid":{"rendered":"http:\/\/www.ced.org.tr\/?p=3720"},"modified":"2010-06-25T12:22:05","modified_gmt":"2010-06-25T09:22:05","slug":"iegm-nin-eczanelerin-mal-alim-bildirimi-hakkinda-yaptigi-aciklama","status":"publish","type":"post","link":"http:\/\/www.ced.org.tr\/?p=3720","title":{"rendered":"\u0130EGM \u2018nin ECZANELER\u0130N MAL ALIM B\u0130LD\u0130R\u0130M\u0130 HAKKINDA YAPTI\u011eI A\u00c7IKLAMA"},"content":{"rendered":"<p class=\"MsoNormal\" style=\"margin: 0cm 0cm 0pt;\"><span style=\"font-family: Times New Roman; font-size: small;\">\u0130la\u00e7 Eczac\u0131l\u0131k genel M\u00fcd\u00fcrl\u00fc\u011f\u00fc taraf\u0131ndan \u201cEczac\u0131lar\u0131m\u0131z\u0131n ve Eczane Yaz\u0131l\u0131mc\u0131lar\u0131m\u0131z\u0131n Dikkatine\u201d ba\u015fl\u0131kl\u0131kl\u0131 a\u00e7\u0131klamas\u0131 \u015f\u00f6yle;<\/span><\/p>\n<p class=\"MsoNormal\" style=\"margin: 0cm 0cm 0pt;\"><span style=\"font-family: Times New Roman; font-size: small;\">\u00a0<\/span><\/p>\n<p class=\"MsoNormal\" style=\"margin: 0cm 0cm 0pt;\"><span style=\"font-family: Times New Roman; font-size: small;\">2010\/39 say\u0131l\u0131 genelge gere\u011fi eczanelerin \u201cMal Al\u0131m Bildirimi\u201d yapmas\u0131 zorunludur. Mal al\u0131m bildirimleri eczane yaz\u0131l\u0131mlar\u0131 arac\u0131l\u0131\u011f\u0131 ile yap\u0131labilmektedir. Mal Al\u0131m Bildirimi yap\u0131l\u0131rken \u00fcr\u00fcn\u00fcn al\u0131nd\u0131\u011f\u0131 ecza deposunun GLN numaras\u0131n\u0131n bildirilmesi zorunlu oldu\u011fu i\u00e7in Eczanenin raf\u0131nda olan \u00fcr\u00fcnlerin al\u0131nd\u0131\u011f\u0131 ecza deposunun bilinmedi\u011fi durumlarda kullan\u0131lmak \u00fczere sisteme \u201c8681110000009\u201d GLN numaras\u0131yla \u201cStok Ba\u015flang\u0131\u00e7 Deposu\u201d isminde bir depo tan\u0131mlanm\u0131\u015ft\u0131r. Bu Depo 19 Temmuz 2010 tarihine kadar bildirimlere a\u00e7\u0131k olacakt\u0131r.<\/span><\/p>\n","protected":false},"excerpt":{"rendered":"<p>\u0130la\u00e7 Eczac\u0131l\u0131k genel M\u00fcd\u00fcrl\u00fc\u011f\u00fc taraf\u0131ndan \u201cEczac\u0131lar\u0131m\u0131z\u0131n ve Eczane Yaz\u0131l\u0131mc\u0131lar\u0131m\u0131z\u0131n Dikkatine\u201d ba\u015fl\u0131kl\u0131kl\u0131 a\u00e7\u0131klamas\u0131 \u015f\u00f6yle; \u00a0 2010\/39 say\u0131l\u0131 genelge gere\u011fi eczanelerin \u201cMal&#46;&#46;&#46;<\/p>\n","protected":false},"author":1,"featured_media":0,"comment_status":"closed","ping_status":"closed","sticky":false,"template":"","format":"standard","meta":{"_jetpack_memberships_contains_paid_content":false,"footnotes":""},"categories":[1],"tags":[],"class_list":["post-3720","post","type-post","status-publish","format-standard","hentry","category-ced"],"aioseo_notices":[],"jetpack_featured_media_url":"","jetpack_sharing_enabled":true,"jetpack-related-posts":[],"_links":{"self":[{"href":"http:\/\/www.ced.org.tr\/index.php?rest_route=\/wp\/v2\/posts\/3720","targetHints":{"allow":["GET"]}}],"collection":[{"href":"http:\/\/www.ced.org.tr\/index.php?rest_route=\/wp\/v2\/posts"}],"about":[{"href":"http:\/\/www.ced.org.tr\/index.php?rest_route=\/wp\/v2\/types\/post"}],"author":[{"embeddable":true,"href":"http:\/\/www.ced.org.tr\/index.php?rest_route=\/wp\/v2\/users\/1"}],"replies":[{"embeddable":true,"href":"http:\/\/www.ced.org.tr\/index.php?rest_route=%2Fwp%2Fv2%2Fcomments&post=3720"}],"version-history":[{"count":0,"href":"http:\/\/www.ced.org.tr\/index.php?rest_route=\/wp\/v2\/posts\/3720\/revisions"}],"wp:attachment":[{"href":"http:\/\/www.ced.org.tr\/index.php?rest_route=%2Fwp%2Fv2%2Fmedia&parent=3720"}],"wp:term":[{"taxonomy":"category","embeddable":true,"href":"http:\/\/www.ced.org.tr\/index.php?rest_route=%2Fwp%2Fv2%2Fcategories&post=3720"},{"taxonomy":"post_tag","embeddable":true,"href":"http:\/\/www.ced.org.tr\/index.php?rest_route=%2Fwp%2Fv2%2Ftags&post=3720"}],"curies":[{"name":"wp","href":"https:\/\/api.w.org\/{rel}","templated":true}]}}