{"id":3722,"date":"2010-06-30T12:48:07","date_gmt":"2010-06-30T09:48:07","guid":{"rendered":"http:\/\/www.ced.org.tr\/?p=3722"},"modified":"2010-06-30T12:48:07","modified_gmt":"2010-06-30T09:48:07","slug":"baska-bir-dunya-ve-avrupa-mumkun-baska-bir-avrupa-gerekli","status":"publish","type":"post","link":"http:\/\/www.ced.org.tr\/?p=3722","title":{"rendered":"BA\u015eKA B\u0130R D\u00dcNYA VE AVRUPA M\u00dcMK\u00dcN BA\u015eKA B\u0130R AVRUPA GEREKL\u0130"},"content":{"rendered":"<p class=\"MsoNormal\" style=\"margin: 0cm 0cm 0pt;\"><span style=\"font-size: small;\"><span style=\"font-family: Times New Roman;\"><img loading=\"lazy\" decoding=\"async\" src=\"images\/stories\/dernek\/avrupasosyalforumu.jpg\" border=\"0\" alt=\"avrupa sosyal forumu\" width=\"199\" height=\"79\" style=\"float: left; border: 0; margin: 4px;\" \/>1-4 Temmuz 2010 tarihlerinde \u0130stanbul&#8217;da yap\u0131lacak olan 6. Avrupa Sosyal Forumu, <span style=\"mso-spacerun: yes;\">\u00a0<\/span>36 \u00fclkeden gelen kat\u0131l\u0131mc\u0131larla \u0130stanbul Teknik \u00dcniversitesi&#8217;nin Ma\u00e7ka ve G\u00fcm\u00fc\u015fsuyu tesislerinde ger\u00e7ekle\u015ftirilecek. <span style=\"mso-spacerun: yes;\">\u00a0<\/span><\/span><\/span><\/p>\n<p class=\"MsoNormal\" style=\"margin: 0cm 0cm 0pt;\"><span style=\"font-family: Times New Roman; font-size: small;\">\u00a0<\/span><\/p>\n<p><span style=\"font-family: &quot;Times New Roman&quot;; font-size: 12pt; mso-fareast-font-family: 'Times New Roman'; mso-ansi-language: TR; mso-fareast-language: TR; mso-bidi-language: AR-SA;\">\u0130\u015fgallere, sosyal adaletsizli\u011fe, ayr\u0131mc\u0131l\u0131\u011fa, \u0131rk\u00e7\u0131l\u0131\u011fa, bask\u0131lara ve do\u011fan\u0131n tahribat\u0131na kar\u015f\u0131 \u201c Ba\u015fka bir D\u00fcnya M\u00fcmk\u00fcn\u201d diyen 36 \u00fclkenin duyarl\u0131 insanlar\u0131 1-4 temmuz 2010 tarihinde \u0130stanbul\u2019da bulu\u015fuyor.<\/p>\n<p>\u00c7e\u015fitli seminer, toplant\u0131, panel ve at\u00f6lye \u00e7al\u0131\u015fmalar\u0131n\u0131n yan\u0131 s\u0131ra <span style=\"mso-spacerun: yes;\">\u00a0<\/span>a\u00e7\u0131l\u0131\u015f etkinli\u011fi, y\u00fcr\u00fcy\u00fc\u015fler, konserler ve \u00e7e\u015fitli k\u00fclt\u00fcrel etkinliklerin de yer alaca\u011f\u0131,<span style=\"mso-spacerun: yes;\">\u00a0 <\/span>ASF2010 program\u0131 i\u00e7in <a href=\"images\/stories\/dernek\/program_avrupa_sosyal_fomu_2010_istanbul.pdf\" target=\"_blank\" title=\"forum takvimi\">t\u0131klay\u0131n\u0131z<\/a>.<\/span><\/p>\n","protected":false},"excerpt":{"rendered":"<p>1-4 Temmuz 2010 tarihlerinde \u0130stanbul&#8217;da yap\u0131lacak olan 6. Avrupa Sosyal Forumu, \u00a036 \u00fclkeden gelen kat\u0131l\u0131mc\u0131larla \u0130stanbul Teknik \u00dcniversitesi&#8217;nin Ma\u00e7ka ve&#46;&#46;&#46;<\/p>\n","protected":false},"author":1,"featured_media":0,"comment_status":"closed","ping_status":"closed","sticky":false,"template":"","format":"standard","meta":{"_jetpack_memberships_contains_paid_content":false,"footnotes":""},"categories":[1],"tags":[],"class_list":["post-3722","post","type-post","status-publish","format-standard","hentry","category-ced"],"aioseo_notices":[],"jetpack_featured_media_url":"","jetpack_sharing_enabled":true,"jetpack-related-posts":[],"_links":{"self":[{"href":"http:\/\/www.ced.org.tr\/index.php?rest_route=\/wp\/v2\/posts\/3722","targetHints":{"allow":["GET"]}}],"collection":[{"href":"http:\/\/www.ced.org.tr\/index.php?rest_route=\/wp\/v2\/posts"}],"about":[{"href":"http:\/\/www.ced.org.tr\/index.php?rest_route=\/wp\/v2\/types\/post"}],"author":[{"embeddable":true,"href":"http:\/\/www.ced.org.tr\/index.php?rest_route=\/wp\/v2\/users\/1"}],"replies":[{"embeddable":true,"href":"http:\/\/www.ced.org.tr\/index.php?rest_route=%2Fwp%2Fv2%2Fcomments&post=3722"}],"version-history":[{"count":0,"href":"http:\/\/www.ced.org.tr\/index.php?rest_route=\/wp\/v2\/posts\/3722\/revisions"}],"wp:attachment":[{"href":"http:\/\/www.ced.org.tr\/index.php?rest_route=%2Fwp%2Fv2%2Fmedia&parent=3722"}],"wp:term":[{"taxonomy":"category","embeddable":true,"href":"http:\/\/www.ced.org.tr\/index.php?rest_route=%2Fwp%2Fv2%2Fcategories&post=3722"},{"taxonomy":"post_tag","embeddable":true,"href":"http:\/\/www.ced.org.tr\/index.php?rest_route=%2Fwp%2Fv2%2Ftags&post=3722"}],"curies":[{"name":"wp","href":"https:\/\/api.w.org\/{rel}","templated":true}]}}